{"id":26094,"date":"2026-04-29T14:06:10","date_gmt":"2026-04-29T18:06:10","guid":{"rendered":"https:\/\/ermdigital.com\/?p=26094"},"modified":"2026-04-29T14:06:10","modified_gmt":"2026-04-29T18:06:10","slug":"carlos-pena-se-presenta-a-la-fiscalia-para-responder-por-acusacion-de-difamacion-interpuesta-por-energia-2000","status":"publish","type":"post","link":"https:\/\/ermdigital.com\/?p=26094","title":{"rendered":"Carlos Pe\u00f1a se presenta a la Fiscal\u00eda para responder por acusaci\u00f3n de difamaci\u00f3n interpuesta por Energ\u00eda 2000"},"content":{"rendered":"<p><strong>Montecristi, RD.\u2013<\/strong> El pastor y dirigente pol\u00edtico <a href=\"https:\/\/deultimominuto.net\/nacionales\/energia-2000-presenta-denuncia-contra-pastor-carlos-pena-por-extorsion-y-chantaje\/\">Carlos Pe\u00f1a <\/a>se present\u00f3 ante la Fiscal\u00eda de Montecristi para responder a una querella por difamaci\u00f3n e injuria interpuesta por la empresa Energ\u00eda 2000, S.A.<\/p>\n<p>Tras la audiencia, el tambi\u00e9n presidente del partido Generaci\u00f3n de Servidores inform\u00f3 que el proceso fue aplazado hasta el viernes 5 de mayo, con el objetivo de que ambas partes completen documentaci\u00f3n requerida para una decisi\u00f3n fundamentada.<\/p>\n<h4 class=\"wp-block-heading\"><strong>Puedes leer:<a href=\"https:\/\/deultimominuto.net\/nacionales\/energia-2000-presenta-denuncia-contra-pastor-carlos-pena-por-extorsion-y-chantaje\/\"> Energ\u00eda 2000 presenta denuncia contra Pastor Carlos Pe\u00f1a por extorsi\u00f3n y chantaje<\/a><\/strong><\/h4>\n<p>Adem\u00e1s de los delitos se\u00f1alados, la empresa acusa a Pe\u00f1a de extorsi\u00f3n y chantaje, alegando que el 25 de marzo recibi\u00f3 una exigencia de pago a cambio de no divulgar informaciones que afectar\u00edan su proyecto energ\u00e9tico en la provincia.<\/p>\n<p>Seg\u00fan la querella, tras negarse a pagar, el dirigente habr\u00eda difundido en redes sociales videos cuestionando el financiamiento del proyecto y vinculando a uno de sus accionistas con presuntas irregularidades.<\/p>\n<p>\u200bMontecristi, RD.\u2013 El pastor y dirigente pol\u00edtico Carlos Pe\u00f1a se present\u00f3 ante la Fiscal\u00eda de Montecristi para responder a una querella por difamaci\u00f3n e injuria interpuesta por la empresa Energ\u00eda 2000, S.A. Tras la audiencia, el tambi\u00e9n presidente del partido Generaci\u00f3n de Servidores inform\u00f3 que el proceso fue aplazado hasta el viernes 5 de mayo,\u00a0\u00a0Nacionales, Carlos Pe\u00f1a, Energ\u00eda 2000\u00a0\u00a0<\/p>\n","protected":false},"excerpt":{"rendered":"<p>Montecristi, RD.\u2013 El pastor y dirigente pol\u00edtico Carlos Pe\u00f1a se present\u00f3 ante la Fiscal\u00eda de Montecristi para responder a una querella por difamaci\u00f3n e injuria interpuesta por la empresa Energ\u00eda 2000, S.A. Tras la audiencia, el tambi\u00e9n presidente del partido Generaci\u00f3n de Servidores inform\u00f3 que el proceso fue aplazado hasta el viernes 5 de mayo, [&hellip;]<\/p>\n","protected":false},"author":1,"featured_media":26095,"comment_status":"open","ping_status":"open","sticky":false,"template":"","format":"standard","meta":{"amp_status":"","footnotes":""},"categories":[3],"tags":[],"class_list":["post-26094","post","type-post","status-publish","format-standard","has-post-thumbnail","hentry","category-de-ultimo-minuto"],"_links":{"self":[{"href":"https:\/\/ermdigital.com\/index.php?rest_route=\/wp\/v2\/posts\/26094","targetHints":{"allow":["GET"]}}],"collection":[{"href":"https:\/\/ermdigital.com\/index.php?rest_route=\/wp\/v2\/posts"}],"about":[{"href":"https:\/\/ermdigital.com\/index.php?rest_route=\/wp\/v2\/types\/post"}],"author":[{"embeddable":true,"href":"https:\/\/ermdigital.com\/index.php?rest_route=\/wp\/v2\/users\/1"}],"replies":[{"embeddable":true,"href":"https:\/\/ermdigital.com\/index.php?rest_route=%2Fwp%2Fv2%2Fcomments&post=26094"}],"version-history":[{"count":0,"href":"https:\/\/ermdigital.com\/index.php?rest_route=\/wp\/v2\/posts\/26094\/revisions"}],"wp:featuredmedia":[{"embeddable":true,"href":"https:\/\/ermdigital.com\/index.php?rest_route=\/wp\/v2\/media\/26095"}],"wp:attachment":[{"href":"https:\/\/ermdigital.com\/index.php?rest_route=%2Fwp%2Fv2%2Fmedia&parent=26094"}],"wp:term":[{"taxonomy":"category","embeddable":true,"href":"https:\/\/ermdigital.com\/index.php?rest_route=%2Fwp%2Fv2%2Fcategories&post=26094"},{"taxonomy":"post_tag","embeddable":true,"href":"https:\/\/ermdigital.com\/index.php?rest_route=%2Fwp%2Fv2%2Ftags&post=26094"}],"curies":[{"name":"wp","href":"https:\/\/api.w.org\/{rel}","templated":true}]}}