{"id":26088,"date":"2026-04-29T13:38:27","date_gmt":"2026-04-29T17:38:27","guid":{"rendered":"https:\/\/ermdigital.com\/?p=26088"},"modified":"2026-04-29T13:38:27","modified_gmt":"2026-04-29T17:38:27","slug":"la-republica-dominicana-y-la-union-europea-firman-alianza-para-prevenir-con-ciencia-datos-y-reinsercion-social","status":"publish","type":"post","link":"https:\/\/ermdigital.com\/?p=26088","title":{"rendered":"La Rep\u00fablica Dominicana y la Uni\u00f3n Europea firman alianza para prevenir con ciencia, datos y reinserci\u00f3n social"},"content":{"rendered":"<p><span class=\"field field--name-title field--type-string field--label-hidden\">La Rep\u00fablica Dominicana y la Uni\u00f3n Europea firman alianza para prevenir con ciencia, datos y reinserci\u00f3n social <\/span><br \/>\n<span class=\"field field--name-uid field--type-entity-reference field--label-hidden\"><span>rosahenriquez<\/span><\/span><br \/>\n<span class=\"field field--name-created field--type-created field--label-hidden\"><time datetime=\"2026-04-29T13:38:27-04:00\" title=\"Mi\u00e9rcoles, Abril 29, 2026 - 13:38\" class=\"datetime\">29 de  Abril 2026 | 13:38<\/time><br \/>\n<\/span><\/p>\n<div class=\"clearfix text-formatted field field--name-body field--type-text-with-summary field--label-hidden field__item\">\n<div class=\"OutlineElement Ltr SCXW122007259 BCX0\">\n<p class=\"text-align-justify\"><span class=\"TextRun SCXW122007259 BCX0 NormalTextRun\" lang=\"ES-DO\">Punta <\/span><span class=\"TextRun SCXW122007259 BCX0 NormalTextRun ContextualSpellingAndGrammarErrorV2Themed\" lang=\"ES-DO\">Cana.-<\/span><span class=\"TextRun SCXW122007259 BCX0 NormalTextRun\" lang=\"ES-DO\"> <strong>El Consejo Nacional de Drogas<\/strong> (CND) de la Rep\u00fablica Dominicana suscribi\u00f3 un <strong>acuerdo de cooperaci\u00f3n interinstitucional<\/strong> con la Uni\u00f3n Europea en el marco del programa <\/span><span class=\"TextRun SCXW122007259 BCX0 NormalTextRun SpellingErrorV2Themed\" lang=\"ES-DO\"><strong>Copolad<\/strong><\/span><span class=\"TextRun SCXW122007259 BCX0 NormalTextRun\" lang=\"ES-DO\"><strong> III<\/strong>.<\/span><span class=\"EOP SCXW122007259 BCX0\">\u00a0<\/span><\/p>\n<\/div>\n<div class=\"OutlineElement Ltr SCXW122007259 BCX0\">\n<p class=\"text-align-justify\"><span class=\"TextRun SCXW122007259 BCX0 NormalTextRun\" lang=\"ES-DO\">La firma del acuerdo consolida una <strong>alianza estrat\u00e9gica<\/strong> que fortalecer\u00e1 las pol\u00edticas p\u00fablicas dominicanas en materia de drogas con <strong>respaldo t\u00e9cnico y financiero europeo.<\/strong><\/span><span class=\"EOP SCXW122007259 BCX0\">\u00a0<\/span><\/p>\n<\/div>\n<div class=\"OutlineElement Ltr SCXW122007259 BCX0\">\n<p class=\"text-align-justify\"><span class=\"TextRun SCXW122007259 BCX0 NormalTextRun\" lang=\"ES-DO\">El acto se celebr\u00f3 durante la <strong>IV Reuni\u00f3n Anual <\/strong><\/span><span class=\"TextRun SCXW122007259 BCX0 NormalTextRun SpellingErrorV2Themed\" lang=\"ES-DO\"><strong>Copolad<\/strong><\/span><span class=\"TextRun SCXW122007259 BCX0 NormalTextRun\" lang=\"ES-DO\"><strong> III: Pol\u00edticas de Drogas en un Contexto Cambiante<\/strong>, escenario que re\u00fane a m\u00e1s de <strong>170 <\/strong>especialistas y representantes de alto nivel de <strong>Am\u00e9rica Latina, el Caribe y Europa<\/strong>, procedentes de m\u00e1s de 60 pa\u00edses.<\/span><span class=\"EOP SCXW122007259 BCX0\">\u00a0<\/span><\/p>\n<\/div>\n<div class=\"OutlineElement Ltr SCXW122007259 BCX0\">\n<p class=\"text-align-justify\"><span class=\"TextRun SCXW122007259 BCX0 NormalTextRun\" lang=\"ES-DO\">El acuerdo fue suscrito por <strong>Alejandro de Jes\u00fas Abreu,<\/strong> presidente del CND, en calidad de copresidencia del mecanismo UE-CELAC, y <strong>Olivier <\/strong><\/span><span class=\"TextRun SCXW122007259 BCX0 NormalTextRun SpellingErrorV2Themed\" lang=\"ES-DO\"><strong>Luyckx<\/strong><\/span><span class=\"TextRun SCXW122007259 BCX0 NormalTextRun\" lang=\"ES-DO\">, jefe de Unidad de Programas Pa\u00eds para Am\u00e9rica Latina y el Caribe de la Direcci\u00f3n General de Asociaciones Internacionales de la Comisi\u00f3n Europea (DG INTPA), en representaci\u00f3n de la Uni\u00f3n Europea ante <\/span><span class=\"TextRun SCXW122007259 BCX0 NormalTextRun SpellingErrorV2Themed\" lang=\"ES-DO\">Copolad<\/span><span class=\"TextRun SCXW122007259 BCX0 NormalTextRun\" lang=\"ES-DO\"> III.<\/span><span class=\"EOP SCXW122007259 BCX0\">\u00a0<\/span><\/p>\n<\/div>\n<div class=\"OutlineElement Ltr SCXW122007259 BCX0\">\n<p class=\"text-align-justify\"><span class=\"TextRun SCXW122007259 BCX0 NormalTextRun\" lang=\"ES-DO\">Participaron en la ceremonia <strong>Joan Margarita Cedano<\/strong>, se\u00f1ora embajadora dominicana ante el Reino de B\u00e9lgica, el Gran Ducado de Luxemburgo y la Misi\u00f3n ante la UE; <strong>Carmen Rodr\u00edguez<\/strong>, esposa del presidente del Consejo, <strong>Nelson Santos<\/strong>, director de Relaciones Internacionales del CND; <strong>Luis Carlos Adames<\/strong>, director del Observatorio Dominicano; <strong>Mar\u00eda <\/strong><\/span><span class=\"TextRun SCXW122007259 BCX0 NormalTextRun SpellingErrorV2Themed\" lang=\"ES-DO\"><strong>Adiego<\/strong><\/span><span class=\"TextRun SCXW122007259 BCX0 NormalTextRun\" lang=\"ES-DO\"><strong> Gonz\u00e1lez<\/strong>, <\/span><span class=\"TextRun SCXW122007259 BCX0 NormalTextRun SpellingErrorV2Themed\" lang=\"ES-DO\">programme<\/span><span class=\"TextRun SCXW122007259 BCX0 NormalTextRun\" lang=\"ES-DO\"> <\/span><span class=\"TextRun SCXW122007259 BCX0 NormalTextRun AdvancedProofingIssueV2Themed\" lang=\"ES-DO\">manager<\/span><span class=\"TextRun SCXW122007259 BCX0 NormalTextRun\" lang=\"ES-DO\"> del programa <\/span><span class=\"TextRun SCXW122007259 BCX0 NormalTextRun SpellingErrorV2Themed\" lang=\"ES-DO\">Copolad<\/span><span class=\"TextRun SCXW122007259 BCX0 NormalTextRun\" lang=\"ES-DO\"> III en la Comisi\u00f3n Europea, y <strong>Gilda Francisco<\/strong>, coordinadora de Asuntos Multilaterales del CND.\u00a0<\/span><span class=\"EOP SCXW122007259 BCX0\">\u00a0<\/span><\/p>\n<\/div>\n<p><img decoding=\"async\" data-entity-uuid=\"ab2b99d0-563b-4757-a6f4-cb73f4858665\" data-entity-type=\"file\" src=\"https:\/\/www.presidencia.gob.do\/sites\/default\/files\/inline-images\/Dise%C3%B1o%20sin%20t%C3%ADtulo%20%2849%29.png\" width=\"1300\" height=\"730\" loading=\"lazy\">\n<\/p>\n<div class=\"OutlineElement Ltr SCXW122007259 BCX0\">\n<p class=\"text-align-justify\"><span class=\"TextRun SCXW122007259 BCX0 NormalTextRun\" lang=\"ES-DO\"><strong>El convenio<\/strong><\/span><span class=\"EOP SCXW122007259 BCX0\">\u00a0<\/span><\/p>\n<\/div>\n<div class=\"OutlineElement Ltr SCXW122007259 BCX0\">\n<p class=\"text-align-justify\"><span class=\"TextRun SCXW122007259 BCX0 NormalTextRun\" lang=\"ES-DO\">El acuerdo activa tres iniciativas:\u00a0<\/span><span class=\"EOP SCXW122007259 BCX0\">\u00a0<\/span><\/p>\n<\/div>\n<div class=\"OutlineElement Ltr SCXW122007259 BCX0\">\n<p class=\"text-align-justify\"><span class=\"TextRun SCXW122007259 BCX0 NormalTextRun\" lang=\"ES-DO\">Datos para decidir mejor. La primera es la preparaci\u00f3n, sistematizaci\u00f3n y difusi\u00f3n de la <strong>Encuesta Nacional sobre Consumo de Drogas en Estudiantes Universitarios<\/strong>, con el fin de generar informaci\u00f3n <strong>actualizada y confiable<\/strong> que oriente pol\u00edticas p\u00fablicas, intervenciones preventivas y estrategias institucionales basadas en evidencia.<\/span><span class=\"EOP SCXW122007259 BCX0\">\u00a0<\/span><\/p>\n<\/div>\n<div class=\"OutlineElement Ltr SCXW122007259 BCX0\">\n<p class=\"text-align-justify\"><span class=\"TextRun SCXW122007259 BCX0 NormalTextRun\" lang=\"ES-DO\">Una escuela para formar a quienes dise\u00f1an pol\u00edticas. La segunda iniciativa es el reforzamiento de la <strong>Escuela de Formaci\u00f3n en Pol\u00edticas de Drogas<\/strong>, la primera de su tipo en el pa\u00eds.<\/span><span class=\"EOP SCXW122007259 BCX0\">\u00a0<\/span><\/p>\n<\/div>\n<div class=\"OutlineElement Ltr SCXW122007259 BCX0\">\n<p class=\"text-align-justify\"><span class=\"TextRun SCXW122007259 BCX0 NormalTextRun\" lang=\"ES-DO\">\u00a0Proteger a los m\u00e1s vulnerables. La tercera desarrollara la estrategia <strong>\u201cAlas de Transformaci\u00f3n\u201d,<\/strong> para el fortalecimiento de redes de apoyo y la reducci\u00f3n de factores de riesgo en hijos e hijas de personas privadas de libertad, desde un enfoque de salud, derechos humanos y territorializaci\u00f3n.<\/span><span class=\"EOP SCXW122007259 BCX0\">\u00a0<\/span><\/p>\n<\/div>\n<div class=\"OutlineElement Ltr SCXW122007259 BCX0\">\n<p class=\"text-align-justify\"><span class=\"TextRun SCXW122007259 BCX0 NormalTextRun\" lang=\"ES-DO\">Esta experiencia se llevar\u00e1 a cabo en el <strong>Centro Penitenciario Ban\u00ed Mujeres, <\/strong>y servir\u00e1 de modelo de referencia para replicar en otros centros del pa\u00eds.<\/span><span class=\"EOP SCXW122007259 BCX0\">\u00a0<\/span><\/p>\n<\/div>\n<div class=\"OutlineElement Ltr SCXW122007259 BCX0\">\n<p class=\"text-align-justify\"><span class=\"TextRun SCXW122007259 BCX0 NormalTextRun\" lang=\"ES-DO\"><strong>Un paso que fortalece nuestro liderazgo en la regi\u00f3n<\/strong><\/span><span class=\"EOP SCXW122007259 BCX0\">\u00a0<\/span><\/p>\n<\/div>\n<div class=\"OutlineElement Ltr SCXW122007259 BCX0\">\n<p class=\"text-align-justify\"><span class=\"TextRun SCXW122007259 BCX0 NormalTextRun\" lang=\"ES-DO\">Con esta firma, la Rep\u00fablica Dominicana avanza en su <strong>liderazgo regional<\/strong> y su voluntad de enfrentar el fen\u00f3meno de las drogas con herramientas <strong>modernas, integrales y de probada eficacia<\/strong> internacional.<\/span><span class=\"EOP SCXW122007259 BCX0\">\u00a0<\/span><\/p>\n<\/div>\n<\/div>\n<div class=\"field field--name-field-image field--type-image field--label-hidden field__item\">  <img decoding=\"async\" loading=\"lazy\" src=\"https:\/\/www.presidencia.gob.do\/sites\/default\/files\/news\/2026-04\/Dise%C3%B1o%20sin%20t%C3%ADtulo%20%2850%29.png\" width=\"1300\" height=\"730\" alt=\"Acuerdo\"><\/p>\n<\/div>\n<p>\u00a0La Rep\u00fablica Dominicana y la Uni\u00f3n Europea firman alianza para prevenir con ciencia, datos y reinserci\u00f3n social<br \/>\nrosahenriquez<br \/>\n29 de  Abril 2026 | 13:38<\/p>\n<p>Punta Cana.- El Consejo Nacional de Drogas (CND) de la Rep\u00fablica Dominicana suscribi\u00f3 un acuerdo de cooperaci\u00f3n interinstitucional con la Uni\u00f3n Europea en el marco del programa Copolad III.\u00a0<\/p>\n<p>La firma del acuerdo consolida una alianza estrat\u00e9gica que fortalecer\u00e1 las pol\u00edticas p\u00fablicas dominicanas en materia de drogas con respaldo t\u00e9cnico y financiero europeo.\u00a0<\/p>\n<p>El acto se celebr\u00f3 durante la IV Reuni\u00f3n Anual Copolad III: Pol\u00edticas de Drogas en un Contexto Cambiante, escenario que re\u00fane a m\u00e1s de 170 especialistas y representantes de alto nivel de Am\u00e9rica Latina, el Caribe y Europa, procedentes de m\u00e1s de 60 pa\u00edses.\u00a0<\/p>\n<p>El acuerdo fue suscrito por Alejandro de Jes\u00fas Abreu, presidente del CND, en calidad de copresidencia del mecanismo UE-CELAC, y Olivier Luyckx, jefe de Unidad de Programas Pa\u00eds para Am\u00e9rica Latina y el Caribe de la Direcci\u00f3n General de Asociaciones Internacionales de la Comisi\u00f3n Europea (DG INTPA), en representaci\u00f3n de la Uni\u00f3n Europea ante Copolad III.\u00a0<\/p>\n<p>Participaron en la ceremonia Joan Margarita Cedano, se\u00f1ora embajadora dominicana ante el Reino de B\u00e9lgica, el Gran Ducado de Luxemburgo y la Misi\u00f3n ante la UE; Carmen Rodr\u00edguez, esposa del presidente del Consejo, Nelson Santos, director de Relaciones Internacionales del CND; Luis Carlos Adames, director del Observatorio Dominicano; Mar\u00eda Adiego Gonz\u00e1lez, programme manager del programa Copolad III en la Comisi\u00f3n Europea, y Gilda Francisco, coordinadora de Asuntos Multilaterales del CND.\u00a0\u00a0<\/p>\n<p>El convenio\u00a0<\/p>\n<p>El acuerdo activa tres iniciativas:\u00a0\u00a0<\/p>\n<p>Datos para decidir mejor. La primera es la preparaci\u00f3n, sistematizaci\u00f3n y difusi\u00f3n de la Encuesta Nacional sobre Consumo de Drogas en Estudiantes Universitarios, con el fin de generar informaci\u00f3n actualizada y confiable que oriente pol\u00edticas p\u00fablicas, intervenciones preventivas y estrategias institucionales basadas en evidencia.\u00a0<\/p>\n<p>Una escuela para formar a quienes dise\u00f1an pol\u00edticas. La segunda iniciativa es el reforzamiento de la Escuela de Formaci\u00f3n en Pol\u00edticas de Drogas, la primera de su tipo en el pa\u00eds.\u00a0<\/p>\n<p>\u00a0Proteger a los m\u00e1s vulnerables. La tercera desarrollara la estrategia \u201cAlas de Transformaci\u00f3n\u201d, para el fortalecimiento de redes de apoyo y la reducci\u00f3n de factores de riesgo en hijos e hijas de personas privadas de libertad, desde un enfoque de salud, derechos humanos y territorializaci\u00f3n.\u00a0<\/p>\n<p>Esta experiencia se llevar\u00e1 a cabo en el Centro Penitenciario Ban\u00ed Mujeres, y servir\u00e1 de modelo de referencia para replicar en otros centros del pa\u00eds.\u00a0<\/p>\n<p>Un paso que fortalece nuestro liderazgo en la regi\u00f3n\u00a0<\/p>\n<p>Con esta firma, la Rep\u00fablica Dominicana avanza en su liderazgo regional y su voluntad de enfrentar el fen\u00f3meno de las drogas con herramientas modernas, integrales y de probada eficacia internacional.\u00a0\u00a0\u00a0\u00a0<\/p>\n","protected":false},"excerpt":{"rendered":"<p>La Rep\u00fablica Dominicana y la Uni\u00f3n Europea firman alianza para prevenir con ciencia, datos y reinserci\u00f3n social rosahenriquez 29 de Abril 2026 | 13:38 Punta Cana.- El Consejo Nacional de Drogas (CND) de la Rep\u00fablica Dominicana suscribi\u00f3 un acuerdo de cooperaci\u00f3n interinstitucional con la Uni\u00f3n Europea en el marco del programa Copolad III.\u00a0 La firma [&hellip;]<\/p>\n","protected":false},"author":1,"featured_media":26089,"comment_status":"open","ping_status":"open","sticky":false,"template":"","format":"standard","meta":{"amp_status":"","footnotes":""},"categories":[8],"tags":[],"class_list":["post-26088","post","type-post","status-publish","format-standard","has-post-thumbnail","hentry","category-republica"],"_links":{"self":[{"href":"https:\/\/ermdigital.com\/index.php?rest_route=\/wp\/v2\/posts\/26088","targetHints":{"allow":["GET"]}}],"collection":[{"href":"https:\/\/ermdigital.com\/index.php?rest_route=\/wp\/v2\/posts"}],"about":[{"href":"https:\/\/ermdigital.com\/index.php?rest_route=\/wp\/v2\/types\/post"}],"author":[{"embeddable":true,"href":"https:\/\/ermdigital.com\/index.php?rest_route=\/wp\/v2\/users\/1"}],"replies":[{"embeddable":true,"href":"https:\/\/ermdigital.com\/index.php?rest_route=%2Fwp%2Fv2%2Fcomments&post=26088"}],"version-history":[{"count":0,"href":"https:\/\/ermdigital.com\/index.php?rest_route=\/wp\/v2\/posts\/26088\/revisions"}],"wp:featuredmedia":[{"embeddable":true,"href":"https:\/\/ermdigital.com\/index.php?rest_route=\/wp\/v2\/media\/26089"}],"wp:attachment":[{"href":"https:\/\/ermdigital.com\/index.php?rest_route=%2Fwp%2Fv2%2Fmedia&parent=26088"}],"wp:term":[{"taxonomy":"category","embeddable":true,"href":"https:\/\/ermdigital.com\/index.php?rest_route=%2Fwp%2Fv2%2Fcategories&post=26088"},{"taxonomy":"post_tag","embeddable":true,"href":"https:\/\/ermdigital.com\/index.php?rest_route=%2Fwp%2Fv2%2Ftags&post=26088"}],"curies":[{"name":"wp","href":"https:\/\/api.w.org\/{rel}","templated":true}]}}