{"id":26086,"date":"2026-04-29T13:49:09","date_gmt":"2026-04-29T17:49:09","guid":{"rendered":"https:\/\/ermdigital.com\/?p=26086"},"modified":"2026-04-29T13:49:09","modified_gmt":"2026-04-29T17:49:09","slug":"mirex-convoca-a-postulacion-para-la-8-a-edicion-del-premio-al-emigrante-dominicano-sr-oscar-de-la-renta","status":"publish","type":"post","link":"https:\/\/ermdigital.com\/?p=26086","title":{"rendered":"Mirex convoca a postulaci\u00f3n para la 8. \u00aa edici\u00f3n del Premio al Emigrante Dominicano Sr. Oscar de la Renta"},"content":{"rendered":"<p><span class=\"field field--name-title field--type-string field--label-hidden\">Mirex convoca a postulaci\u00f3n para la 8. \u00aa edici\u00f3n del Premio al Emigrante Dominicano Sr. Oscar de la Renta <\/span><br \/>\n<span class=\"field field--name-uid field--type-entity-reference field--label-hidden\"><span>rosahenriquez<\/span><\/span><br \/>\n<span class=\"field field--name-created field--type-created field--label-hidden\"><time datetime=\"2026-04-29T13:49:09-04:00\" title=\"Mi\u00e9rcoles, Abril 29, 2026 - 13:49\" class=\"datetime\">29 de  Abril 2026 | 13:49<\/time><br \/>\n<\/span><\/p>\n<div class=\"clearfix text-formatted field field--name-body field--type-text-with-summary field--label-hidden field__item\">\n<div class=\"OutlineElement Ltr SCXW238531445 BCX0\">\n<p class=\"text-align-justify\"><span class=\"TextRun SCXW238531445 BCX0 NormalTextRun\" lang=\"ES-DO\">Santo <\/span><span class=\"TextRun SCXW238531445 BCX0 NormalTextRun ContextualSpellingAndGrammarErrorV2Themed\" lang=\"ES-DO\">Domingo.\u2013<\/span><span class=\"TextRun SCXW238531445 BCX0 NormalTextRun\" lang=\"ES-DO\"> <strong>El Ministerio de Relaciones Exteriores<\/strong> (<\/span><span class=\"TextRun SCXW238531445 BCX0 NormalTextRun SpellingErrorV2Themed\" lang=\"ES-DO\">Mirex<\/span><span class=\"TextRun SCXW238531445 BCX0 NormalTextRun\" lang=\"ES-DO\">) dej\u00f3 abierta hoy, 29 de abril, la convocatoria para la postulaci\u00f3n de dominicanas y dominicanos<strong> residentes en el exterior <\/strong>a la 8. \u00aa edici\u00f3n del <strong>Premio al Emigrante Dominicano Sr. Oscar de la Renta<\/strong>, una premiaci\u00f3n que reconoce aquellos aportes que dejan <strong>huellas positivas<\/strong> en las comunidades donde se radican, as\u00ed como en Rep\u00fablica Dominicana.<\/span><span class=\"EOP SCXW238531445 BCX0\">\u00a0<\/span><\/p>\n<\/div>\n<div class=\"OutlineElement Ltr SCXW238531445 BCX0\">\n<p class=\"text-align-justify\"><span class=\"TextRun SCXW238531445 BCX0 NormalTextRun\" lang=\"ES-DO\">El <\/span><span class=\"TextRun SCXW238531445 BCX0 NormalTextRun SpellingErrorV2Themed\" lang=\"ES-DO\">Mirex<\/span><span class=\"TextRun SCXW238531445 BCX0 NormalTextRun\" lang=\"ES-DO\"> exhort\u00f3 a todas las personas o instituciones que conozcan perfiles para ser postulados a depositar sus propuestas de candidaturas en las <strong>embajadas y consulados dominicanos<\/strong>; en las oficinas del Instituto de Dominicanos y <\/span><span class=\"TextRun SCXW238531445 BCX0 NormalTextRun ContextualSpellingAndGrammarErrorV2Themed\" lang=\"ES-DO\">Dominicanas<\/span><span class=\"TextRun SCXW238531445 BCX0 NormalTextRun\" lang=\"ES-DO\"> en el Exterior (<\/span><span class=\"TextRun SCXW238531445 BCX0 NormalTextRun SpellingErrorV2Themed\" lang=\"ES-DO\">Index<\/span><span class=\"TextRun SCXW238531445 BCX0 NormalTextRun\" lang=\"ES-DO\">); asimismo, en la <strong>Direcci\u00f3n de Diplomacia Especializada,<\/strong> ubicada en la Canciller\u00eda.<\/span><span class=\"EOP SCXW238531445 BCX0\">\u00a0<\/span><\/p>\n<\/div>\n<div class=\"OutlineElement Ltr SCXW238531445 BCX0\">\n<p class=\"text-align-justify\"><span class=\"TextRun SCXW238531445 BCX0 NormalTextRun\" lang=\"ES-DO\">El plazo de presentaci\u00f3n de las propuestas finalizar\u00e1 el pr\u00f3ximo <strong>11 de septiembre de 2026<\/strong>, por lo cual, el <\/span><span class=\"TextRun SCXW238531445 BCX0 NormalTextRun SpellingErrorV2Themed\" lang=\"ES-DO\">Mirex<\/span><span class=\"TextRun SCXW238531445 BCX0 NormalTextRun\" lang=\"ES-DO\"> hace un llamado a las distintas entidades <strong>acad\u00e9micas, religiosas y empresariales<\/strong>; organizaciones de la sociedad <strong>civil, sociales y personas individuales,<\/strong> a que postulen a emigrantes que cuenten con m\u00e9ritos para optar por dicho Premio.\u00a0<\/span><span class=\"EOP SCXW238531445 BCX0\">\u00a0<\/span><\/p>\n<\/div>\n<div class=\"OutlineElement Ltr SCXW238531445 BCX0\">\n<p class=\"text-align-justify\"><span class=\"TextRun SCXW238531445 BCX0 NormalTextRun\" lang=\"ES-DO\">Cada a\u00f1o, el <\/span><span class=\"TextRun SCXW238531445 BCX0 NormalTextRun SpellingErrorV2Themed\" lang=\"ES-DO\">Mirex<\/span><span class=\"TextRun SCXW238531445 BCX0 NormalTextRun\" lang=\"ES-DO\"> entrega el Premio al Emigrante Dominicano Sr. Oscar de la Renta, <strong>la m\u00e1s importante premiaci\u00f3n del Estado<\/strong> a las dominicanas y dominicanos y sus descendientes de primera y segunda generaci\u00f3n, que tienen una trayectoria destacada en el exterior en el \u00e1rea <strong>cient\u00edfica, art\u00edstica, humanista, laboral, profesional y acad\u00e9mica<\/strong>, contribuyendo positivamente a la comunidad donde residen, manteniendo sus v\u00ednculos con el pa\u00eds.<\/span><span class=\"EOP SCXW238531445 BCX0\">\u00a0<\/span><\/p>\n<\/div>\n<div class=\"OutlineElement Ltr SCXW238531445 BCX0\">\n<p class=\"text-align-justify\"><span class=\"TextRun SCXW238531445 BCX0 NormalTextRun\" lang=\"ES-DO\">Este galard\u00f3n est\u00e1 inspirado en la trayectoria de vida de un dominicano ejemplar, <strong>el Sr. Oscar de la Renta<\/strong>, quien logr\u00f3 <strong>admiraci\u00f3n, cari\u00f1o y respeto internacional<\/strong>, convirti\u00e9ndose en uno de los dominicanos <strong>de mayor renombre<\/strong> a nivel mundial y un ejemplo de marca pa\u00eds.<\/span><span class=\"EOP SCXW238531445 BCX0\">\u00a0<\/span><\/p>\n<\/div>\n<div class=\"OutlineElement Ltr SCXW238531445 BCX0\">\n<p class=\"text-align-justify\"><span class=\"TextRun SCXW238531445 BCX0 NormalTextRun\" lang=\"ES-DO\">Para m\u00e1s informaci\u00f3n sobre las bases de la premiaci\u00f3n, la Canciller\u00eda tiene a la disposici\u00f3n el portal web www.premioemigrantedominicano.gob.do y los tel\u00e9fonos, en oficina 1-809-987-7001 (ext. 7761, 7769, 7427, 7190), y en WhatsApp 1-829-257-4258.<\/span><span class=\"EOP SCXW238531445 BCX0\">\u00a0<\/span><\/p>\n<\/div>\n<\/div>\n<div class=\"field field--name-field-image field--type-image field--label-hidden field__item\">  <img decoding=\"async\" loading=\"lazy\" src=\"https:\/\/www.presidencia.gob.do\/sites\/default\/files\/news\/2026-04\/Mirex.png\" width=\"1300\" height=\"731\" alt=\"MIREX\"><\/p>\n<\/div>\n<p>\u00a0Mirex convoca a postulaci\u00f3n para la 8. \u00aa edici\u00f3n del Premio al Emigrante Dominicano Sr. Oscar de la Renta<br \/>\nrosahenriquez<br \/>\n29 de  Abril 2026 | 13:49<\/p>\n<p>Santo Domingo.\u2013 El Ministerio de Relaciones Exteriores (Mirex) dej\u00f3 abierta hoy, 29 de abril, la convocatoria para la postulaci\u00f3n de dominicanas y dominicanos residentes en el exterior a la 8. \u00aa edici\u00f3n del Premio al Emigrante Dominicano Sr. Oscar de la Renta, una premiaci\u00f3n que reconoce aquellos aportes que dejan huellas positivas en las comunidades donde se radican, as\u00ed como en Rep\u00fablica Dominicana.\u00a0<\/p>\n<p>El Mirex exhort\u00f3 a todas las personas o instituciones que conozcan perfiles para ser postulados a depositar sus propuestas de candidaturas en las embajadas y consulados dominicanos; en las oficinas del Instituto de Dominicanos y Dominicanas en el Exterior (Index); asimismo, en la Direcci\u00f3n de Diplomacia Especializada, ubicada en la Canciller\u00eda.\u00a0<\/p>\n<p>El plazo de presentaci\u00f3n de las propuestas finalizar\u00e1 el pr\u00f3ximo 11 de septiembre de 2026, por lo cual, el Mirex hace un llamado a las distintas entidades acad\u00e9micas, religiosas y empresariales; organizaciones de la sociedad civil, sociales y personas individuales, a que postulen a emigrantes que cuenten con m\u00e9ritos para optar por dicho Premio.\u00a0\u00a0<\/p>\n<p>Cada a\u00f1o, el Mirex entrega el Premio al Emigrante Dominicano Sr. Oscar de la Renta, la m\u00e1s importante premiaci\u00f3n del Estado a las dominicanas y dominicanos y sus descendientes de primera y segunda generaci\u00f3n, que tienen una trayectoria destacada en el exterior en el \u00e1rea cient\u00edfica, art\u00edstica, humanista, laboral, profesional y acad\u00e9mica, contribuyendo positivamente a la comunidad donde residen, manteniendo sus v\u00ednculos con el pa\u00eds.\u00a0<\/p>\n<p>Este galard\u00f3n est\u00e1 inspirado en la trayectoria de vida de un dominicano ejemplar, el Sr. Oscar de la Renta, quien logr\u00f3 admiraci\u00f3n, cari\u00f1o y respeto internacional, convirti\u00e9ndose en uno de los dominicanos de mayor renombre a nivel mundial y un ejemplo de marca pa\u00eds.\u00a0<\/p>\n<p>Para m\u00e1s informaci\u00f3n sobre las bases de la premiaci\u00f3n, la Canciller\u00eda tiene a la disposici\u00f3n el portal web www.premioemigrantedominicano.gob.do y los tel\u00e9fonos, en oficina 1-809-987-7001 (ext. 7761, 7769, 7427, 7190), y en WhatsApp 1-829-257-4258.\u00a0\u00a0\u00a0\u00a0<\/p>\n","protected":false},"excerpt":{"rendered":"<p>Mirex convoca a postulaci\u00f3n para la 8. \u00aa edici\u00f3n del Premio al Emigrante Dominicano Sr. Oscar de la Renta rosahenriquez 29 de Abril 2026 | 13:49 Santo Domingo.\u2013 El Ministerio de Relaciones Exteriores (Mirex) dej\u00f3 abierta hoy, 29 de abril, la convocatoria para la postulaci\u00f3n de dominicanas y dominicanos residentes en el exterior a la [&hellip;]<\/p>\n","protected":false},"author":1,"featured_media":26087,"comment_status":"open","ping_status":"open","sticky":false,"template":"","format":"standard","meta":{"amp_status":"","footnotes":""},"categories":[8],"tags":[],"class_list":["post-26086","post","type-post","status-publish","format-standard","has-post-thumbnail","hentry","category-republica"],"_links":{"self":[{"href":"https:\/\/ermdigital.com\/index.php?rest_route=\/wp\/v2\/posts\/26086","targetHints":{"allow":["GET"]}}],"collection":[{"href":"https:\/\/ermdigital.com\/index.php?rest_route=\/wp\/v2\/posts"}],"about":[{"href":"https:\/\/ermdigital.com\/index.php?rest_route=\/wp\/v2\/types\/post"}],"author":[{"embeddable":true,"href":"https:\/\/ermdigital.com\/index.php?rest_route=\/wp\/v2\/users\/1"}],"replies":[{"embeddable":true,"href":"https:\/\/ermdigital.com\/index.php?rest_route=%2Fwp%2Fv2%2Fcomments&post=26086"}],"version-history":[{"count":0,"href":"https:\/\/ermdigital.com\/index.php?rest_route=\/wp\/v2\/posts\/26086\/revisions"}],"wp:featuredmedia":[{"embeddable":true,"href":"https:\/\/ermdigital.com\/index.php?rest_route=\/wp\/v2\/media\/26087"}],"wp:attachment":[{"href":"https:\/\/ermdigital.com\/index.php?rest_route=%2Fwp%2Fv2%2Fmedia&parent=26086"}],"wp:term":[{"taxonomy":"category","embeddable":true,"href":"https:\/\/ermdigital.com\/index.php?rest_route=%2Fwp%2Fv2%2Fcategories&post=26086"},{"taxonomy":"post_tag","embeddable":true,"href":"https:\/\/ermdigital.com\/index.php?rest_route=%2Fwp%2Fv2%2Ftags&post=26086"}],"curies":[{"name":"wp","href":"https:\/\/api.w.org\/{rel}","templated":true}]}}