{"id":26084,"date":"2026-04-29T14:02:19","date_gmt":"2026-04-29T18:02:19","guid":{"rendered":"https:\/\/ermdigital.com\/?p=26084"},"modified":"2026-04-29T14:02:19","modified_gmt":"2026-04-29T18:02:19","slug":"la-republica-dominicana-llevara-a-la-onu-su-nuevo-compromiso-climatico-para-2025-2030","status":"publish","type":"post","link":"https:\/\/ermdigital.com\/?p=26084","title":{"rendered":"La Rep\u00fablica Dominicana llevar\u00e1 a la ONU su nuevo compromiso clim\u00e1tico para 2025-2030\u00a0"},"content":{"rendered":"<p><span class=\"field field--name-title field--type-string field--label-hidden\">La Rep\u00fablica Dominicana llevar\u00e1 a la ONU su nuevo compromiso clim\u00e1tico para 2025-2030\u00a0 <\/span><br \/>\n<span class=\"field field--name-uid field--type-entity-reference field--label-hidden\"><span>rosahenriquez<\/span><\/span><br \/>\n<span class=\"field field--name-created field--type-created field--label-hidden\"><time datetime=\"2026-04-29T14:02:19-04:00\" title=\"Mi\u00e9rcoles, Abril 29, 2026 - 14:02\" class=\"datetime\">29 de  Abril 2026 | 14:02<\/time><br \/>\n<\/span><\/p>\n<div class=\"clearfix text-formatted field field--name-body field--type-text-with-summary field--label-hidden field__item\">\n<div class=\"OutlineElement Ltr SCXW112899220 BCX0\">\n<p class=\"text-align-justify\"><span class=\"TextRun SCXW112899220 BCX0 NormalTextRun\" lang=\"ES-DO\">Santo <\/span><span class=\"TextRun SCXW112899220 BCX0 NormalTextRun ContextualSpellingAndGrammarErrorV2Themed\" lang=\"ES-DO\">Domingo.\u2013<\/span><span class=\"TextRun SCXW112899220 BCX0 NormalTextRun\" lang=\"ES-DO\"> La Rep\u00fablica Dominicana ya est\u00e1 lista para presentar ante la <strong>Convenci\u00f3n Marco de las Naciones Unidas sobre el Cambio Clim\u00e1tico<\/strong> (CMNUCC) su nueva <strong>Contribuci\u00f3n Nacionalmente Determinada, NDC 3.0<\/strong>, la cual presenta nuevos compromisos de <strong>reducci\u00f3n de emisiones<\/strong> y, especialmente, de adaptaci\u00f3n a los efectos del cambio clim\u00e1tico en el pa\u00eds, de cara al <strong>a\u00f1o 2030.<\/strong><\/span><span class=\"EOP SCXW112899220 BCX0\">\u00a0<\/span><\/p>\n<\/div>\n<div class=\"OutlineElement Ltr SCXW112899220 BCX0\">\n<p class=\"text-align-justify\"><span class=\"TextRun SCXW112899220 BCX0 NormalTextRun\" lang=\"ES-DO\">El Comit\u00e9 T\u00e9cnico, junto con el equipo de consultores que elabor\u00f3 la <strong>NDC3.0<\/strong>, hizo entrega de la versi\u00f3n final del documento para su <strong>diagramaci\u00f3n y presentaci\u00f3n<\/strong> al pa\u00eds en las pr\u00f3ximas semanas.<\/span><span class=\"EOP SCXW112899220 BCX0\">\u00a0<\/span><\/p>\n<\/div>\n<div class=\"OutlineElement Ltr SCXW112899220 BCX0\">\n<p class=\"text-align-justify\"><span class=\"TextRun SCXW112899220 BCX0 NormalTextRun\" lang=\"ES-DO\">La nueva <strong>NDC de Rep\u00fablica Dominicana<\/strong> aumenta a <strong>28 %<\/strong> la meta de reducci\u00f3n de emisiones del pa\u00eds en un escenario tendencial proyectado al a\u00f1o 2030, teniendo como l\u00ednea base las emisiones nacionales del a\u00f1o 2022. S\u00f3lo el <strong>19.5 %<\/strong> de la reducci\u00f3n de emisiones estar\u00e1 condicionada al financiamiento internacional mientras que el <strong>8.5 %<\/strong> ser\u00e1 financiado con recursos nacionales del <strong>sector p\u00fablico y el sector privado.<\/strong><\/span><span class=\"EOP SCXW112899220 BCX0\">\u00a0<\/span><\/p>\n<\/div>\n<div class=\"OutlineElement Ltr SCXW112899220 BCX0\">\n<p class=\"text-align-justify\"><span class=\"TextRun SCXW112899220 BCX0 NormalTextRun\" lang=\"ES-DO\">Adem\u00e1s, establece diversas medidas de adaptaci\u00f3n que no s\u00f3lo incluyen a los planes de adaptaci\u00f3n sectoriales de <strong>medio ambiente, salud y emergencias<\/strong> y establece nuevas medidas para el sector de <strong>la ni\u00f1ez y la primera infancia<\/strong>.<\/span><span class=\"EOP SCXW112899220 BCX0\">\u00a0<\/span><\/p>\n<\/div>\n<p><img decoding=\"async\" data-entity-uuid=\"39681b38-835b-4fbe-9ff8-9fb466de1dcc\" data-entity-type=\"file\" src=\"https:\/\/www.presidencia.gob.do\/sites\/default\/files\/inline-images\/Dise%C3%B1o%20sin%20t%C3%ADtulo%20%2854%29.png\" width=\"1300\" height=\"730\" loading=\"lazy\">\n<\/p>\n<div class=\"OutlineElement Ltr SCXW112899220 BCX0\">\n<p class=\"text-align-justify\"><span class=\"TextRun SCXW112899220 BCX0 NormalTextRun\" lang=\"ES-DO\">El vicepresidente ejecutivo del Consejo Nacional para el Cambio Clim\u00e1tico y Mercado de Carbono (CNCCMC), <strong>Max Puig<\/strong>, junto con la viceministra de Cambio Clim\u00e1tico y Sostenibilidad del Ministerio de Medio Ambiente y Recursos Naturales (<\/span><span class=\"TextRun SCXW112899220 BCX0 NormalTextRun SpellingErrorV2Themed\" lang=\"ES-DO\">Mimarena<\/span><span class=\"TextRun SCXW112899220 BCX0 NormalTextRun\" lang=\"ES-DO\">), <strong>Ana Pimentel<\/strong>, y el viceministro de Planificaci\u00f3n e Inversi\u00f3n P\u00fablica del Ministerio de Hacienda y Econom\u00eda, <strong>Mart\u00edn Francos<\/strong>, recibieron oficialmente el documento para preparar su lanzamiento oficial.<\/span><span class=\"EOP SCXW112899220 BCX0\">\u00a0<\/span><\/p>\n<\/div>\n<div class=\"OutlineElement Ltr SCXW112899220 BCX0\">\n<p class=\"text-align-justify\"><span class=\"TextRun SCXW112899220 BCX0 NormalTextRun\" lang=\"ES-DO\">La entrega fue encabezada por la directora t\u00e9cnica del CNCCMC y vicepresidenta de la COP30, <strong>Sara Gonz\u00e1lez Troncoso<\/strong>; la directora de Mitigaci\u00f3n y Adaptaci\u00f3n al Cambio Clim\u00e1tico de <\/span><span class=\"TextRun SCXW112899220 BCX0 NormalTextRun SpellingErrorV2Themed\" lang=\"ES-DO\">Mimarena<\/span><span class=\"TextRun SCXW112899220 BCX0 NormalTextRun\" lang=\"ES-DO\">, <strong>Gabriela M\u00e1rquez<\/strong>, y la directora de An\u00e1lisis y Regulaci\u00f3n Tributaria del Ministerio de Hacienda y Econom\u00eda, <strong>Mariam Ortiz.<\/strong><\/span><span class=\"EOP SCXW112899220 BCX0\">\u00a0<\/span><\/p>\n<\/div>\n<div class=\"OutlineElement Ltr SCXW112899220 BCX0\">\n<p class=\"text-align-justify\"><span class=\"TextRun SCXW112899220 BCX0 NormalTextRun\" lang=\"ES-DO\">Mientras que, por el equipo de consultores, la presentaci\u00f3n estuvo a cargo de <strong>Laura <\/strong><\/span><span class=\"TextRun SCXW112899220 BCX0 NormalTextRun SpellingErrorV2Themed\" lang=\"ES-DO\"><strong>Rathe<\/strong><\/span><span class=\"TextRun SCXW112899220 BCX0 NormalTextRun\" lang=\"ES-DO\"><strong>, El\u00edas <\/strong><\/span><span class=\"TextRun SCXW112899220 BCX0 NormalTextRun SpellingErrorV2Themed\" lang=\"ES-DO\"><strong>Dinzey<\/strong><\/span><span class=\"TextRun SCXW112899220 BCX0 NormalTextRun\" lang=\"ES-DO\"><strong>, Nelly Cuello e Iv\u00e1n <\/strong><\/span><span class=\"TextRun SCXW112899220 BCX0 NormalTextRun SpellingErrorV2Themed\" lang=\"ES-DO\"><strong>Relova<\/strong><\/span><span class=\"TextRun SCXW112899220 BCX0 NormalTextRun\" lang=\"ES-DO\">, quienes expusieron no s\u00f3lo la metodolog\u00eda de amplias consultas con los sectores <strong>p\u00fablico, privado, acad\u00e9mico y comunitario<\/strong>, sino que resaltaron el compromiso de todos los actores involucrados en la formulaci\u00f3n de las nuevas metas clim\u00e1ticas nacionales.<\/span><span class=\"EOP SCXW112899220 BCX0\">\u00a0<\/span><\/p>\n<\/div>\n<div class=\"OutlineElement Ltr SCXW112899220 BCX0\">\n<p class=\"text-align-justify\"><span class=\"TextRun SCXW112899220 BCX0 NormalTextRun\" lang=\"ES-DO\">Las Contribuciones Nacionalmente Determinadas son el instrumento de planificaci\u00f3n nacional que presenta el compromiso de los pa\u00edses firmantes del <strong>Acuerdo de Par\u00eds<\/strong> en 2015. La primera NDC de Rep\u00fablica Dominicana fue presentada en el a\u00f1o <strong>2017<\/strong> y, aunque conten\u00eda datos de gran calidad, era un documento indicativo que apenas se pudo laborar en un breve <\/span><span class=\"TextRun SCXW112899220 BCX0 NormalTextRun AdvancedProofingIssueV2Themed\" lang=\"ES-DO\">lapso de tiempo<\/span><span class=\"TextRun SCXW112899220 BCX0 NormalTextRun\" lang=\"ES-DO\">.<\/span><span class=\"EOP SCXW112899220 BCX0\">\u00a0<\/span><\/p>\n<\/div>\n<div class=\"OutlineElement Ltr SCXW112899220 BCX0\">\n<p class=\"text-align-justify\"><span class=\"TextRun SCXW112899220 BCX0 NormalTextRun\" lang=\"ES-DO\">En 2020 se present\u00f3 la <strong>NDC-RD2020<\/strong>, documento que aumentaba la ambici\u00f3n nacional de cara al a\u00f1o 2030 y, por primera vez, establec\u00eda <strong>compromisos de mitigaci\u00f3n<\/strong> de emisiones de gases de efecto invernadero que no estaban condicionados al <strong>financiamiento internacional.<\/strong><\/span><span class=\"EOP SCXW112899220 BCX0\">\u00a0<\/span><\/p>\n<\/div>\n<\/div>\n<div class=\"field field--name-field-image field--type-image field--label-hidden field__item\">  <img decoding=\"async\" loading=\"lazy\" src=\"https:\/\/www.presidencia.gob.do\/sites\/default\/files\/news\/2026-04\/Dise%C3%B1o%20sin%20t%C3%ADtulo%20%2853%29.png\" width=\"1300\" height=\"730\" alt=\"Cambio clim\u00e1tico\"><\/p>\n<\/div>\n<p>\u00a0La Rep\u00fablica Dominicana llevar\u00e1 a la ONU su nuevo compromiso clim\u00e1tico para 2025-2030\u00a0<br \/>\nrosahenriquez<br \/>\n29 de  Abril 2026 | 14:02<\/p>\n<p>Santo Domingo.\u2013 La Rep\u00fablica Dominicana ya est\u00e1 lista para presentar ante la Convenci\u00f3n Marco de las Naciones Unidas sobre el Cambio Clim\u00e1tico (CMNUCC) su nueva Contribuci\u00f3n Nacionalmente Determinada, NDC 3.0, la cual presenta nuevos compromisos de reducci\u00f3n de emisiones y, especialmente, de adaptaci\u00f3n a los efectos del cambio clim\u00e1tico en el pa\u00eds, de cara al a\u00f1o 2030.\u00a0<\/p>\n<p>El Comit\u00e9 T\u00e9cnico, junto con el equipo de consultores que elabor\u00f3 la NDC3.0, hizo entrega de la versi\u00f3n final del documento para su diagramaci\u00f3n y presentaci\u00f3n al pa\u00eds en las pr\u00f3ximas semanas.\u00a0<\/p>\n<p>La nueva NDC de Rep\u00fablica Dominicana aumenta a 28 % la meta de reducci\u00f3n de emisiones del pa\u00eds en un escenario tendencial proyectado al a\u00f1o 2030, teniendo como l\u00ednea base las emisiones nacionales del a\u00f1o 2022. S\u00f3lo el 19.5 % de la reducci\u00f3n de emisiones estar\u00e1 condicionada al financiamiento internacional mientras que el 8.5 % ser\u00e1 financiado con recursos nacionales del sector p\u00fablico y el sector privado.\u00a0<\/p>\n<p>Adem\u00e1s, establece diversas medidas de adaptaci\u00f3n que no s\u00f3lo incluyen a los planes de adaptaci\u00f3n sectoriales de medio ambiente, salud y emergencias y establece nuevas medidas para el sector de la ni\u00f1ez y la primera infancia.\u00a0<\/p>\n<p>El vicepresidente ejecutivo del Consejo Nacional para el Cambio Clim\u00e1tico y Mercado de Carbono (CNCCMC), Max Puig, junto con la viceministra de Cambio Clim\u00e1tico y Sostenibilidad del Ministerio de Medio Ambiente y Recursos Naturales (Mimarena), Ana Pimentel, y el viceministro de Planificaci\u00f3n e Inversi\u00f3n P\u00fablica del Ministerio de Hacienda y Econom\u00eda, Mart\u00edn Francos, recibieron oficialmente el documento para preparar su lanzamiento oficial.\u00a0<\/p>\n<p>La entrega fue encabezada por la directora t\u00e9cnica del CNCCMC y vicepresidenta de la COP30, Sara Gonz\u00e1lez Troncoso; la directora de Mitigaci\u00f3n y Adaptaci\u00f3n al Cambio Clim\u00e1tico de Mimarena, Gabriela M\u00e1rquez, y la directora de An\u00e1lisis y Regulaci\u00f3n Tributaria del Ministerio de Hacienda y Econom\u00eda, Mariam Ortiz.\u00a0<\/p>\n<p>Mientras que, por el equipo de consultores, la presentaci\u00f3n estuvo a cargo de Laura Rathe, El\u00edas Dinzey, Nelly Cuello e Iv\u00e1n Relova, quienes expusieron no s\u00f3lo la metodolog\u00eda de amplias consultas con los sectores p\u00fablico, privado, acad\u00e9mico y comunitario, sino que resaltaron el compromiso de todos los actores involucrados en la formulaci\u00f3n de las nuevas metas clim\u00e1ticas nacionales.\u00a0<\/p>\n<p>Las Contribuciones Nacionalmente Determinadas son el instrumento de planificaci\u00f3n nacional que presenta el compromiso de los pa\u00edses firmantes del Acuerdo de Par\u00eds en 2015. La primera NDC de Rep\u00fablica Dominicana fue presentada en el a\u00f1o 2017 y, aunque conten\u00eda datos de gran calidad, era un documento indicativo que apenas se pudo laborar en un breve lapso de tiempo.\u00a0<\/p>\n<p>En 2020 se present\u00f3 la NDC-RD2020, documento que aumentaba la ambici\u00f3n nacional de cara al a\u00f1o 2030 y, por primera vez, establec\u00eda compromisos de mitigaci\u00f3n de emisiones de gases de efecto invernadero que no estaban condicionados al financiamiento internacional.\u00a0\u00a0\u00a0\u00a0<\/p>\n","protected":false},"excerpt":{"rendered":"<p>La Rep\u00fablica Dominicana llevar\u00e1 a la ONU su nuevo compromiso clim\u00e1tico para 2025-2030\u00a0 rosahenriquez 29 de Abril 2026 | 14:02 Santo Domingo.\u2013 La Rep\u00fablica Dominicana ya est\u00e1 lista para presentar ante la Convenci\u00f3n Marco de las Naciones Unidas sobre el Cambio Clim\u00e1tico (CMNUCC) su nueva Contribuci\u00f3n Nacionalmente Determinada, NDC 3.0, la cual presenta nuevos compromisos [&hellip;]<\/p>\n","protected":false},"author":1,"featured_media":26085,"comment_status":"open","ping_status":"open","sticky":false,"template":"","format":"standard","meta":{"amp_status":"","footnotes":""},"categories":[8],"tags":[],"class_list":["post-26084","post","type-post","status-publish","format-standard","has-post-thumbnail","hentry","category-republica"],"_links":{"self":[{"href":"https:\/\/ermdigital.com\/index.php?rest_route=\/wp\/v2\/posts\/26084","targetHints":{"allow":["GET"]}}],"collection":[{"href":"https:\/\/ermdigital.com\/index.php?rest_route=\/wp\/v2\/posts"}],"about":[{"href":"https:\/\/ermdigital.com\/index.php?rest_route=\/wp\/v2\/types\/post"}],"author":[{"embeddable":true,"href":"https:\/\/ermdigital.com\/index.php?rest_route=\/wp\/v2\/users\/1"}],"replies":[{"embeddable":true,"href":"https:\/\/ermdigital.com\/index.php?rest_route=%2Fwp%2Fv2%2Fcomments&post=26084"}],"version-history":[{"count":0,"href":"https:\/\/ermdigital.com\/index.php?rest_route=\/wp\/v2\/posts\/26084\/revisions"}],"wp:featuredmedia":[{"embeddable":true,"href":"https:\/\/ermdigital.com\/index.php?rest_route=\/wp\/v2\/media\/26085"}],"wp:attachment":[{"href":"https:\/\/ermdigital.com\/index.php?rest_route=%2Fwp%2Fv2%2Fmedia&parent=26084"}],"wp:term":[{"taxonomy":"category","embeddable":true,"href":"https:\/\/ermdigital.com\/index.php?rest_route=%2Fwp%2Fv2%2Fcategories&post=26084"},{"taxonomy":"post_tag","embeddable":true,"href":"https:\/\/ermdigital.com\/index.php?rest_route=%2Fwp%2Fv2%2Ftags&post=26084"}],"curies":[{"name":"wp","href":"https:\/\/api.w.org\/{rel}","templated":true}]}}