{"id":26072,"date":"2026-04-29T12:26:39","date_gmt":"2026-04-29T16:26:39","guid":{"rendered":"https:\/\/ermdigital.com\/?p=26072"},"modified":"2026-04-29T12:26:39","modified_gmt":"2026-04-29T16:26:39","slug":"asocivu-cambio-del-plan-piloto-afecta-ventas-y-procesos-de-traspaso","status":"publish","type":"post","link":"https:\/\/ermdigital.com\/?p=26072","title":{"rendered":"ASOCIVU: cambio del Plan Piloto afecta ventas y procesos de traspaso"},"content":{"rendered":"<p><strong>Santo Domingo.\u2014<\/strong> La Asociaci\u00f3n de Importadores de Veh\u00edculos Usados (ASOCIVU) expres\u00f3 su rechazo al traslado de la oficina del Plan Piloto ahora Centro de Retenci\u00f3n de Veh\u00edculos desde el sector Honduras hasta el kil\u00f3metro 22 de la autopista Duarte, calificando la decisi\u00f3n como \u201cimprovisada, desconsiderada y perjudicial\u201d para el sector y la ciudadan\u00eda.<\/p>\n<p>El presidente de ASOCIVU, Aramis Mella, afirm\u00f3 que el traslado ha generado dificultades operativas y econ\u00f3micas para el sector, afectando directamente el desenvolvimiento de las actividades comerciales.<\/p>\n<p>En esa misma l\u00ednea, representantes del sector explicaron que la medida se ejecut\u00f3 sin previo aviso ni consulta con los actores involucrados, pese a que el sistema anterior llevaba m\u00e1s de 40 a\u00f1os funcionando de manera regular. \u201cTenemos una queja general por la forma en que se hizo el cambio, sin ning\u00fan tipo de premeditaci\u00f3n. Fue de golpe y porrazo, cerraron Honduras y nos trasladaron aqu\u00ed, donde todo ha sido un caos\u201d, denunciaron.<\/p>\n<h4 class=\"wp-block-heading\"><strong>Puedes leer: <a href=\"https:\/\/deultimominuto.net\/nacionales\/asocivu-deposita-acciones-judiciales-para-que-se-anule-decreto-420-23\/\">ASOCIVU deposita acciones judiciales para que se anule Decreto 420-23<\/a><\/strong><\/h4>\n<p>El gremio indic\u00f3 que la nueva ubicaci\u00f3n no cuenta con las condiciones log\u00edsticas necesarias, lo que ha provocado retrasos significativos en los procesos. Seg\u00fan detallaron, actualmente los importadores deben esperar entre 15 y 20 d\u00edas para obtener una cita que permita la inspecci\u00f3n y certificaci\u00f3n de los veh\u00edculos, requisito indispensable para completar traspasos y transacciones bancarias.<\/p>\n<p>Asimismo, se\u00f1alaron que muchos clientes se reh\u00fasan a trasladarse hasta la Circunvalaci\u00f3n debido a los costos adicionales de transporte, combustible y tiempo, lo que ha impactado directamente las ventas. \u201cNuestros negocios se est\u00e1n viendo afectados. Esto es una traba comercial en un momento en que muchas empresas est\u00e1n cerrando o quebrando\u201d, expresaron.<\/p>\n<p>ASOCIVU tambi\u00e9n cuestion\u00f3 la falta de planificaci\u00f3n en t\u00e9rminos de accesibilidad, al indicar que la zona carece de un sistema de transporte p\u00fablico eficiente, as\u00ed como de infraestructura adecuada para manejar el volumen de usuarios que diariamente acude al centro.<\/p>\n<p>En cuanto al funcionamiento interno, el gremio alert\u00f3 sobre desorganizaci\u00f3n, largas filas y retrasos considerables en la atenci\u00f3n. \u201cProcesos que antes se realizaban en pocas horas ahora pueden tomar un d\u00eda completo o m\u00e1s, generando un cuello de botella innecesario en la cadena de comercializaci\u00f3n de veh\u00edculos\u201d, subray\u00f3.<\/p>\n<p>Ante este panorama, la entidad hizo un llamado urgente a la Polic\u00eda Nacional y al Ministerio de Interior y Polic\u00eda para que revisen la medida y adopten soluciones inmediatas que garanticen eficiencia, accesibilidad y condiciones dignas para los usuarios.<\/p>\n<p>\u201cEsta decisi\u00f3n no solo afecta a los importadores, sino a toda la ciudadan\u00eda que depende de estos servicios. Es momento de corregir el rumbo\u201d, concluy\u00f3 Mella.<\/p>\n<p>\u200bSanto Domingo.\u2014 La Asociaci\u00f3n de Importadores de Veh\u00edculos Usados (ASOCIVU) expres\u00f3 su rechazo al traslado de la oficina del Plan Piloto ahora Centro de Retenci\u00f3n de Veh\u00edculos desde el sector Honduras hasta el kil\u00f3metro 22 de la autopista Duarte, calificando la decisi\u00f3n como \u201cimprovisada, desconsiderada y perjudicial\u201d para el sector y la ciudadan\u00eda. El presidente\u00a0\u00a0Nacionales, ASOCIVU\u00a0\u00a0<\/p>\n","protected":false},"excerpt":{"rendered":"<p>Santo Domingo.\u2014 La Asociaci\u00f3n de Importadores de Veh\u00edculos Usados (ASOCIVU) expres\u00f3 su rechazo al traslado de la oficina del Plan Piloto ahora Centro de Retenci\u00f3n de Veh\u00edculos desde el sector Honduras hasta el kil\u00f3metro 22 de la autopista Duarte, calificando la decisi\u00f3n como \u201cimprovisada, desconsiderada y perjudicial\u201d para el sector y la ciudadan\u00eda. El presidente [&hellip;]<\/p>\n","protected":false},"author":1,"featured_media":26073,"comment_status":"open","ping_status":"open","sticky":false,"template":"","format":"standard","meta":{"amp_status":"","footnotes":""},"categories":[3],"tags":[],"class_list":["post-26072","post","type-post","status-publish","format-standard","has-post-thumbnail","hentry","category-de-ultimo-minuto"],"_links":{"self":[{"href":"https:\/\/ermdigital.com\/index.php?rest_route=\/wp\/v2\/posts\/26072","targetHints":{"allow":["GET"]}}],"collection":[{"href":"https:\/\/ermdigital.com\/index.php?rest_route=\/wp\/v2\/posts"}],"about":[{"href":"https:\/\/ermdigital.com\/index.php?rest_route=\/wp\/v2\/types\/post"}],"author":[{"embeddable":true,"href":"https:\/\/ermdigital.com\/index.php?rest_route=\/wp\/v2\/users\/1"}],"replies":[{"embeddable":true,"href":"https:\/\/ermdigital.com\/index.php?rest_route=%2Fwp%2Fv2%2Fcomments&post=26072"}],"version-history":[{"count":0,"href":"https:\/\/ermdigital.com\/index.php?rest_route=\/wp\/v2\/posts\/26072\/revisions"}],"wp:featuredmedia":[{"embeddable":true,"href":"https:\/\/ermdigital.com\/index.php?rest_route=\/wp\/v2\/media\/26073"}],"wp:attachment":[{"href":"https:\/\/ermdigital.com\/index.php?rest_route=%2Fwp%2Fv2%2Fmedia&parent=26072"}],"wp:term":[{"taxonomy":"category","embeddable":true,"href":"https:\/\/ermdigital.com\/index.php?rest_route=%2Fwp%2Fv2%2Fcategories&post=26072"},{"taxonomy":"post_tag","embeddable":true,"href":"https:\/\/ermdigital.com\/index.php?rest_route=%2Fwp%2Fv2%2Ftags&post=26072"}],"curies":[{"name":"wp","href":"https:\/\/api.w.org\/{rel}","templated":true}]}}