{"id":26058,"date":"2026-04-29T13:05:10","date_gmt":"2026-04-29T17:05:10","guid":{"rendered":"https:\/\/ermdigital.com\/?p=26058"},"modified":"2026-04-29T13:05:10","modified_gmt":"2026-04-29T17:05:10","slug":"selinee-mendez-exige-transparencia-sobre-manejo-de-valle-nuevo","status":"publish","type":"post","link":"https:\/\/ermdigital.com\/?p=26058","title":{"rendered":"Selin\u00e9e M\u00e9ndez exige transparencia sobre manejo de Valle Nuevo"},"content":{"rendered":"<h2 class=\"wp-block-heading\"><em>Someter\u00e1 resoluci\u00f3n en el Congreso para que Medio Ambiente de explicaciones<\/em><\/h2>\n<p><em>Santo Domingo.\u2013<\/em> La diputada Selinee M\u00e9ndez exigi\u00f3 mayor transparencia sobre el manejo de Parque Nacional Valle Nuevo y anunci\u00f3 que someter\u00e1 una resoluci\u00f3n en el Congreso para que el Ministerio de Medio Ambiente rinda cuentas sobre las medidas adoptadas en esa \u00e1rea protegida.<\/p>\n<blockquote class=\"wp-block-quote is-layout-flow wp-block-quote-is-layout-flow\">\n<p>La legisladora cuestion\u00f3 la falta de informaci\u00f3n oficial sobre los procesos implementados, al asegurar que no se han dado a conocer detalles claros sobre posibles acuerdos, contratos o esquemas de administraci\u00f3n en el parque. \u201cHe buscado en las plataformas del Gobierno y no aparece nada; lo que pedimos es informaci\u00f3n clara para la poblaci\u00f3n\u201d, afirm\u00f3.<\/p>\n<\/blockquote>\n<p>El pronunciamiento se produce en medio de la implementaci\u00f3n de un nuevo modelo de gesti\u00f3n por parte del Ministerio de Medio Ambiente y Recursos Naturales, que introduce reglas m\u00e1s estrictas para el acceso y uso del parque, con el objetivo de garantizar su conservaci\u00f3n.<\/p>\n<p>Como parte de estas medidas, se habilit\u00f3 una nueva zona de camping denominada \u201cJard\u00edn del Ed\u00e9n\u201d, cuya operaci\u00f3n est\u00e1 bajo un esquema de concesi\u00f3n privada que requiere reservas en l\u00ednea y control de capacidad, lo que ha generado inquietudes entre algunos sectores.<\/p>\n<p>La administraci\u00f3n del \u00e1rea de camping est\u00e1 a cargo de la empresa dominicana Equipa-T, que opera bajo lineamientos del Ministerio, incluyendo la regulaci\u00f3n del acceso, la organizaci\u00f3n de los campamentos en zonas delimitadas y la supervisi\u00f3n del cumplimiento de normas ambientales.<\/p>\n<p>M\u00e9ndez reconoci\u00f3 la necesidad de ordenar y regular las actividades dentro del parque, debido a problem\u00e1ticas previas como la contaminaci\u00f3n y el desorden, pero advirti\u00f3 que cualquier medida debe garantizar la protecci\u00f3n de los recursos naturales sin afectar el car\u00e1cter p\u00fablico de estos espacios.<\/p>\n<p><strong><em>Te puede interesar: <a href=\"https:\/\/deultimominuto.net\/nacionales\/charlie-mariotti-insta-a\/\">Charlie Mariotti insta al Gobierno \u201crespetar la voluntad\u201d de los sanjuaneros sobre proyecto minero<\/a><\/em><\/strong><\/p>\n<p>En ese sentido, reiter\u00f3 su llamado a las autoridades para que expliquen con claridad los alcances del nuevo modelo de gesti\u00f3n y aseguren que las decisiones tomadas no comprometan el acceso ni los bienes que pertenecen a todos los dominicanos.<\/p>\n<p>\u200bSometer\u00e1 resoluci\u00f3n en el Congreso para que Medio Ambiente de explicaciones Santo Domingo.\u2013 La diputada Selinee M\u00e9ndez exigi\u00f3 mayor transparencia sobre el manejo de Parque Nacional Valle Nuevo y anunci\u00f3 que someter\u00e1 una resoluci\u00f3n en el Congreso para que el Ministerio de Medio Ambiente rinda cuentas sobre las medidas adoptadas en esa \u00e1rea protegida. La\u00a0\u00a0Nacionales, Deultimominuto, Rep\u00fablica Dominicana, Selin\u00e9e M\u00e9ndez\u00a0\u00a0<\/p>\n","protected":false},"excerpt":{"rendered":"<p>Someter\u00e1 resoluci\u00f3n en el Congreso para que Medio Ambiente de explicaciones Santo Domingo.\u2013 La diputada Selinee M\u00e9ndez exigi\u00f3 mayor transparencia sobre el manejo de Parque Nacional Valle Nuevo y anunci\u00f3 que someter\u00e1 una resoluci\u00f3n en el Congreso para que el Ministerio de Medio Ambiente rinda cuentas sobre las medidas adoptadas en esa \u00e1rea protegida. La [&hellip;]<\/p>\n","protected":false},"author":1,"featured_media":26059,"comment_status":"open","ping_status":"open","sticky":false,"template":"","format":"standard","meta":{"amp_status":"","footnotes":""},"categories":[3],"tags":[],"class_list":["post-26058","post","type-post","status-publish","format-standard","has-post-thumbnail","hentry","category-de-ultimo-minuto"],"_links":{"self":[{"href":"https:\/\/ermdigital.com\/index.php?rest_route=\/wp\/v2\/posts\/26058","targetHints":{"allow":["GET"]}}],"collection":[{"href":"https:\/\/ermdigital.com\/index.php?rest_route=\/wp\/v2\/posts"}],"about":[{"href":"https:\/\/ermdigital.com\/index.php?rest_route=\/wp\/v2\/types\/post"}],"author":[{"embeddable":true,"href":"https:\/\/ermdigital.com\/index.php?rest_route=\/wp\/v2\/users\/1"}],"replies":[{"embeddable":true,"href":"https:\/\/ermdigital.com\/index.php?rest_route=%2Fwp%2Fv2%2Fcomments&post=26058"}],"version-history":[{"count":0,"href":"https:\/\/ermdigital.com\/index.php?rest_route=\/wp\/v2\/posts\/26058\/revisions"}],"wp:featuredmedia":[{"embeddable":true,"href":"https:\/\/ermdigital.com\/index.php?rest_route=\/wp\/v2\/media\/26059"}],"wp:attachment":[{"href":"https:\/\/ermdigital.com\/index.php?rest_route=%2Fwp%2Fv2%2Fmedia&parent=26058"}],"wp:term":[{"taxonomy":"category","embeddable":true,"href":"https:\/\/ermdigital.com\/index.php?rest_route=%2Fwp%2Fv2%2Fcategories&post=26058"},{"taxonomy":"post_tag","embeddable":true,"href":"https:\/\/ermdigital.com\/index.php?rest_route=%2Fwp%2Fv2%2Ftags&post=26058"}],"curies":[{"name":"wp","href":"https:\/\/api.w.org\/{rel}","templated":true}]}}