{"id":26054,"date":"2026-04-29T12:34:34","date_gmt":"2026-04-29T16:34:34","guid":{"rendered":"https:\/\/ermdigital.com\/?p=26054"},"modified":"2026-04-29T12:34:34","modified_gmt":"2026-04-29T16:34:34","slug":"consejo-nacional-de-drogas-inicia-curso-de-capacitacion-en-prevencion-de-drogas-para-dirigentes-deportivos","status":"publish","type":"post","link":"https:\/\/ermdigital.com\/?p=26054","title":{"rendered":"Consejo Nacional de Drogas inicia curso de capacitaci\u00f3n en prevenci\u00f3n de drogas para dirigentes deportivos\u00a0"},"content":{"rendered":"<p><span class=\"field field--name-title field--type-string field--label-hidden\">Consejo Nacional de Drogas inicia curso de capacitaci\u00f3n en prevenci\u00f3n de drogas para dirigentes deportivos\u00a0 <\/span><br \/>\n<span class=\"field field--name-uid field--type-entity-reference field--label-hidden\"><span>rosahenriquez<\/span><\/span><br \/>\n<span class=\"field field--name-created field--type-created field--label-hidden\"><time datetime=\"2026-04-29T12:34:34-04:00\" title=\"Mi\u00e9rcoles, Abril 29, 2026 - 12:34\" class=\"datetime\">29 de  Abril 2026 | 12:34<\/time><br \/>\n<\/span><\/p>\n<div class=\"clearfix text-formatted field field--name-body field--type-text-with-summary field--label-hidden field__item\">\n<div class=\"OutlineElement Ltr SCXW101003481 BCX0\">\n<p class=\"text-align-justify\"><span class=\"TextRun SCXW101003481 BCX0 NormalTextRun SpellingErrorV2Themed\" lang=\"EN-US\">Cotu\u00ed<\/span><span class=\"TextRun SCXW101003481 BCX0 NormalTextRun\" lang=\"EN-US\">, S\u00e1nchez <\/span><span class=\"TextRun SCXW101003481 BCX0 NormalTextRun ContextualSpellingAndGrammarErrorV2Themed\" lang=\"EN-US\">Ram\u00edrez.-<\/span><span class=\"TextRun SCXW101003481 BCX0 NormalTextRun\" lang=\"EN-US\"> En un <\/span><span class=\"TextRun SCXW101003481 BCX0 NormalTextRun SpellingErrorV2Themed\" lang=\"EN-US\">evento<\/span><span class=\"TextRun SCXW101003481 BCX0 NormalTextRun\" lang=\"EN-US\"> <\/span><span class=\"TextRun SCXW101003481 BCX0 NormalTextRun SpellingErrorV2Themed\" lang=\"EN-US\">encabezado<\/span><span class=\"TextRun SCXW101003481 BCX0 NormalTextRun\" lang=\"EN-US\"> <\/span><span class=\"TextRun SCXW101003481 BCX0 NormalTextRun SpellingErrorV2Themed\" lang=\"EN-US\">por<\/span><span class=\"TextRun SCXW101003481 BCX0 NormalTextRun\" lang=\"EN-US\"> <\/span><span class=\"TextRun SCXW101003481 BCX0 NormalTextRun SpellingErrorV2Themed\" lang=\"EN-US\">su<\/span><span class=\"TextRun SCXW101003481 BCX0 NormalTextRun\" lang=\"EN-US\"> <\/span><span class=\"TextRun SCXW101003481 BCX0 NormalTextRun SpellingErrorV2Themed\" lang=\"EN-US\">presidente<\/span><span class=\"TextRun SCXW101003481 BCX0 NormalTextRun\" lang=\"EN-US\">, <strong>Alejandro de Jes\u00fas Abreu, <\/strong><\/span><span class=\"TextRun SCXW101003481 BCX0 NormalTextRun SpellingErrorV2Themed\" lang=\"EN-US\">el<\/span><span class=\"TextRun SCXW101003481 BCX0 NormalTextRun\" lang=\"EN-US\"> Consejo Nacional de Drogas <strong>(CND)<\/strong> <\/span><span class=\"TextRun SCXW101003481 BCX0 NormalTextRun SpellingErrorV2Themed\" lang=\"EN-US\">dej\u00f3<\/span><span class=\"TextRun SCXW101003481 BCX0 NormalTextRun\" lang=\"EN-US\"> <\/span><span class=\"TextRun SCXW101003481 BCX0 NormalTextRun SpellingErrorV2Themed\" lang=\"EN-US\">formalmente<\/span><span class=\"TextRun SCXW101003481 BCX0 NormalTextRun\" lang=\"EN-US\"> <\/span><span class=\"TextRun SCXW101003481 BCX0 NormalTextRun SpellingErrorV2Themed\" lang=\"EN-US\">iniciado<\/span><span class=\"TextRun SCXW101003481 BCX0 NormalTextRun\" lang=\"EN-US\"> <\/span><span class=\"TextRun SCXW101003481 BCX0 NormalTextRun SpellingErrorV2Themed\" lang=\"EN-US\">el<\/span><span class=\"TextRun SCXW101003481 BCX0 NormalTextRun\" lang=\"EN-US\"> <\/span><span class=\"TextRun SCXW101003481 BCX0 NormalTextRun SpellingErrorV2Themed\" lang=\"EN-US\">curso<\/span><span class=\"TextRun SCXW101003481 BCX0 NormalTextRun\" lang=\"EN-US\"> \u201cRol del <\/span><span class=\"TextRun SCXW101003481 BCX0 NormalTextRun SpellingErrorV2Themed\" lang=\"EN-US\">Dirigente<\/span><span class=\"TextRun SCXW101003481 BCX0 NormalTextRun\" lang=\"EN-US\"> Deportivo, <\/span><span class=\"TextRun SCXW101003481 BCX0 NormalTextRun SpellingErrorV2Themed\" lang=\"EN-US\">Entrenador<\/span><span class=\"TextRun SCXW101003481 BCX0 NormalTextRun\" lang=\"EN-US\"> y <\/span><span class=\"TextRun SCXW101003481 BCX0 NormalTextRun SpellingErrorV2Themed\" lang=\"EN-US\">Profesor<\/span><span class=\"TextRun SCXW101003481 BCX0 NormalTextRun\" lang=\"EN-US\"> de <\/span><span class=\"TextRun SCXW101003481 BCX0 NormalTextRun SpellingErrorV2Themed\" lang=\"EN-US\">Educaci\u00f3n<\/span><span class=\"TextRun SCXW101003481 BCX0 NormalTextRun\" lang=\"EN-US\"> <\/span><span class=\"TextRun SCXW101003481 BCX0 NormalTextRun SpellingErrorV2Themed\" lang=\"EN-US\">F\u00edsica<\/span><span class=\"TextRun SCXW101003481 BCX0 NormalTextRun\" lang=\"EN-US\"> <\/span><span class=\"TextRun SCXW101003481 BCX0 NormalTextRun SpellingErrorV2Themed\" lang=\"EN-US\">en<\/span><span class=\"TextRun SCXW101003481 BCX0 NormalTextRun\" lang=\"EN-US\"> la <\/span><span class=\"TextRun SCXW101003481 BCX0 NormalTextRun SpellingErrorV2Themed\" lang=\"EN-US\">Prevenci\u00f3n<\/span><span class=\"TextRun SCXW101003481 BCX0 NormalTextRun\" lang=\"EN-US\"> de <\/span><span class=\"TextRun SCXW101003481 BCX0 NormalTextRun SpellingErrorV2Themed\" lang=\"EN-US\">Sustancias<\/span><span class=\"TextRun SCXW101003481 BCX0 NormalTextRun\" lang=\"EN-US\"> <\/span><span class=\"TextRun SCXW101003481 BCX0 NormalTextRun SpellingErrorV2Themed\" lang=\"EN-US\">Psicoactivas<\/span><span class=\"TextRun SCXW101003481 BCX0 NormalTextRun\" lang=\"EN-US\">\u201d.<\/span><span class=\"EOP SCXW101003481 BCX0\">\u00a0<\/span><\/p>\n<\/div>\n<div class=\"OutlineElement Ltr SCXW101003481 BCX0\">\n<p class=\"text-align-justify\"><span class=\"TextRun SCXW101003481 BCX0 NormalTextRun\" lang=\"ES-DO\">El acto inaugural de la jornada de capacitaci\u00f3n se realiz\u00f3 en la <strong>Universidad Tecnol\u00f3gica del Cibao Oriental<\/strong> (<\/span><span class=\"TextRun SCXW101003481 BCX0 NormalTextRun SpellingErrorV2Themed\" lang=\"ES-DO\">Uteco<\/span><span class=\"TextRun SCXW101003481 BCX0 NormalTextRun\" lang=\"ES-DO\">), en el marco de un programa formativo dirigido a profesionales, entrenadores y dirigentes deportivos de la <strong>provincia S\u00e1nchez Ram\u00edrez<\/strong>, con el prop\u00f3sito de fortalecer los espacios deportivos como entornos de <strong>salud y convivencia comunitaria<\/strong>.<\/span><span class=\"EOP SCXW101003481 BCX0\">\u00a0<\/span><\/p>\n<\/div>\n<div class=\"OutlineElement Ltr SCXW101003481 BCX0\">\n<p class=\"text-align-justify\"><span class=\"TextRun SCXW101003481 BCX0 NormalTextRun\" lang=\"ES-DO\">Durante su intervenci\u00f3n, Abreu afirm\u00f3 que <\/span><em><span class=\"TextRun SCXW101003481 BCX0 NormalTextRun\" lang=\"ES-DO\">\u201clos puntos de vida, salud, alegr\u00eda y convivencia en las canchas, <\/span><span class=\"TextRun SCXW101003481 BCX0 NormalTextRun SpellingErrorV2Themed\" lang=\"ES-DO\">plays<\/span><span class=\"TextRun SCXW101003481 BCX0 NormalTextRun\" lang=\"ES-DO\">, techados, escuelas, polit\u00e9cnicos y universidades deben prevalecer sobre los puntos de muerte, enfermedad, violencia, desorden y perdici\u00f3n\u201d.<\/span><\/em><span class=\"EOP SCXW101003481 BCX0\">\u00a0<\/span><\/p>\n<\/div>\n<div class=\"OutlineElement Ltr SCXW101003481 BCX0\">\n<p class=\"text-align-justify\"><span class=\"TextRun SCXW101003481 BCX0 NormalTextRun\" lang=\"ES-DO\">El titular del CND se\u00f1al\u00f3 que muchos ni\u00f1os, adolescentes y j\u00f3venes que deambulan sin rumbo, sin estudio ni formaci\u00f3n, lo hacen como consecuencia del <strong>debilitamiento del n\u00facleo familiar <\/strong>y de la influencia de las redes sociales digitales, que, seg\u00fan indic\u00f3, buscan normalizar la econom\u00eda y la cultura de la droga.<\/span><span class=\"EOP SCXW101003481 BCX0\">\u00a0<\/span><\/p>\n<\/div>\n<div class=\"OutlineElement Ltr SCXW101003481 BCX0\">\n<p class=\"text-align-justify\"><span class=\"TextRun SCXW101003481 BCX0 NormalTextRun\" lang=\"ES-DO\">Ante este panorama, convoc\u00f3 a entrenadores, profesores, dirigentes clubistas y, de manera especial, a los padres, a asumir un <strong>rol preventivo <\/strong>y una conducta ejemplar en la formaci\u00f3n de los j\u00f3venes y sus hijos.<\/span><span class=\"EOP SCXW101003481 BCX0\">\u00a0<\/span><\/p>\n<\/div>\n<p><img decoding=\"async\" data-entity-uuid=\"d02bc8f1-0d55-4ced-a9ad-2310f7ed4fae\" data-entity-type=\"file\" src=\"https:\/\/www.presidencia.gob.do\/sites\/default\/files\/inline-images\/Dise%C3%B1o%20sin%20t%C3%ADtulo%20%2848%29.png\" width=\"1300\" height=\"730\" loading=\"lazy\">\n<\/p>\n<div class=\"OutlineElement Ltr SCXW101003481 BCX0\">\n<p class=\"text-align-justify\"><span class=\"TextRun SCXW101003481 BCX0 NormalTextRun\" lang=\"ES-DO\"><strong>Un llamado a la iniciativa comunitaria<\/strong><\/span><span class=\"EOP SCXW101003481 BCX0\">\u00a0<\/span><\/p>\n<\/div>\n<div class=\"OutlineElement Ltr SCXW101003481 BCX0\">\n<p class=\"text-align-justify\"><span class=\"TextRun SCXW101003481 BCX0 NormalTextRun\" lang=\"ES-DO\">Al cierre de su intervenci\u00f3n, Abreu solicit\u00f3 a la <strong>Ing. Marilyn D\u00edaz,<\/strong> rectora de la <\/span><span class=\"TextRun SCXW101003481 BCX0 NormalTextRun SpellingErrorV2Themed\" lang=\"ES-DO\">Uteco<\/span><span class=\"TextRun SCXW101003481 BCX0 NormalTextRun\" lang=\"ES-DO\">, que la instituci\u00f3n sirva de sede para convocar al liderazgo social y a las autoridades de S\u00e1nchez Ram\u00edrez, con miras a formular el \u201c<strong>Plan Estado-Sociedad por la Prevenci\u00f3n y la Convivencia 2036\u201d, <\/strong>desde la visi\u00f3n y los intereses de las comunidades de la provincia, respondiendo a la visi\u00f3n y compromiso del <strong>presidente Luis <\/strong><\/span><span class=\"TextRun SCXW101003481 BCX0 NormalTextRun SpellingErrorV2Themed\" lang=\"ES-DO\"><strong>Abinader<\/strong><\/span><span class=\"TextRun SCXW101003481 BCX0 NormalTextRun\" lang=\"ES-DO\"> de proteger la juventud vulnerable.<\/span><span class=\"EOP SCXW101003481 BCX0\">\u00a0<\/span><\/p>\n<\/div>\n<div class=\"OutlineElement Ltr SCXW101003481 BCX0\">\n<p class=\"text-align-justify\"><span class=\"TextRun SCXW101003481 BCX0 NormalTextRun\" lang=\"ES-DO\">De su lado, la rectora del centro de estudios superiores valor\u00f3 como de gran importancia la realizaci\u00f3n de la actividad y el inicio de la <strong>jornada formativa<\/strong>, destacando su impacto en el fortalecimiento de la <strong>prevenci\u00f3n desde el \u00e1mbito deportivo<\/strong>.<\/span><span class=\"EOP SCXW101003481 BCX0\">\u00a0<\/span><\/p>\n<\/div>\n<div class=\"OutlineElement Ltr SCXW101003481 BCX0\">\n<p class=\"text-align-justify\"><span class=\"TextRun SCXW101003481 BCX0 NormalTextRun\" lang=\"ES-DO\">Asimismo, expres\u00f3 la plena disposici\u00f3n de respaldar esta iniciativa y las venideras acciones junto al <strong>Consejo Nacional de Drogas<\/strong>, en favor del <strong>bienestar y desarrollo<\/strong> de las comunidades m\u00e1s vulnerables.<\/span><span class=\"EOP SCXW101003481 BCX0\">\u00a0<\/span><\/p>\n<\/div>\n<div class=\"OutlineElement Ltr SCXW101003481 BCX0\">\n<p class=\"text-align-justify\"><span class=\"TextRun SCXW101003481 BCX0 NormalTextRun\" lang=\"ES-DO\">La actividad cont\u00f3 con la presencia de destacadas autoridades institucionales, entre ellas la <strong>Dra. <\/strong><\/span><span class=\"TextRun SCXW101003481 BCX0 NormalTextRun SpellingErrorV2Themed\" lang=\"ES-DO\"><strong>Heyda<\/strong><\/span><span class=\"TextRun SCXW101003481 BCX0 NormalTextRun\" lang=\"ES-DO\"><strong> Joaqu\u00edn Tineo<\/strong>, inmortal del Deporte Dominicano y directora de la Escuela Nacional para Entrenadores del <\/span><span class=\"TextRun SCXW101003481 BCX0 NormalTextRun SpellingErrorV2Themed\" lang=\"ES-DO\">Miderec<\/span><span class=\"TextRun SCXW101003481 BCX0 NormalTextRun\" lang=\"ES-DO\">; el coronel P.N. <\/span><span class=\"TextRun SCXW101003481 BCX0 NormalTextRun SpellingErrorV2Themed\" lang=\"ES-DO\"><strong>Laikin<\/strong><\/span><span class=\"TextRun SCXW101003481 BCX0 NormalTextRun\" lang=\"ES-DO\"><strong> Antonio Moquete<\/strong>; <strong>Daniel Emmanuel Landr\u00f3n<\/strong>, director regional del Ministerio de Deportes y Recreaci\u00f3n; <strong>Ram\u00f3n Apolinar Camacho,<\/strong> director provincial de Deportes, y <strong>Bol\u00edvar Gonz\u00e1lez,<\/strong> encargado del Dpto. de Prevenci\u00f3n en el Deporte del CND, junto con otras autoridades locales.<\/span><span class=\"EOP SCXW101003481 BCX0\">\u00a0<\/span><\/p>\n<\/div>\n<\/div>\n<div class=\"field field--name-field-image field--type-image field--label-hidden field__item\">  <img decoding=\"async\" loading=\"lazy\" src=\"https:\/\/www.presidencia.gob.do\/sites\/default\/files\/news\/2026-04\/Dise%C3%B1o%20sin%20t%C3%ADtulo%20%2847%29.png\" width=\"1300\" height=\"730\" alt=\"Capacitaci\u00f3n\"><\/p>\n<\/div>\n<p>\u00a0Consejo Nacional de Drogas inicia curso de capacitaci\u00f3n en prevenci\u00f3n de drogas para dirigentes deportivos\u00a0<br \/>\nrosahenriquez<br \/>\n29 de  Abril 2026 | 12:34<\/p>\n<p>Cotu\u00ed, S\u00e1nchez Ram\u00edrez.- En un evento encabezado por su presidente, Alejandro de Jes\u00fas Abreu, el Consejo Nacional de Drogas (CND) dej\u00f3 formalmente iniciado el curso \u201cRol del Dirigente Deportivo, Entrenador y Profesor de Educaci\u00f3n F\u00edsica en la Prevenci\u00f3n de Sustancias Psicoactivas\u201d.\u00a0<\/p>\n<p>El acto inaugural de la jornada de capacitaci\u00f3n se realiz\u00f3 en la Universidad Tecnol\u00f3gica del Cibao Oriental (Uteco), en el marco de un programa formativo dirigido a profesionales, entrenadores y dirigentes deportivos de la provincia S\u00e1nchez Ram\u00edrez, con el prop\u00f3sito de fortalecer los espacios deportivos como entornos de salud y convivencia comunitaria.\u00a0<\/p>\n<p>Durante su intervenci\u00f3n, Abreu afirm\u00f3 que \u201clos puntos de vida, salud, alegr\u00eda y convivencia en las canchas, plays, techados, escuelas, polit\u00e9cnicos y universidades deben prevalecer sobre los puntos de muerte, enfermedad, violencia, desorden y perdici\u00f3n\u201d.\u00a0<\/p>\n<p>El titular del CND se\u00f1al\u00f3 que muchos ni\u00f1os, adolescentes y j\u00f3venes que deambulan sin rumbo, sin estudio ni formaci\u00f3n, lo hacen como consecuencia del debilitamiento del n\u00facleo familiar y de la influencia de las redes sociales digitales, que, seg\u00fan indic\u00f3, buscan normalizar la econom\u00eda y la cultura de la droga.\u00a0<\/p>\n<p>Ante este panorama, convoc\u00f3 a entrenadores, profesores, dirigentes clubistas y, de manera especial, a los padres, a asumir un rol preventivo y una conducta ejemplar en la formaci\u00f3n de los j\u00f3venes y sus hijos.\u00a0<\/p>\n<p>Un llamado a la iniciativa comunitaria\u00a0<\/p>\n<p>Al cierre de su intervenci\u00f3n, Abreu solicit\u00f3 a la Ing. Marilyn D\u00edaz, rectora de la Uteco, que la instituci\u00f3n sirva de sede para convocar al liderazgo social y a las autoridades de S\u00e1nchez Ram\u00edrez, con miras a formular el \u201cPlan Estado-Sociedad por la Prevenci\u00f3n y la Convivencia 2036\u201d, desde la visi\u00f3n y los intereses de las comunidades de la provincia, respondiendo a la visi\u00f3n y compromiso del presidente Luis Abinader de proteger la juventud vulnerable.\u00a0<\/p>\n<p>De su lado, la rectora del centro de estudios superiores valor\u00f3 como de gran importancia la realizaci\u00f3n de la actividad y el inicio de la jornada formativa, destacando su impacto en el fortalecimiento de la prevenci\u00f3n desde el \u00e1mbito deportivo.\u00a0<\/p>\n<p>Asimismo, expres\u00f3 la plena disposici\u00f3n de respaldar esta iniciativa y las venideras acciones junto al Consejo Nacional de Drogas, en favor del bienestar y desarrollo de las comunidades m\u00e1s vulnerables.\u00a0<\/p>\n<p>La actividad cont\u00f3 con la presencia de destacadas autoridades institucionales, entre ellas la Dra. Heyda Joaqu\u00edn Tineo, inmortal del Deporte Dominicano y directora de la Escuela Nacional para Entrenadores del Miderec; el coronel P.N. Laikin Antonio Moquete; Daniel Emmanuel Landr\u00f3n, director regional del Ministerio de Deportes y Recreaci\u00f3n; Ram\u00f3n Apolinar Camacho, director provincial de Deportes, y Bol\u00edvar Gonz\u00e1lez, encargado del Dpto. de Prevenci\u00f3n en el Deporte del CND, junto con otras autoridades locales.\u00a0\u00a0\u00a0\u00a0<\/p>\n","protected":false},"excerpt":{"rendered":"<p>Consejo Nacional de Drogas inicia curso de capacitaci\u00f3n en prevenci\u00f3n de drogas para dirigentes deportivos\u00a0 rosahenriquez 29 de Abril 2026 | 12:34 Cotu\u00ed, S\u00e1nchez Ram\u00edrez.- En un evento encabezado por su presidente, Alejandro de Jes\u00fas Abreu, el Consejo Nacional de Drogas (CND) dej\u00f3 formalmente iniciado el curso \u201cRol del Dirigente Deportivo, Entrenador y Profesor de [&hellip;]<\/p>\n","protected":false},"author":1,"featured_media":26055,"comment_status":"open","ping_status":"open","sticky":false,"template":"","format":"standard","meta":{"amp_status":"","footnotes":""},"categories":[8],"tags":[],"class_list":["post-26054","post","type-post","status-publish","format-standard","has-post-thumbnail","hentry","category-republica"],"_links":{"self":[{"href":"https:\/\/ermdigital.com\/index.php?rest_route=\/wp\/v2\/posts\/26054","targetHints":{"allow":["GET"]}}],"collection":[{"href":"https:\/\/ermdigital.com\/index.php?rest_route=\/wp\/v2\/posts"}],"about":[{"href":"https:\/\/ermdigital.com\/index.php?rest_route=\/wp\/v2\/types\/post"}],"author":[{"embeddable":true,"href":"https:\/\/ermdigital.com\/index.php?rest_route=\/wp\/v2\/users\/1"}],"replies":[{"embeddable":true,"href":"https:\/\/ermdigital.com\/index.php?rest_route=%2Fwp%2Fv2%2Fcomments&post=26054"}],"version-history":[{"count":0,"href":"https:\/\/ermdigital.com\/index.php?rest_route=\/wp\/v2\/posts\/26054\/revisions"}],"wp:featuredmedia":[{"embeddable":true,"href":"https:\/\/ermdigital.com\/index.php?rest_route=\/wp\/v2\/media\/26055"}],"wp:attachment":[{"href":"https:\/\/ermdigital.com\/index.php?rest_route=%2Fwp%2Fv2%2Fmedia&parent=26054"}],"wp:term":[{"taxonomy":"category","embeddable":true,"href":"https:\/\/ermdigital.com\/index.php?rest_route=%2Fwp%2Fv2%2Fcategories&post=26054"},{"taxonomy":"post_tag","embeddable":true,"href":"https:\/\/ermdigital.com\/index.php?rest_route=%2Fwp%2Fv2%2Ftags&post=26054"}],"curies":[{"name":"wp","href":"https:\/\/api.w.org\/{rel}","templated":true}]}}