{"id":26052,"date":"2026-04-29T12:40:43","date_gmt":"2026-04-29T16:40:43","guid":{"rendered":"https:\/\/ermdigital.com\/?p=26052"},"modified":"2026-04-29T12:40:43","modified_gmt":"2026-04-29T16:40:43","slug":"ministerio-de-trabajo-recuerda-que-el-1-de-mayo-es-laborable-feriado-pasa-al-lunes-4","status":"publish","type":"post","link":"https:\/\/ermdigital.com\/?p=26052","title":{"rendered":"Ministerio de Trabajo recuerda que el 1 de mayo es laborable; feriado pasa al lunes 4"},"content":{"rendered":"<p><span class=\"field field--name-title field--type-string field--label-hidden\">Ministerio de Trabajo recuerda que el 1 de mayo es laborable; feriado pasa al lunes 4 <\/span><br \/>\n<span class=\"field field--name-uid field--type-entity-reference field--label-hidden\"><span>rosahenriquez<\/span><\/span><br \/>\n<span class=\"field field--name-created field--type-created field--label-hidden\"><time datetime=\"2026-04-29T12:40:43-04:00\" title=\"Mi\u00e9rcoles, Abril 29, 2026 - 12:40\" class=\"datetime\">29 de  Abril 2026 | 12:40<\/time><br \/>\n<\/span><\/p>\n<div class=\"clearfix text-formatted field field--name-body field--type-text-with-summary field--label-hidden field__item\">\n<div class=\"OutlineElement Ltr SCXW27632408 BCX0\">\n<p class=\"text-align-justify\"><span class=\"TextRun SCXW27632408 BCX0 NormalTextRun\" lang=\"ES-DO\">Santo <\/span><span class=\"TextRun SCXW27632408 BCX0 NormalTextRun ContextualSpellingAndGrammarErrorV2Themed\" lang=\"ES-DO\">Domingo.-<\/span><span class=\"TextRun SCXW27632408 BCX0 NormalTextRun\" lang=\"ES-DO\"> <strong>El Ministerio de Trabajo<\/strong> reitera a toda la colectividad empresarial y trabajadora de la Rep\u00fablica Dominicana que el <strong>D\u00eda del Trabajo<\/strong>, que se conmemora el viernes 1 de mayo <strong>es laborable<\/strong> y el feriado se cambia para el <strong>lunes 4 <\/strong>del mismo mes.<\/span><span class=\"EOP SCXW27632408 BCX0\">\u00a0<\/span><\/p>\n<\/div>\n<div class=\"OutlineElement Ltr SCXW27632408 BCX0\">\n<p class=\"text-align-justify\"><span class=\"TextRun SCXW27632408 BCX0 NormalTextRun\" lang=\"ES-DO\">En ese sentido, los <strong>sectores p\u00fablico y privado<\/strong> deben retornar a sus labores cotidianas el <strong>martes 5<\/strong> de mayo, seg\u00fan lo establece la <strong>Ley 139-97<\/strong>, sobre la aplicaci\u00f3n de los d\u00edas feriados.<\/span><span class=\"EOP SCXW27632408 BCX0\">\u00a0<\/span><\/p>\n<\/div>\n<div class=\"OutlineElement Ltr SCXW27632408 BCX0\">\n<p class=\"text-align-justify\"><span class=\"TextRun SCXW27632408 BCX0 NormalTextRun\" lang=\"ES-DO\">Esta disposici\u00f3n debe ser aplicada en <strong>todos los establecimientos<\/strong> del pa\u00eds.<\/span><\/p>\n<\/div>\n<\/div>\n<div class=\"field field--name-field-image field--type-image field--label-hidden field__item\">  <img decoding=\"async\" loading=\"lazy\" src=\"https:\/\/www.presidencia.gob.do\/sites\/default\/files\/news\/2026-04\/IMG-20260429-WA0011%20%285%29.jpg\" width=\"1600\" height=\"1066\" alt=\"Trabajo\"><\/p>\n<\/div>\n<p>\u00a0Ministerio de Trabajo recuerda que el 1 de mayo es laborable; feriado pasa al lunes 4<br \/>\nrosahenriquez<br \/>\n29 de  Abril 2026 | 12:40<\/p>\n<p>Santo Domingo.- El Ministerio de Trabajo reitera a toda la colectividad empresarial y trabajadora de la Rep\u00fablica Dominicana que el D\u00eda del Trabajo, que se conmemora el viernes 1 de mayo es laborable y el feriado se cambia para el lunes 4 del mismo mes.\u00a0<\/p>\n<p>En ese sentido, los sectores p\u00fablico y privado deben retornar a sus labores cotidianas el martes 5 de mayo, seg\u00fan lo establece la Ley 139-97, sobre la aplicaci\u00f3n de los d\u00edas feriados.\u00a0<\/p>\n<p>Esta disposici\u00f3n debe ser aplicada en todos los establecimientos del pa\u00eds.\u00a0\u00a0\u00a0<\/p>\n","protected":false},"excerpt":{"rendered":"<p>Ministerio de Trabajo recuerda que el 1 de mayo es laborable; feriado pasa al lunes 4 rosahenriquez 29 de Abril 2026 | 12:40 Santo Domingo.- El Ministerio de Trabajo reitera a toda la colectividad empresarial y trabajadora de la Rep\u00fablica Dominicana que el D\u00eda del Trabajo, que se conmemora el viernes 1 de mayo es [&hellip;]<\/p>\n","protected":false},"author":1,"featured_media":26053,"comment_status":"open","ping_status":"open","sticky":false,"template":"","format":"standard","meta":{"amp_status":"","footnotes":""},"categories":[8],"tags":[],"class_list":["post-26052","post","type-post","status-publish","format-standard","has-post-thumbnail","hentry","category-republica"],"_links":{"self":[{"href":"https:\/\/ermdigital.com\/index.php?rest_route=\/wp\/v2\/posts\/26052","targetHints":{"allow":["GET"]}}],"collection":[{"href":"https:\/\/ermdigital.com\/index.php?rest_route=\/wp\/v2\/posts"}],"about":[{"href":"https:\/\/ermdigital.com\/index.php?rest_route=\/wp\/v2\/types\/post"}],"author":[{"embeddable":true,"href":"https:\/\/ermdigital.com\/index.php?rest_route=\/wp\/v2\/users\/1"}],"replies":[{"embeddable":true,"href":"https:\/\/ermdigital.com\/index.php?rest_route=%2Fwp%2Fv2%2Fcomments&post=26052"}],"version-history":[{"count":0,"href":"https:\/\/ermdigital.com\/index.php?rest_route=\/wp\/v2\/posts\/26052\/revisions"}],"wp:featuredmedia":[{"embeddable":true,"href":"https:\/\/ermdigital.com\/index.php?rest_route=\/wp\/v2\/media\/26053"}],"wp:attachment":[{"href":"https:\/\/ermdigital.com\/index.php?rest_route=%2Fwp%2Fv2%2Fmedia&parent=26052"}],"wp:term":[{"taxonomy":"category","embeddable":true,"href":"https:\/\/ermdigital.com\/index.php?rest_route=%2Fwp%2Fv2%2Fcategories&post=26052"},{"taxonomy":"post_tag","embeddable":true,"href":"https:\/\/ermdigital.com\/index.php?rest_route=%2Fwp%2Fv2%2Ftags&post=26052"}],"curies":[{"name":"wp","href":"https:\/\/api.w.org\/{rel}","templated":true}]}}