{"id":26038,"date":"2026-04-29T12:51:39","date_gmt":"2026-04-29T16:51:39","guid":{"rendered":"https:\/\/ermdigital.com\/?p=26038"},"modified":"2026-04-29T12:51:39","modified_gmt":"2026-04-29T16:51:39","slug":"superate-graduo-55-padres-y-madres-en-cuidado-y-apoyo-a-personas-con-discapacidad","status":"publish","type":"post","link":"https:\/\/ermdigital.com\/?p=26038","title":{"rendered":"Sup\u00e9rate gradu\u00f3 55 padres y madres en cuidado y apoyo a personas con discapacidad\u00a0"},"content":{"rendered":"<p>&lt;![CDATA[<\/p>\n<p>La <b>Direcci\u00f3n de Desarrollo Social Sup\u00e9rate<\/b>, junto al Instituto Nacional de Formaci\u00f3n T\u00e9cnico Profesional (Infotep) y el Consejo Nacional de Discapacidad (Conadis), graduaron la primera cohorte de <b>55 padres y madres<\/b> con ni\u00f1os y adolescentes con discapacidad en el \u201c<b>Curso de Cuidados y Apoyo para Personas con Discapacidad<\/b>\u201d.<\/p>\n<p><a href=\"https:\/\/listindiario.com\/la-republica\/ciudad\/20260429\/superate-graduo-55-padres-madres-cuidado-apoyo-personas-discapacidad_903728.html\">wf_cms.rss.read_more<\/a><\/p>\n<p>]]&gt;<\/p>\n<p>\u200bMayra Jim\u00e9nez dijo que al menos 42 de los graduandos firmaron para ser contratados como cuidadores profesionales por parte de Sup\u00e9rate para recibir una remuneraci\u00f3n de RD$20,000 extra a los RD$6,000 que reciben los padres por cada ni\u00f1o con discapacidad.\u00a0\u00a0Ciudad\u00a0<\/p>\n","protected":false},"excerpt":{"rendered":"<p>&lt;![CDATA[ La Direcci\u00f3n de Desarrollo Social Sup\u00e9rate, junto al Instituto Nacional de Formaci\u00f3n T\u00e9cnico Profesional (Infotep) y el Consejo Nacional de Discapacidad (Conadis), graduaron la primera cohorte de 55 padres y madres con ni\u00f1os y adolescentes con discapacidad en el \u201cCurso de Cuidados y Apoyo para Personas con Discapacidad\u201d. wf_cms.rss.read_more ]]&gt; \u200bMayra Jim\u00e9nez dijo que [&hellip;]<\/p>\n","protected":false},"author":1,"featured_media":26039,"comment_status":"open","ping_status":"open","sticky":false,"template":"","format":"standard","meta":{"amp_status":"","footnotes":""},"categories":[5],"tags":[],"class_list":["post-26038","post","type-post","status-publish","format-standard","has-post-thumbnail","hentry","category-politica"],"_links":{"self":[{"href":"https:\/\/ermdigital.com\/index.php?rest_route=\/wp\/v2\/posts\/26038","targetHints":{"allow":["GET"]}}],"collection":[{"href":"https:\/\/ermdigital.com\/index.php?rest_route=\/wp\/v2\/posts"}],"about":[{"href":"https:\/\/ermdigital.com\/index.php?rest_route=\/wp\/v2\/types\/post"}],"author":[{"embeddable":true,"href":"https:\/\/ermdigital.com\/index.php?rest_route=\/wp\/v2\/users\/1"}],"replies":[{"embeddable":true,"href":"https:\/\/ermdigital.com\/index.php?rest_route=%2Fwp%2Fv2%2Fcomments&post=26038"}],"version-history":[{"count":0,"href":"https:\/\/ermdigital.com\/index.php?rest_route=\/wp\/v2\/posts\/26038\/revisions"}],"wp:featuredmedia":[{"embeddable":true,"href":"https:\/\/ermdigital.com\/index.php?rest_route=\/wp\/v2\/media\/26039"}],"wp:attachment":[{"href":"https:\/\/ermdigital.com\/index.php?rest_route=%2Fwp%2Fv2%2Fmedia&parent=26038"}],"wp:term":[{"taxonomy":"category","embeddable":true,"href":"https:\/\/ermdigital.com\/index.php?rest_route=%2Fwp%2Fv2%2Fcategories&post=26038"},{"taxonomy":"post_tag","embeddable":true,"href":"https:\/\/ermdigital.com\/index.php?rest_route=%2Fwp%2Fv2%2Ftags&post=26038"}],"curies":[{"name":"wp","href":"https:\/\/api.w.org\/{rel}","templated":true}]}}