{"id":26020,"date":"2026-04-29T12:01:22","date_gmt":"2026-04-29T16:01:22","guid":{"rendered":"https:\/\/ermdigital.com\/anuncian-cuarta-edicion-de-premios-santo-domingo-oeste-2026-bajo-el-lema-lo-mejor-de-nosotros\/"},"modified":"2026-04-29T12:01:22","modified_gmt":"2026-04-29T16:01:22","slug":"anuncian-cuarta-edicion-de-premios-santo-domingo-oeste-2026-bajo-el-lema-lo-mejor-de-nosotros","status":"publish","type":"post","link":"https:\/\/ermdigital.com\/?p=26020","title":{"rendered":"Anuncian cuarta edici\u00f3n de Premios Santo Domingo Oeste 2026 bajo el lema \u201cLo Mejor de Nosotros\u201d"},"content":{"rendered":"<p>Santo Domingo Oeste. \u2013 Fue anunciada oficialmente la cuarta entrega de Premios Santo Domingo Oeste, el evento que reconoce el talento, liderazgo y aportes de las figuras m\u00e1s destacadas del municipio, y que este a\u00f1o regresa con una propuesta renovada bajo el lema \u201cLo Mejor de Nosotros\u201d.<\/p>\n<p>La producci\u00f3n general estar\u00e1 a cargo de la reconocida periodista Am\u00e9rica P\u00e9rez, quien vuelve a asumir este importante rol tras haber producido exitosamente la segunda edici\u00f3n en 2019, y adelant\u00f3 que, \"para esta nueva entrega, la apuesta art\u00edstica y ambiental combinar\u00e1 la riqueza de la tradici\u00f3n con la fuerza de la modernidad, proyectando un espect\u00e1culo a la altura de la principal festividad de Santo Domingo Oeste\".<\/p>\n<p>La ceremonia se celebrar\u00e1 el pr\u00f3ximo 22 de julio, iniciando a las 6:00 de la tarde con una alfombra roja, seguida de la gala de premiaci\u00f3n y culminando con un exclusivo after party para celebrar junto a nominados, invitados especiales y personalidades del municipio.<\/p>\n<p>En esta cuarta edici\u00f3n, los participantes podr\u00e1n postularse en las categor\u00edas Liderazgo Comunitario, Liderazgo Deportivo, Liderazgo Religioso, Liderazgo Cultural, Proyecto de Emprendimiento del A\u00f1o, Joven Pol\u00edtico Destacado, Comunicador del A\u00f1o, Influencer y Creador Digital del A\u00f1o, Mujer Destacada del A\u00f1o e Incentivo Protecci\u00f3n del Medio Ambiente.<\/p>\n<p>Los nominados ser\u00e1n evaluados por un jurado integrado por reconocidas personalidades del municipio, cuyos nombres ser\u00e1n anunciados en los pr\u00f3ximos d\u00edas. De igual manera, regresa el esperado Premio del Pueblo, una categor\u00eda especial en la que los mun\u00edcipes podr\u00e1n elegir a sus favoritos mediante votaci\u00f3n popular.<\/p>\n<blockquote class=\"wp-block-quote is-layout-flow wp-block-quote-is-layout-flow\">\n<p>Joel Suero, director de los Premios SDO, manifest\u00f3 que esta edici\u00f3n busca \"exaltar la identidad, el orgullo y el talento de Santo Domingo Oeste\", consolidando estos premios como una plataforma de reconocimiento \"para quienes aportan al desarrollo social, cultural, comunitario y profesional del municipio\".<\/p>\n<\/blockquote>\n<p>Asimismo, informaron que en los pr\u00f3ximos d\u00edas ser\u00e1n revelados los presentadores oficiales de esta gran gala, junto a otras novedades que formar\u00e1n parte de una producci\u00f3n concebida para hacer historia.<\/p>\n<p><strong><em>Te puede interesar: <a href=\"https:\/\/deultimominuto.net\/entretenimiento\/santiago-matias-encabeza-ranking-de-los-100-comunicadores-mas-influyentes-de-republica-dominicana\/\">Santiago Mat\u00edas encabeza ranking de los 100 comunicadores m\u00e1s influyentes de Rep\u00fablica Dominicana<\/a><\/em><\/strong><\/p>\n<p>Con el lema \u201cLo Mejor de Nosotros\u201d, Premios Santo Domingo Oeste 2026 promete consagrarse en la celebraci\u00f3n memorable del talento y los valores que distinguen al municipio.<\/p>\n<p>\u200bSanto Domingo Oeste. \u2013 Fue anunciada oficialmente la cuarta entrega de Premios Santo Domingo Oeste, el evento que reconoce el talento, liderazgo y aportes de las figuras m\u00e1s destacadas del municipio, y que este a\u00f1o regresa con una propuesta renovada bajo el lema \u201cLo Mejor de Nosotros\u201d. La producci\u00f3n general estar\u00e1 a cargo de la\u00a0\u00a0Estilo, Deultimominuto, ElPeri\u00f3dicodelaVerdad, Rep\u00fablica Dominicana\u00a0\u00a0<\/p>\n","protected":false},"excerpt":{"rendered":"<p>Santo Domingo Oeste. \u2013 Fue anunciada oficialmente la cuarta entrega de Premios Santo Domingo Oeste, el evento que reconoce el talento, liderazgo y aportes de las figuras m\u00e1s destacadas del municipio, y que este a\u00f1o regresa con una propuesta renovada bajo el lema \u201cLo Mejor de Nosotros\u201d. La producci\u00f3n general estar\u00e1 a cargo de la [&hellip;]<\/p>\n","protected":false},"author":1,"featured_media":26021,"comment_status":"open","ping_status":"open","sticky":false,"template":"","format":"standard","meta":{"amp_status":"","footnotes":""},"categories":[3],"tags":[],"class_list":["post-26020","post","type-post","status-publish","format-standard","has-post-thumbnail","hentry","category-de-ultimo-minuto"],"_links":{"self":[{"href":"https:\/\/ermdigital.com\/index.php?rest_route=\/wp\/v2\/posts\/26020","targetHints":{"allow":["GET"]}}],"collection":[{"href":"https:\/\/ermdigital.com\/index.php?rest_route=\/wp\/v2\/posts"}],"about":[{"href":"https:\/\/ermdigital.com\/index.php?rest_route=\/wp\/v2\/types\/post"}],"author":[{"embeddable":true,"href":"https:\/\/ermdigital.com\/index.php?rest_route=\/wp\/v2\/users\/1"}],"replies":[{"embeddable":true,"href":"https:\/\/ermdigital.com\/index.php?rest_route=%2Fwp%2Fv2%2Fcomments&post=26020"}],"version-history":[{"count":0,"href":"https:\/\/ermdigital.com\/index.php?rest_route=\/wp\/v2\/posts\/26020\/revisions"}],"wp:featuredmedia":[{"embeddable":true,"href":"https:\/\/ermdigital.com\/index.php?rest_route=\/wp\/v2\/media\/26021"}],"wp:attachment":[{"href":"https:\/\/ermdigital.com\/index.php?rest_route=%2Fwp%2Fv2%2Fmedia&parent=26020"}],"wp:term":[{"taxonomy":"category","embeddable":true,"href":"https:\/\/ermdigital.com\/index.php?rest_route=%2Fwp%2Fv2%2Fcategories&post=26020"},{"taxonomy":"post_tag","embeddable":true,"href":"https:\/\/ermdigital.com\/index.php?rest_route=%2Fwp%2Fv2%2Ftags&post=26020"}],"curies":[{"name":"wp","href":"https:\/\/api.w.org\/{rel}","templated":true}]}}