{"id":26018,"date":"2026-04-29T12:10:55","date_gmt":"2026-04-29T16:10:55","guid":{"rendered":"https:\/\/ermdigital.com\/personalidades-respaldan-iniciativa-de-amigos-que-suman-en-su-ix-aniversario\/"},"modified":"2026-04-29T12:10:55","modified_gmt":"2026-04-29T16:10:55","slug":"personalidades-respaldan-iniciativa-de-amigos-que-suman-en-su-ix-aniversario","status":"publish","type":"post","link":"https:\/\/ermdigital.com\/?p=26018","title":{"rendered":"Personalidades respaldan iniciativa de \u201cAmigos que Suman\u201d en su IX aniversario"},"content":{"rendered":"<p><em>Santo Domingo.\u2013<\/em> Diversas figuras del \u00e1mbito period\u00edstico, institucional y social coincidieron en resaltar la importancia de promover una comunicaci\u00f3n \u00e9tica, responsable y enfocada en la verdad, durante la celebraci\u00f3n del IX aniversario de la iniciativa \u201cAmigos que Suman\u201d.<\/p>\n<p>En el marco de la actividad, el presidente de la Sociedad Dominicana de Diarios y director de El Nuevo Diario, Persio Maldonado, valor\u00f3 el manifiesto que ser\u00e1 firmado por j\u00f3venes comunicadores, al considerar que promueve principios fundamentales como la \u00e9tica y la b\u00fasqueda de la verdad.<\/p>\n<h2 class=\"wp-block-heading\">\u201cEl documento tiene un prop\u00f3sito saludable, que es promover el sentido \u00e9tico y la b\u00fasqueda de la verdad. La tecnolog\u00eda ha transformado la comunicaci\u00f3n, pero hay algo que no cambia ni cambiar\u00e1: la responsabilidad de decir la verdad y orientar\u201d, expres\u00f3, al tiempo que destac\u00f3 la importancia de generar confianza en las audiencias.<\/h2>\n<p>De su lado, el director general de Pasaportes Lorenzo David Ram\u00edrez, calific\u00f3 la iniciativa como una de las mejor concebidas por el comunicador Ruddy De Los Santos, al considerar que logra integrar distintas visiones para impulsar ideas que contribuyan al fortalecimiento del debate p\u00fablico y la participaci\u00f3n social.<\/p>\n<p>Mientras que la diputada Liz Mieses felicit\u00f3 a \u201cAmigos que Suman\u201d por sus nueve a\u00f1os de aportes al pa\u00eds, resaltando que la comunicaci\u00f3n se ha convertido en un eje clave tanto para la informaci\u00f3n como para la desinformaci\u00f3n.<\/p>\n<p>En ese sentido, consider\u00f3 necesario establecer mecanismos que regulen las malas pr\u00e1cticas en el ejercicio comunicacional. \u201cNo es un secreto que hay pseudocomunicadores que no ejercen su funci\u00f3n correctamente, por lo que se deben buscar formas de control que garanticen una comunicaci\u00f3n responsable\u201d, afirm\u00f3.<\/p>\n<p><strong>Te puede interesar: <a href=\"https:\/\/deultimominuto.net\/estilo\/amigos-que-suman-celebra-ix-aniversario-con-panel-por-una-mejor-comunicacion\/\">\u201cAmigos que Suman\u201d celebra IX aniversario con panel por una mejor comunicaci\u00f3n<\/a><\/strong><\/p>\n<p>Asimismo, el presidente del Centro de An\u00e1lisis y Estudio de la Comunicaci\u00f3n en Rep\u00fablica Dominicana (CAESCO), Miguel Ota\u00f1ez, destac\u00f3 el aporte hist\u00f3rico de la iniciativa al debate p\u00fablico y subray\u00f3 la necesidad de revalorizar el periodismo ante el avance de la desinformaci\u00f3n.<\/p>\n<blockquote class=\"wp-block-quote is-layout-flow wp-block-quote-is-layout-flow\">\n<p>\u201cEstamos en un momento en el que debemos debatir la revalorizaci\u00f3n del periodismo. La desinformaci\u00f3n se ha convertido en uno de los principales problemas a nivel mundial, y este tipo de iniciativas puede marcar un punto de inflexi\u00f3n si se mantiene en el tiempo\u201d, indic\u00f3.<\/p>\n<\/blockquote>\n<p>Las declaraciones fueron ofrecidas en el marco de un panel conmemorativo donde 25 j\u00f3venes comunicadores firmar\u00e1n un manifiesto para promover contenidos responsables, abordando temas de inter\u00e9s social y contribuyendo a una comunicaci\u00f3n m\u00e1s consciente en la Rep\u00fablica Dominicana.<\/p>\n<p>\u200bSanto Domingo.\u2013 Diversas figuras del \u00e1mbito period\u00edstico, institucional y social coincidieron en resaltar la importancia de promover una comunicaci\u00f3n \u00e9tica, responsable y enfocada en la verdad, durante la celebraci\u00f3n del IX aniversario de la iniciativa \u201cAmigos que Suman\u201d. En el marco de la actividad, el presidente de la Sociedad Dominicana de Diarios y director de\u00a0\u00a0Nacionales, Amigos Que Suman, Deultimominuto, ElPeri\u00f3dicodelaVerdad, Personalidades, Rep\u00fablica Dominicana\u00a0\u00a0<\/p>\n","protected":false},"excerpt":{"rendered":"<p>Santo Domingo.\u2013 Diversas figuras del \u00e1mbito period\u00edstico, institucional y social coincidieron en resaltar la importancia de promover una comunicaci\u00f3n \u00e9tica, responsable y enfocada en la verdad, durante la celebraci\u00f3n del IX aniversario de la iniciativa \u201cAmigos que Suman\u201d. En el marco de la actividad, el presidente de la Sociedad Dominicana de Diarios y director de [&hellip;]<\/p>\n","protected":false},"author":1,"featured_media":26019,"comment_status":"open","ping_status":"open","sticky":false,"template":"","format":"standard","meta":{"amp_status":"","footnotes":""},"categories":[3],"tags":[],"class_list":["post-26018","post","type-post","status-publish","format-standard","has-post-thumbnail","hentry","category-de-ultimo-minuto"],"_links":{"self":[{"href":"https:\/\/ermdigital.com\/index.php?rest_route=\/wp\/v2\/posts\/26018","targetHints":{"allow":["GET"]}}],"collection":[{"href":"https:\/\/ermdigital.com\/index.php?rest_route=\/wp\/v2\/posts"}],"about":[{"href":"https:\/\/ermdigital.com\/index.php?rest_route=\/wp\/v2\/types\/post"}],"author":[{"embeddable":true,"href":"https:\/\/ermdigital.com\/index.php?rest_route=\/wp\/v2\/users\/1"}],"replies":[{"embeddable":true,"href":"https:\/\/ermdigital.com\/index.php?rest_route=%2Fwp%2Fv2%2Fcomments&post=26018"}],"version-history":[{"count":0,"href":"https:\/\/ermdigital.com\/index.php?rest_route=\/wp\/v2\/posts\/26018\/revisions"}],"wp:featuredmedia":[{"embeddable":true,"href":"https:\/\/ermdigital.com\/index.php?rest_route=\/wp\/v2\/media\/26019"}],"wp:attachment":[{"href":"https:\/\/ermdigital.com\/index.php?rest_route=%2Fwp%2Fv2%2Fmedia&parent=26018"}],"wp:term":[{"taxonomy":"category","embeddable":true,"href":"https:\/\/ermdigital.com\/index.php?rest_route=%2Fwp%2Fv2%2Fcategories&post=26018"},{"taxonomy":"post_tag","embeddable":true,"href":"https:\/\/ermdigital.com\/index.php?rest_route=%2Fwp%2Fv2%2Ftags&post=26018"}],"curies":[{"name":"wp","href":"https:\/\/api.w.org\/{rel}","templated":true}]}}