{"id":26006,"date":"2026-04-29T11:22:09","date_gmt":"2026-04-29T15:22:09","guid":{"rendered":"https:\/\/ermdigital.com\/continua-busqueda-del-nino-de-2-anos-cuya-madre-se-lanzo-al-rio-yaque-del-norte-con-el\/"},"modified":"2026-04-29T11:22:09","modified_gmt":"2026-04-29T15:22:09","slug":"continua-busqueda-del-nino-de-2-anos-cuya-madre-se-lanzo-al-rio-yaque-del-norte-con-el","status":"publish","type":"post","link":"https:\/\/ermdigital.com\/?p=26006","title":{"rendered":"Continua b\u00fasqueda del ni\u00f1o de 2 a\u00f1os; cuya madre se lanz\u00f3 al r\u00edo Yaque del Norte con \u00e9l\u00a0"},"content":{"rendered":"<p>&lt;![CDATA[<\/p>\n<p>Las autoridades de la provincia de <b>Monte Cristi<\/b> contin\u00faan la b\u00fasqueda de un ni\u00f1o de dos a\u00f1os, tras perderse en las aguas del r\u00edo Yaque del Norte, luego de que la madre se lanzara con \u00e9l al afluente.<\/p>\n<p><a href=\"https:\/\/listindiario.com\/la-republica\/provincias\/20260429\/monte-cristi-continuan-busqueda-nino-2-anos-madre-lanzo-rio-yaque-norte-infante_903714.html\">wf_cms.rss.read_more<\/a><\/p>\n<p>]]&gt;<\/p>\n<p>\u200bEl coronel de los Bomberos de Monte Cristi Juan Francisco, dijo que m\u00e1s de 40 personas de diferentes instituciones y 5 lanchas se encuentran en la b\u00fasqueda del menor.\u00a0\u00a0Provincias\u00a0<\/p>\n","protected":false},"excerpt":{"rendered":"<p>&lt;![CDATA[ Las autoridades de la provincia de Monte Cristi contin\u00faan la b\u00fasqueda de un ni\u00f1o de dos a\u00f1os, tras perderse en las aguas del r\u00edo Yaque del Norte, luego de que la madre se lanzara con \u00e9l al afluente. wf_cms.rss.read_more ]]&gt; \u200bEl coronel de los Bomberos de Monte Cristi Juan Francisco, dijo que m\u00e1s de [&hellip;]<\/p>\n","protected":false},"author":1,"featured_media":26007,"comment_status":"open","ping_status":"open","sticky":false,"template":"","format":"standard","meta":{"amp_status":"","footnotes":""},"categories":[5],"tags":[],"class_list":["post-26006","post","type-post","status-publish","format-standard","has-post-thumbnail","hentry","category-politica"],"_links":{"self":[{"href":"https:\/\/ermdigital.com\/index.php?rest_route=\/wp\/v2\/posts\/26006","targetHints":{"allow":["GET"]}}],"collection":[{"href":"https:\/\/ermdigital.com\/index.php?rest_route=\/wp\/v2\/posts"}],"about":[{"href":"https:\/\/ermdigital.com\/index.php?rest_route=\/wp\/v2\/types\/post"}],"author":[{"embeddable":true,"href":"https:\/\/ermdigital.com\/index.php?rest_route=\/wp\/v2\/users\/1"}],"replies":[{"embeddable":true,"href":"https:\/\/ermdigital.com\/index.php?rest_route=%2Fwp%2Fv2%2Fcomments&post=26006"}],"version-history":[{"count":0,"href":"https:\/\/ermdigital.com\/index.php?rest_route=\/wp\/v2\/posts\/26006\/revisions"}],"wp:featuredmedia":[{"embeddable":true,"href":"https:\/\/ermdigital.com\/index.php?rest_route=\/wp\/v2\/media\/26007"}],"wp:attachment":[{"href":"https:\/\/ermdigital.com\/index.php?rest_route=%2Fwp%2Fv2%2Fmedia&parent=26006"}],"wp:term":[{"taxonomy":"category","embeddable":true,"href":"https:\/\/ermdigital.com\/index.php?rest_route=%2Fwp%2Fv2%2Fcategories&post=26006"},{"taxonomy":"post_tag","embeddable":true,"href":"https:\/\/ermdigital.com\/index.php?rest_route=%2Fwp%2Fv2%2Ftags&post=26006"}],"curies":[{"name":"wp","href":"https:\/\/api.w.org\/{rel}","templated":true}]}}