{"id":26000,"date":"2026-04-29T11:54:51","date_gmt":"2026-04-29T15:54:51","guid":{"rendered":"https:\/\/ermdigital.com\/autoridades-investigan-accidente-de-aeronave-en-dajabon-que-dejo-dos-personas-heridas\/"},"modified":"2026-04-29T11:54:51","modified_gmt":"2026-04-29T15:54:51","slug":"autoridades-investigan-accidente-de-aeronave-en-dajabon-que-dejo-dos-personas-heridas","status":"publish","type":"post","link":"https:\/\/ermdigital.com\/?p=26000","title":{"rendered":"Autoridades investigan accidente de aeronave en Dajab\u00f3n que dej\u00f3 dos personas heridas\u00a0"},"content":{"rendered":"<p>&lt;![CDATA[<\/p>\n<p>El accidente de una aeronave en la provincia fronteriza de Dajab\u00f3n, que dej\u00f3 al menos dos personas heridas, est\u00e1 bajo investigaci\u00f3n de la Comisi\u00f3n Investigadora de Accidentes de Aviaci\u00f3n (CIAA) y el Instituto Dominicano de Aviaci\u00f3n Civil (IDAC).<\/p>\n<p><a href=\"https:\/\/listindiario.com\/la-republica\/gobierno\/20260429\/autoridades-investigan-accidente-aeronave-dajabon-dejo-dos-personas-heridas_903727.html\">wf_cms.rss.read_more<\/a><\/p>\n<p>]]&gt;<\/p>\n<p>\u200bEl piloto y copiloto de la aeronave resultaron heridos y fueron llevados a un centro de salud\u00a0\u00a0Gobierno\u00a0<\/p>\n","protected":false},"excerpt":{"rendered":"<p>&lt;![CDATA[ El accidente de una aeronave en la provincia fronteriza de Dajab\u00f3n, que dej\u00f3 al menos dos personas heridas, est\u00e1 bajo investigaci\u00f3n de la Comisi\u00f3n Investigadora de Accidentes de Aviaci\u00f3n (CIAA) y el Instituto Dominicano de Aviaci\u00f3n Civil (IDAC). wf_cms.rss.read_more ]]&gt; \u200bEl piloto y copiloto de la aeronave resultaron heridos y fueron llevados a un [&hellip;]<\/p>\n","protected":false},"author":1,"featured_media":26001,"comment_status":"open","ping_status":"open","sticky":false,"template":"","format":"standard","meta":{"amp_status":"","footnotes":""},"categories":[5],"tags":[],"class_list":["post-26000","post","type-post","status-publish","format-standard","has-post-thumbnail","hentry","category-politica"],"_links":{"self":[{"href":"https:\/\/ermdigital.com\/index.php?rest_route=\/wp\/v2\/posts\/26000","targetHints":{"allow":["GET"]}}],"collection":[{"href":"https:\/\/ermdigital.com\/index.php?rest_route=\/wp\/v2\/posts"}],"about":[{"href":"https:\/\/ermdigital.com\/index.php?rest_route=\/wp\/v2\/types\/post"}],"author":[{"embeddable":true,"href":"https:\/\/ermdigital.com\/index.php?rest_route=\/wp\/v2\/users\/1"}],"replies":[{"embeddable":true,"href":"https:\/\/ermdigital.com\/index.php?rest_route=%2Fwp%2Fv2%2Fcomments&post=26000"}],"version-history":[{"count":0,"href":"https:\/\/ermdigital.com\/index.php?rest_route=\/wp\/v2\/posts\/26000\/revisions"}],"wp:featuredmedia":[{"embeddable":true,"href":"https:\/\/ermdigital.com\/index.php?rest_route=\/wp\/v2\/media\/26001"}],"wp:attachment":[{"href":"https:\/\/ermdigital.com\/index.php?rest_route=%2Fwp%2Fv2%2Fmedia&parent=26000"}],"wp:term":[{"taxonomy":"category","embeddable":true,"href":"https:\/\/ermdigital.com\/index.php?rest_route=%2Fwp%2Fv2%2Fcategories&post=26000"},{"taxonomy":"post_tag","embeddable":true,"href":"https:\/\/ermdigital.com\/index.php?rest_route=%2Fwp%2Fv2%2Ftags&post=26000"}],"curies":[{"name":"wp","href":"https:\/\/api.w.org\/{rel}","templated":true}]}}