{"id":25996,"date":"2026-04-29T10:27:47","date_gmt":"2026-04-29T14:27:47","guid":{"rendered":"https:\/\/ermdigital.com\/condenan-a-30-anos-de-prision-a-hombre-de-83-anos-en-santiago-por-tentativa-de-homicidio\/"},"modified":"2026-04-29T10:27:47","modified_gmt":"2026-04-29T14:27:47","slug":"condenan-a-30-anos-de-prision-a-hombre-de-83-anos-en-santiago-por-tentativa-de-homicidio","status":"publish","type":"post","link":"https:\/\/ermdigital.com\/?p=25996","title":{"rendered":"Condenan a 30 a\u00f1os de prisi\u00f3n a hombre de 83 a\u00f1os en Santiago por tentativa de homicidio"},"content":{"rendered":"<p><strong>Santiago.- <\/strong>El Tercer Tribunal Colegiado del Distrito Judicial de Santiago conden\u00f3 la tarde del martes a 30 a\u00f1os de prisi\u00f3n a Nicol\u00e1s Su\u00e1rez, de 83 a\u00f1os, tras hallarlo culpable de tentativa de asesinato, una decisi\u00f3n que ser\u00e1 apelada por su defensa, que la considera desproporcionada e incompatible con sus condiciones de salud.<\/p>\n<p>La informaci\u00f3n fue ofrecida por la defensora p\u00fablica Milagros del Carmen, representante legal del condenado, quien explic\u00f3 que el tribunal acogi\u00f3 la calificaci\u00f3n jur\u00eddica presentada por el Ministerio P\u00fablico.<\/p>\n<p>No obstante, la defensa sostuvo que no se configuraban las agravantes necesarias para tipificar el hecho como tentativa de asesinato, por lo que propusieron una calificaci\u00f3n menos grave que permitiera una pena suspendida.<\/p>\n<h4 class=\"wp-block-heading\"><strong>Puedes leer: <a href=\"https:\/\/deultimominuto.net\/nacionales\/adolescente-de-14-anos-es-reportada-desaparecida-en-santiago-familiares-solicitan-ayuda-urgente\/\">Adolescente de 14 a\u00f1os es reportada desaparecida en Santiago; familiares solicitan ayuda urgente<\/a><\/strong><\/h4>\n<p>La abogada indic\u00f3 que Su\u00e1rez presenta problemas de salud, incluyendo limitaciones visuales y auditivas, y record\u00f3 que actualmente cumple arresto domiciliario, medida obtenida meses atr\u00e1s.<\/p>\n<p>Advirti\u00f3 que, de quedar firme la condena, el imputado tendr\u00eda que ser trasladado a un centro penitenciario, lo que calific\u00f3 como una \u201ccondena de muerte\u201d por su avanzada edad.<\/p>\n<p>La defensa anunci\u00f3 que apelar\u00e1 la sentencia ante la Corte de Apelaci\u00f3n, buscando que se imponga una pena menor que pueda ser cumplida en su residencia.<\/p>\n<p>\u200bSantiago.- El Tercer Tribunal Colegiado del Distrito Judicial de Santiago conden\u00f3 la tarde del martes a 30 a\u00f1os de prisi\u00f3n a Nicol\u00e1s Su\u00e1rez, de 83 a\u00f1os, tras hallarlo culpable de tentativa de asesinato, una decisi\u00f3n que ser\u00e1 apelada por su defensa, que la considera desproporcionada e incompatible con sus condiciones de salud. La informaci\u00f3n fue\u00a0\u00a0Nacionales, Santiago\u00a0\u00a0<\/p>\n","protected":false},"excerpt":{"rendered":"<p>Santiago.- El Tercer Tribunal Colegiado del Distrito Judicial de Santiago conden\u00f3 la tarde del martes a 30 a\u00f1os de prisi\u00f3n a Nicol\u00e1s Su\u00e1rez, de 83 a\u00f1os, tras hallarlo culpable de tentativa de asesinato, una decisi\u00f3n que ser\u00e1 apelada por su defensa, que la considera desproporcionada e incompatible con sus condiciones de salud. La informaci\u00f3n fue [&hellip;]<\/p>\n","protected":false},"author":1,"featured_media":25997,"comment_status":"open","ping_status":"open","sticky":false,"template":"","format":"standard","meta":{"amp_status":"","footnotes":""},"categories":[3],"tags":[],"class_list":["post-25996","post","type-post","status-publish","format-standard","has-post-thumbnail","hentry","category-de-ultimo-minuto"],"_links":{"self":[{"href":"https:\/\/ermdigital.com\/index.php?rest_route=\/wp\/v2\/posts\/25996","targetHints":{"allow":["GET"]}}],"collection":[{"href":"https:\/\/ermdigital.com\/index.php?rest_route=\/wp\/v2\/posts"}],"about":[{"href":"https:\/\/ermdigital.com\/index.php?rest_route=\/wp\/v2\/types\/post"}],"author":[{"embeddable":true,"href":"https:\/\/ermdigital.com\/index.php?rest_route=\/wp\/v2\/users\/1"}],"replies":[{"embeddable":true,"href":"https:\/\/ermdigital.com\/index.php?rest_route=%2Fwp%2Fv2%2Fcomments&post=25996"}],"version-history":[{"count":0,"href":"https:\/\/ermdigital.com\/index.php?rest_route=\/wp\/v2\/posts\/25996\/revisions"}],"wp:featuredmedia":[{"embeddable":true,"href":"https:\/\/ermdigital.com\/index.php?rest_route=\/wp\/v2\/media\/25997"}],"wp:attachment":[{"href":"https:\/\/ermdigital.com\/index.php?rest_route=%2Fwp%2Fv2%2Fmedia&parent=25996"}],"wp:term":[{"taxonomy":"category","embeddable":true,"href":"https:\/\/ermdigital.com\/index.php?rest_route=%2Fwp%2Fv2%2Fcategories&post=25996"},{"taxonomy":"post_tag","embeddable":true,"href":"https:\/\/ermdigital.com\/index.php?rest_route=%2Fwp%2Fv2%2Ftags&post=25996"}],"curies":[{"name":"wp","href":"https:\/\/api.w.org\/{rel}","templated":true}]}}