{"id":25992,"date":"2026-04-29T10:38:10","date_gmt":"2026-04-29T14:38:10","guid":{"rendered":"https:\/\/ermdigital.com\/ministerio-de-trabajo-reitera-feriado-por-el-dia-del-trabajo-se-cambia-para-el-lunes-4\/"},"modified":"2026-04-29T10:38:10","modified_gmt":"2026-04-29T14:38:10","slug":"ministerio-de-trabajo-reitera-feriado-por-el-dia-del-trabajo-se-cambia-para-el-lunes-4","status":"publish","type":"post","link":"https:\/\/ermdigital.com\/?p=25992","title":{"rendered":"Ministerio de Trabajo reitera feriado por el D\u00eda del Trabajo se cambia para el lunes 4"},"content":{"rendered":"<p>El Ministerio de Trabajo reitera a toda la colectividad empresarial y trabajadora de la Rep\u00fablica Dominicana que el D\u00eda del Trabajo, que se conmemora el viernes 1 de mayo es laborable y el feriado se cambia para el lunes 4 del mismo mes.<\/p>\n<p>En ese sentido, los sectores p\u00fablico y privado deben retornar a sus labores cotidianas el martes 5 de mayo, seg\u00fan lo establece la Ley 139-97, sobre la aplicaci\u00f3n de los d\u00edas feriados.<\/p>\n<p>Esta disposici\u00f3n debe ser aplicada en todos los establecimientos del pa\u00eds.<\/p>\n<\/p>\n<p>\u200bEl Ministerio de Trabajo reitera a toda la colectividad empresarial y trabajadora de la Rep\u00fablica Dominicana que el D\u00eda del Trabajo, que se conmemora el viernes 1 de mayo es laborable y el feriado se cambia para el lunes 4 del mismo mes. En ese sentido, los sectores p\u00fablico y privado deben retornar a sus\u00a0\u00a0Econom\u00eda, Cambio, Dia, Feriado, Lunes, Trabajo\u00a0\u00a0<\/p>\n","protected":false},"excerpt":{"rendered":"<p>El Ministerio de Trabajo reitera a toda la colectividad empresarial y trabajadora de la Rep\u00fablica Dominicana que el D\u00eda del Trabajo, que se conmemora el viernes 1 de mayo es laborable y el feriado se cambia para el lunes 4 del mismo mes. En ese sentido, los sectores p\u00fablico y privado deben retornar a sus [&hellip;]<\/p>\n","protected":false},"author":1,"featured_media":25993,"comment_status":"open","ping_status":"open","sticky":false,"template":"","format":"standard","meta":{"amp_status":"","footnotes":""},"categories":[3],"tags":[],"class_list":["post-25992","post","type-post","status-publish","format-standard","has-post-thumbnail","hentry","category-de-ultimo-minuto"],"_links":{"self":[{"href":"https:\/\/ermdigital.com\/index.php?rest_route=\/wp\/v2\/posts\/25992","targetHints":{"allow":["GET"]}}],"collection":[{"href":"https:\/\/ermdigital.com\/index.php?rest_route=\/wp\/v2\/posts"}],"about":[{"href":"https:\/\/ermdigital.com\/index.php?rest_route=\/wp\/v2\/types\/post"}],"author":[{"embeddable":true,"href":"https:\/\/ermdigital.com\/index.php?rest_route=\/wp\/v2\/users\/1"}],"replies":[{"embeddable":true,"href":"https:\/\/ermdigital.com\/index.php?rest_route=%2Fwp%2Fv2%2Fcomments&post=25992"}],"version-history":[{"count":0,"href":"https:\/\/ermdigital.com\/index.php?rest_route=\/wp\/v2\/posts\/25992\/revisions"}],"wp:featuredmedia":[{"embeddable":true,"href":"https:\/\/ermdigital.com\/index.php?rest_route=\/wp\/v2\/media\/25993"}],"wp:attachment":[{"href":"https:\/\/ermdigital.com\/index.php?rest_route=%2Fwp%2Fv2%2Fmedia&parent=25992"}],"wp:term":[{"taxonomy":"category","embeddable":true,"href":"https:\/\/ermdigital.com\/index.php?rest_route=%2Fwp%2Fv2%2Fcategories&post=25992"},{"taxonomy":"post_tag","embeddable":true,"href":"https:\/\/ermdigital.com\/index.php?rest_route=%2Fwp%2Fv2%2Ftags&post=25992"}],"curies":[{"name":"wp","href":"https:\/\/api.w.org\/{rel}","templated":true}]}}