{"id":25988,"date":"2026-04-29T10:50:02","date_gmt":"2026-04-29T14:50:02","guid":{"rendered":"https:\/\/ermdigital.com\/pablo-amez-rodriguez-ofrece-conferencia-sobre-etica-y-liderazgo-en-banreservas\/"},"modified":"2026-04-29T10:50:02","modified_gmt":"2026-04-29T14:50:02","slug":"pablo-amez-rodriguez-ofrece-conferencia-sobre-etica-y-liderazgo-en-banreservas","status":"publish","type":"post","link":"https:\/\/ermdigital.com\/?p=25988","title":{"rendered":"Pablo \u00c1mez Rodr\u00edguez ofrece conferencia sobre \u00e9tica y liderazgo en Banreservas"},"content":{"rendered":"<p><strong>Santo Domingo.\u2013 <\/strong>En el marco del D\u00eda Nacional de la \u00c9tica Ciudadana, el acad\u00e9mico Pablo \u00c1mez Rodr\u00edguez ofreci\u00f3 la conferencia \u201cLa \u00e9tica: el pilar del \u00e9xito en las personas y las organizaciones\u201d, organizada por el Banreservas.<\/p>\n<p>Durante su intervenci\u00f3n, el especialista abord\u00f3 los principales desaf\u00edos \u00e9ticos en el \u00e1mbito empresarial, destacando que la toma de decisiones en contextos complejos requiere de principios s\u00f3lidos que orienten la conducta de los l\u00edderes y las organizaciones. La actividad propici\u00f3 un espacio de reflexi\u00f3n sobre la importancia de fortalecer una cultura \u00e9tica tanto en las instituciones como en la ciudadan\u00eda, con miras a consolidar la confianza y la transparencia en la gesti\u00f3n organizacional.<\/p>\n<p>El acad\u00e9mico, quien es director general del Instituto de Alta Direcci\u00f3n de Empresas (IDADE Management School) desde 2022, cuenta con m\u00e1s de 15 a\u00f1os de experiencia en la formaci\u00f3n de l\u00edderes y equipos de alto nivel en el \u00e1mbito empresarial iberoamericano.<\/p>\n<h4 class=\"wp-block-heading\"><strong>Puedes leer: <a href=\"https:\/\/deultimominuto.net\/estilo\/leonardo-aguilera-reafirma-compromiso-etico-de-banreservas-en-acto-por-el-dia-de-la-etica\/\">Leonardo Aguilera reafirma compromiso \u00e9tico de Banreservas en acto por el D\u00eda de la \u00c9tica<\/a><\/strong><a href=\"https:\/\/deultimominuto.net\/category\/estilo\/\"><\/a><\/h4>\n<p>En ese mismo escenario, el presidente ejecutivo de Banreservas, Leonardo Aguilera, reafirm\u00f3 el compromiso de la instituci\u00f3n con la \u00e9tica, la transparencia y la rendici\u00f3n de cuentas.<\/p>\n<p>Aguilera destac\u00f3 que en la entidad financiera la \u00e9tica no es una opci\u00f3n, sino un eje transversal que orienta la toma de decisiones, fortalece la gobernanza y sostiene la reputaci\u00f3n institucional.<\/p>\n<p>La actividad reuni\u00f3 a ejecutivos, empresarios y representantes del sector financiero, quienes valoraron la importancia de continuar promoviendo principios \u00e9ticos como base del desarrollo sostenible y la confianza p\u00fablica.<\/p>\n<p>\u200bSanto Domingo.\u2013 En el marco del D\u00eda Nacional de la \u00c9tica Ciudadana, el acad\u00e9mico Pablo \u00c1mez Rodr\u00edguez ofreci\u00f3 la conferencia \u201cLa \u00e9tica: el pilar del \u00e9xito en las personas y las organizaciones\u201d, organizada por el Banreservas. Durante su intervenci\u00f3n, el especialista abord\u00f3 los principales desaf\u00edos \u00e9ticos en el \u00e1mbito empresarial, destacando que la toma de\u00a0\u00a0Estilo, Banreservas\u00a0\u00a0<\/p>\n","protected":false},"excerpt":{"rendered":"<p>Santo Domingo.\u2013 En el marco del D\u00eda Nacional de la \u00c9tica Ciudadana, el acad\u00e9mico Pablo \u00c1mez Rodr\u00edguez ofreci\u00f3 la conferencia \u201cLa \u00e9tica: el pilar del \u00e9xito en las personas y las organizaciones\u201d, organizada por el Banreservas. Durante su intervenci\u00f3n, el especialista abord\u00f3 los principales desaf\u00edos \u00e9ticos en el \u00e1mbito empresarial, destacando que la toma de [&hellip;]<\/p>\n","protected":false},"author":1,"featured_media":25989,"comment_status":"open","ping_status":"open","sticky":false,"template":"","format":"standard","meta":{"amp_status":"","footnotes":""},"categories":[3],"tags":[],"class_list":["post-25988","post","type-post","status-publish","format-standard","has-post-thumbnail","hentry","category-de-ultimo-minuto"],"_links":{"self":[{"href":"https:\/\/ermdigital.com\/index.php?rest_route=\/wp\/v2\/posts\/25988","targetHints":{"allow":["GET"]}}],"collection":[{"href":"https:\/\/ermdigital.com\/index.php?rest_route=\/wp\/v2\/posts"}],"about":[{"href":"https:\/\/ermdigital.com\/index.php?rest_route=\/wp\/v2\/types\/post"}],"author":[{"embeddable":true,"href":"https:\/\/ermdigital.com\/index.php?rest_route=\/wp\/v2\/users\/1"}],"replies":[{"embeddable":true,"href":"https:\/\/ermdigital.com\/index.php?rest_route=%2Fwp%2Fv2%2Fcomments&post=25988"}],"version-history":[{"count":0,"href":"https:\/\/ermdigital.com\/index.php?rest_route=\/wp\/v2\/posts\/25988\/revisions"}],"wp:featuredmedia":[{"embeddable":true,"href":"https:\/\/ermdigital.com\/index.php?rest_route=\/wp\/v2\/media\/25989"}],"wp:attachment":[{"href":"https:\/\/ermdigital.com\/index.php?rest_route=%2Fwp%2Fv2%2Fmedia&parent=25988"}],"wp:term":[{"taxonomy":"category","embeddable":true,"href":"https:\/\/ermdigital.com\/index.php?rest_route=%2Fwp%2Fv2%2Fcategories&post=25988"},{"taxonomy":"post_tag","embeddable":true,"href":"https:\/\/ermdigital.com\/index.php?rest_route=%2Fwp%2Fv2%2Ftags&post=25988"}],"curies":[{"name":"wp","href":"https:\/\/api.w.org\/{rel}","templated":true}]}}