{"id":25986,"date":"2026-04-29T10:59:41","date_gmt":"2026-04-29T14:59:41","guid":{"rendered":"https:\/\/ermdigital.com\/avioneta-se-precipita-en-dajabon-piloto-y-copiloto-resultan-heridos\/"},"modified":"2026-04-29T10:59:41","modified_gmt":"2026-04-29T14:59:41","slug":"avioneta-se-precipita-en-dajabon-piloto-y-copiloto-resultan-heridos","status":"publish","type":"post","link":"https:\/\/ermdigital.com\/?p=25986","title":{"rendered":"Avioneta se precipita en Dajab\u00f3n; piloto y copiloto resultan heridos"},"content":{"rendered":"<p><strong>Dajab\u00f3n.\u2013<\/strong> Una avioneta se precipit\u00f3 a tierra la ma\u00f1ana de este mi\u00e9rcoles en la provincia fronteriza de Dajab\u00f3n, dejando como saldo al piloto y copiloto heridos, seg\u00fan reportes preliminares.<\/p>\n<p>De acuerdo con la informaci\u00f3n ofrecida por el corresponsal de Noticias SIN, C\u00e9sar Montesinos, los lesionados fueron identificados como Domingo An\u00edbal Bison\u00f3 y Luis Manuel Carrasco.<\/p>\n<h4 class=\"wp-block-heading\"><strong>Puedes leer: <a href=\"https:\/\/deultimominuto.net\/nacionales\/30-anos-de-prision-a-hombre-3\/\">Condenan a 30 a\u00f1os de prisi\u00f3n a hombre de 83 a\u00f1os en Santiago por tentativa de homicidio<\/a><\/strong><\/h4>\n<p>Ambos fueron trasladados de inmediato al centro m\u00e9dico Rosa Benita, donde reciben atenciones tras el accidente a\u00e9reo.<\/p>\n<p>Hasta el momento, las autoridades no han emitido un informe oficial sobre las posibles causas del siniestro ni sobre el estado detallado de salud de los afectados.<\/p>\n<p>Se espera que en las pr\u00f3ximas horas los organismos correspondientes ofrezcan mayores detalles sobre este incidente que ha generado preocupaci\u00f3n en la zona.<\/p>\n<p>\u200bDajab\u00f3n.\u2013 Una avioneta se precipit\u00f3 a tierra la ma\u00f1ana de este mi\u00e9rcoles en la provincia fronteriza de Dajab\u00f3n, dejando como saldo al piloto y copiloto heridos, seg\u00fan reportes preliminares. De acuerdo con la informaci\u00f3n ofrecida por el corresponsal de Noticias SIN, C\u00e9sar Montesinos, los lesionados fueron identificados como Domingo An\u00edbal Bison\u00f3 y Luis Manuel Carrasco.\u00a0\u00a0Nacionales, Dajab\u00f3n\u00a0\u00a0<\/p>\n","protected":false},"excerpt":{"rendered":"<p>Dajab\u00f3n.\u2013 Una avioneta se precipit\u00f3 a tierra la ma\u00f1ana de este mi\u00e9rcoles en la provincia fronteriza de Dajab\u00f3n, dejando como saldo al piloto y copiloto heridos, seg\u00fan reportes preliminares. De acuerdo con la informaci\u00f3n ofrecida por el corresponsal de Noticias SIN, C\u00e9sar Montesinos, los lesionados fueron identificados como Domingo An\u00edbal Bison\u00f3 y Luis Manuel Carrasco. [&hellip;]<\/p>\n","protected":false},"author":1,"featured_media":25987,"comment_status":"open","ping_status":"open","sticky":false,"template":"","format":"standard","meta":{"amp_status":"","footnotes":""},"categories":[3],"tags":[],"class_list":["post-25986","post","type-post","status-publish","format-standard","has-post-thumbnail","hentry","category-de-ultimo-minuto"],"_links":{"self":[{"href":"https:\/\/ermdigital.com\/index.php?rest_route=\/wp\/v2\/posts\/25986","targetHints":{"allow":["GET"]}}],"collection":[{"href":"https:\/\/ermdigital.com\/index.php?rest_route=\/wp\/v2\/posts"}],"about":[{"href":"https:\/\/ermdigital.com\/index.php?rest_route=\/wp\/v2\/types\/post"}],"author":[{"embeddable":true,"href":"https:\/\/ermdigital.com\/index.php?rest_route=\/wp\/v2\/users\/1"}],"replies":[{"embeddable":true,"href":"https:\/\/ermdigital.com\/index.php?rest_route=%2Fwp%2Fv2%2Fcomments&post=25986"}],"version-history":[{"count":0,"href":"https:\/\/ermdigital.com\/index.php?rest_route=\/wp\/v2\/posts\/25986\/revisions"}],"wp:featuredmedia":[{"embeddable":true,"href":"https:\/\/ermdigital.com\/index.php?rest_route=\/wp\/v2\/media\/25987"}],"wp:attachment":[{"href":"https:\/\/ermdigital.com\/index.php?rest_route=%2Fwp%2Fv2%2Fmedia&parent=25986"}],"wp:term":[{"taxonomy":"category","embeddable":true,"href":"https:\/\/ermdigital.com\/index.php?rest_route=%2Fwp%2Fv2%2Fcategories&post=25986"},{"taxonomy":"post_tag","embeddable":true,"href":"https:\/\/ermdigital.com\/index.php?rest_route=%2Fwp%2Fv2%2Ftags&post=25986"}],"curies":[{"name":"wp","href":"https:\/\/api.w.org\/{rel}","templated":true}]}}