{"id":25982,"date":"2026-04-29T10:29:01","date_gmt":"2026-04-29T14:29:01","guid":{"rendered":"https:\/\/ermdigital.com\/siuben-fortalece-la-proteccion-social-adaptativa-y-posiciona-al-pais-como-referente-regional-en-gestion-basada-en-datos\/"},"modified":"2026-04-29T10:29:01","modified_gmt":"2026-04-29T14:29:01","slug":"siuben-fortalece-la-proteccion-social-adaptativa-y-posiciona-al-pais-como-referente-regional-en-gestion-basada-en-datos","status":"publish","type":"post","link":"https:\/\/ermdigital.com\/?p=25982","title":{"rendered":"Siuben fortalece la Protecci\u00f3n Social Adaptativa y posiciona al pa\u00eds como referente regional en gesti\u00f3n basada en datos"},"content":{"rendered":"<p><span class=\"field field--name-title field--type-string field--label-hidden\">Siuben fortalece la Protecci\u00f3n Social Adaptativa y posiciona al pa\u00eds como referente regional en gesti\u00f3n basada en datos<\/span><br \/>\n<span class=\"field field--name-uid field--type-entity-reference field--label-hidden\"><span>rosahenriquez<\/span><\/span><br \/>\n<span class=\"field field--name-created field--type-created field--label-hidden\"><time datetime=\"2026-04-29T10:29:01-04:00\" title=\"Mi\u00e9rcoles, Abril 29, 2026 - 10:29\" class=\"datetime\">29 de  Abril 2026 | 10:29<\/time><br \/>\n<\/span><\/p>\n<div class=\"clearfix text-formatted field field--name-body field--type-text-with-summary field--label-hidden field__item\">\n<div class=\"OutlineElement Ltr SCXW201850625 BCX0\">\n<p class=\"text-align-justify\"><span class=\"TextRun SCXW201850625 BCX0 NormalTextRun\" lang=\"ES-DO\">Santo <\/span><span class=\"TextRun SCXW201850625 BCX0 NormalTextRun ContextualSpellingAndGrammarErrorV2Themed\" lang=\"ES-DO\">Domingo.\u2013<\/span><span class=\"TextRun SCXW201850625 BCX0 NormalTextRun\" lang=\"ES-DO\"> <strong>El Sistema \u00danico de Beneficiarios<\/strong> (<\/span><span class=\"TextRun SCXW201850625 BCX0 NormalTextRun SpellingErrorV2Themed\" lang=\"ES-DO\">Siuben<\/span><span class=\"TextRun SCXW201850625 BCX0 NormalTextRun\" lang=\"ES-DO\">) reafirm\u00f3 su rol como instituci\u00f3n fundamental del <strong>Sistema de Protecci\u00f3n Social<\/strong>, al posicionarse como la <strong>principal plataforma de informaci\u00f3n<\/strong> que sustenta la implementaci\u00f3n de la <strong>Protecci\u00f3n Social Adaptativa<\/strong> (PSA) en la Rep\u00fablica Dominicana.<\/span><span class=\"EOP SCXW201850625 BCX0\">\u00a0<\/span><\/p>\n<\/div>\n<div class=\"OutlineElement Ltr SCXW201850625 BCX0\">\n<p class=\"text-align-justify\"><span class=\"TextRun SCXW201850625 BCX0 NormalTextRun\" lang=\"ES-DO\">Los resultados del informe \u201c<strong>Modelo de Madurez de Protecci\u00f3n Social\u201d <\/strong>del Banco Interamericano de Desarrollo <strong>(BID<\/strong>) reconocen los avances del pa\u00eds en esta materia, destacando que la Rep\u00fablica Dominicana es uno de los pa\u00edses de la regi\u00f3n que m\u00e1s utiliza de manera sistem\u00e1tica los <strong>datos de su registro social<\/strong> para anticipar <strong>respuestas ante situaciones de riesgo<\/strong>, logro sustentado en el fortalecimiento t\u00e9cnico y operativo de la instituci\u00f3n.<\/span><span class=\"EOP SCXW201850625 BCX0\">\u00a0<\/span><\/p>\n<\/div>\n<div class=\"OutlineElement Ltr SCXW201850625 BCX0\">\n<p class=\"text-align-justify\"><span class=\"TextRun SCXW201850625 BCX0 NormalTextRun\" lang=\"ES-DO\">El an\u00e1lisis regional de la PSA abarca pa\u00edses de <strong>Am\u00e9rica Latina y el Caribe, entre ellos Belice, Barbados, Brasil, Chile, Colombia, Guatemala, Hait\u00ed, Honduras, El Salvador, Per\u00fa y Rep\u00fablica Dominicana,<\/strong> evaluados mediante un marco multidimensional que mide el <strong>desarrollo y la capacidad <\/strong>de sus sistemas de protecci\u00f3n social frente a <strong>choques, desastres y cambio clim\u00e1tico.<\/strong> Este marco comprende las dimensiones de contexto, gobernanza y financiamiento, cobertura y adaptaci\u00f3n de programas y servicios, informaci\u00f3n e infraestructura, capacidad de gesti\u00f3n y coordinaci\u00f3n intersectorial, servicios y puntos de acceso para la ciudadan\u00eda y Protecci\u00f3n Social Informada, las cuales analizan desde las condiciones estructurales hasta el uso de datos para la toma de decisiones.<\/span><span class=\"EOP SCXW201850625 BCX0\">\u00a0<\/span><\/p>\n<\/div>\n<div class=\"OutlineElement Ltr SCXW201850625 BCX0\">\n<p class=\"text-align-justify\"><span class=\"TextRun SCXW201850625 BCX0 NormalTextRun\" lang=\"ES-DO\">Los resultados muestran que los pa\u00edses de la regi\u00f3n alcanzan, en promedio, un <strong>54 % de madurez <\/strong>en Protecci\u00f3n Social Adaptativa, con los niveles m\u00e1s altos en Brasil (71 %), Chile (71 %), Per\u00fa (64 %) y Rep\u00fablica Dominicana (64 %).<\/span><span class=\"EOP SCXW201850625 BCX0\">\u00a0<\/span><\/p>\n<\/div>\n<div class=\"OutlineElement Ltr SCXW201850625 BCX0\">\n<p class=\"text-align-justify\"><span class=\"TextRun SCXW201850625 BCX0 NormalTextRun\" lang=\"ES-DO\">En este contexto, la Rep\u00fablica Dominicana muestra un desempe\u00f1o destacado en materia de <strong>gobernanza y financiamiento<\/strong> (61,9 %), ubic\u00e1ndose, junto con Per\u00fa, como uno de los m\u00e1s avanzados, por su mayor integraci\u00f3n entre protecci\u00f3n social y gesti\u00f3n del riesgo de desastres.\u00a0En capacidad de gesti\u00f3n y coordinaci\u00f3n (64,4 %), supera a <strong>Barbados, Brasil, Chile y Per\u00fa gracias<\/strong> a una mayor articulaci\u00f3n a nivel nacional y subnacional.<\/span><span class=\"EOP SCXW201850625 BCX0\">\u00a0<\/span><\/p>\n<\/div>\n<p><img decoding=\"async\" src=\"https:\/\/www.presidencia.gob.do\/sites\/default\/files\/inline-images\/Dise%C3%B1o%20sin%20t%C3%ADtulo%20%2846%29.png\" data-entity-uuid=\"d20a166a-5a6c-4691-8a67-0588f9e16267\" data-entity-type=\"file\" width=\"1300\" height=\"730\" loading=\"lazy\">\n<\/p>\n<div class=\"OutlineElement Ltr SCXW201850625 BCX0\">\n<p class=\"text-align-justify\"><span class=\"TextRun SCXW201850625 BCX0 NormalTextRun\" lang=\"ES-DO\">Su <strong>principal fortaleza<\/strong> est\u00e1 en Protecci\u00f3n Social Informada (82.51 %), donde lidera regionalmente al ser el \u00fanico pa\u00eds que usa de forma sistem\u00e1tica datos del registro social para <strong>anticipar respuestas<\/strong>, por encima del resto de pa\u00edses donde este uso es limitado o reactivo. Sin embargo, en <strong>cobertura y adaptaci\u00f3n<\/strong> (44,3 %) e informaci\u00f3n e infraestructura (54,6 %), enfrenta <strong>desaf\u00edos similares<\/strong> a gran parte de la regi\u00f3n, especialmente en actualizaci\u00f3n de datos e interoperabilidad.<\/span><span class=\"EOP SCXW201850625 BCX0\">\u00a0<\/span><\/p>\n<\/div>\n<div class=\"OutlineElement Ltr SCXW201850625 BCX0\">\n<p class=\"text-align-justify\"><span class=\"TextRun SCXW201850625 BCX0 NormalTextRun\" lang=\"ES-DO\">En la presentaci\u00f3n del informe, el director general del <\/span><span class=\"TextRun SCXW201850625 BCX0 NormalTextRun SpellingErrorV2Themed\" lang=\"ES-DO\">Siuben<\/span><span class=\"TextRun SCXW201850625 BCX0 NormalTextRun\" lang=\"ES-DO\">, <strong>Augusto de los Santos<\/strong>, comparti\u00f3 las <strong>buenas pr\u00e1cticas y experiencias<\/strong> del pa\u00eds en materia de registro social para fortalecer la respuesta ante desastres y su integraci\u00f3n en la gobernanza, a fin de ofrecer respuestas <strong>m\u00e1s oportunas y eficientes<\/strong> frente a los choques.<\/span><span class=\"EOP SCXW201850625 BCX0\">\u00a0<\/span><\/p>\n<\/div>\n<div class=\"OutlineElement Ltr SCXW201850625 BCX0\">\n<p class=\"text-align-justify\"><em><span class=\"TextRun SCXW201850625 BCX0 NormalTextRun\" lang=\"ES-DO\">\u201cLa Rep\u00fablica Dominicana viene en un proceso de transformaci\u00f3n del Sistema de Protecci\u00f3n Social, adoptando un enfoque integral, en busca de responder a los nuevos retos de la PSA, de la mano con la articulaci\u00f3n y la <\/span><span class=\"TextRun SCXW201850625 BCX0 NormalTextRun AdvancedProofingIssueV2Themed\" lang=\"ES-DO\">participaci\u00f3n activa<\/span><span class=\"TextRun SCXW201850625 BCX0 NormalTextRun\" lang=\"ES-DO\"> en conjunto con el Sistema Nacional de Prevenci\u00f3n, Mitigaci\u00f3n y Respuesta ante Desastres\u201d, <\/span><\/em><span class=\"TextRun SCXW201850625 BCX0 NormalTextRun\" lang=\"ES-DO\">indic\u00f3.\u00a0<\/span><span class=\"EOP SCXW201850625 BCX0\">\u00a0<\/span><\/p>\n<\/div>\n<div class=\"OutlineElement Ltr SCXW201850625 BCX0\">\n<p class=\"text-align-justify\"><span class=\"TextRun SCXW201850625 BCX0 NormalTextRun\" lang=\"ES-DO\">El <\/span><span class=\"TextRun SCXW201850625 BCX0 NormalTextRun SpellingErrorV2Themed\" lang=\"ES-DO\">Siuben<\/span><span class=\"TextRun SCXW201850625 BCX0 NormalTextRun\" lang=\"ES-DO\"> ha evolucionado de ser un registro de informaci\u00f3n a convertirse en una <strong>infraestructura estrat\u00e9gica del Estado<\/strong>, capaz de generar evidencia clave para la toma de decisiones antes, durante y despu\u00e9s de eventos de choque.<\/span><span class=\"EOP SCXW201850625 BCX0\">\u00a0<\/span><\/p>\n<\/div>\n<div class=\"OutlineElement Ltr SCXW201850625 BCX0\">\n<p class=\"text-align-justify\"><em><span class=\"TextRun SCXW201850625 BCX0 NormalTextRun\" lang=\"ES-DO\">\u201cEl <\/span><span class=\"TextRun SCXW201850625 BCX0 NormalTextRun SpellingErrorV2Themed\" lang=\"ES-DO\">Siuben<\/span><span class=\"TextRun SCXW201850625 BCX0 NormalTextRun\" lang=\"ES-DO\"> hoy no solo identifica a la poblaci\u00f3n vulnerable, sino que permite anticipar riesgos, focalizar intervenciones y articular respuestas interinstitucionales con altos niveles de precisi\u00f3n\u201d,<\/span><\/em><span class=\"TextRun SCXW201850625 BCX0 NormalTextRun\" lang=\"ES-DO\"> afirm\u00f3 De los Santos.<\/span><span class=\"EOP SCXW201850625 BCX0\">\u00a0<\/span><\/p>\n<\/div>\n<div class=\"OutlineElement Ltr SCXW201850625 BCX0\">\n<p class=\"text-align-justify\"><span class=\"TextRun SCXW201850625 BCX0 NormalTextRun SpellingErrorV2Themed\" lang=\"ES-DO\"><strong>Siuben<\/strong><\/span><span class=\"TextRun SCXW201850625 BCX0 NormalTextRun\" lang=\"ES-DO\"><strong>: base de la respuesta adaptativa del Estado<\/strong><\/span><span class=\"EOP SCXW201850625 BCX0\">\u00a0<\/span><\/p>\n<\/div>\n<div class=\"OutlineElement Ltr SCXW201850625 BCX0\">\n<p class=\"text-align-justify\"><span class=\"TextRun SCXW201850625 BCX0 NormalTextRun\" lang=\"ES-DO\">El informe resalta que las herramientas clave de la Protecci\u00f3n Social Adaptativa en el pa\u00eds se basan en la informaci\u00f3n generada y gestionada por el <\/span><span class=\"TextRun SCXW201850625 BCX0 NormalTextRun SpellingErrorV2Themed\" lang=\"ES-DO\">Siuben<\/span><span class=\"TextRun SCXW201850625 BCX0 NormalTextRun\" lang=\"ES-DO\">, entre ellas destaca la <strong>Ficha B\u00e1sica de Emergencia<\/strong> (FIBE), dise\u00f1ada para levantar datos en terreno de manera \u00e1gil y estructurada, lo que permite <strong>identificar y caracterizar<\/strong> a los hogares afectados por emergencias, as\u00ed como los datos\u00a0 integrados con el <strong>\u00cdndice de Vulnerabilidad ante Choques Clim\u00e1ticos <\/strong>(IVACC), un instrumento anal\u00edtico que permite medir la exposici\u00f3n de los hogares a distintos riesgos y <strong>priorizar la asistencia<\/strong> de manera objetiva para sustentar el desarrollo del <strong>Bono de Emergencia<\/strong> y su capacidad de focalizaci\u00f3n.<\/span><span class=\"EOP SCXW201850625 BCX0\">\u00a0<\/span><\/p>\n<\/div>\n<div class=\"OutlineElement Ltr SCXW201850625 BCX0\">\n<p class=\"text-align-justify\"><span class=\"TextRun SCXW201850625 BCX0 NormalTextRun\" lang=\"ES-DO\">Dentro de los resultados tambi\u00e9n se\u00f1alan que la Rep\u00fablica Dominicana es el <strong>\u00fanico pa\u00eds<\/strong> que utiliza su registro social no solo para identificar beneficiarios, sino tambi\u00e9n como <strong>base para la construcci\u00f3n de \u00edndices predictivos<\/strong>, como el IVACC, lo que fortalece la capacidad del Estado para anticiparse a los impactos de eventos adversos.<\/span><span class=\"EOP SCXW201850625 BCX0\">\u00a0<\/span><\/p>\n<\/div>\n<p><img decoding=\"async\" src=\"https:\/\/www.presidencia.gob.do\/sites\/default\/files\/inline-images\/Dise%C3%B1o%20sin%20t%C3%ADtulo%20%2845%29_0.png\" data-entity-uuid=\"2e66e27e-bf47-43e7-97f0-0c939781bda7\" data-entity-type=\"file\" width=\"1300\" height=\"730\" loading=\"lazy\">\n<\/p>\n<div class=\"OutlineElement Ltr SCXW201850625 BCX0\">\n<p class=\"text-align-justify\"><span class=\"TextRun SCXW201850625 BCX0 NormalTextRun\" lang=\"ES-DO\"><strong>Inteligencia de datos para la toma de decisiones<\/strong><\/span><span class=\"EOP SCXW201850625 BCX0\">\u00a0<\/span><\/p>\n<\/div>\n<div class=\"OutlineElement Ltr SCXW201850625 BCX0\">\n<p class=\"text-align-justify\"><span class=\"TextRun SCXW201850625 BCX0 NormalTextRun\" lang=\"ES-DO\">De igual forma, la instituci\u00f3n ha desarrollado un ecosistema de informaci\u00f3n que integra levantamientos de campo, registros administrativos y tecnolog\u00edas innovadoras como <strong>drones e im\u00e1genes satelitales<\/strong>.\u00a0 Esta capacidad permite traducir datos en <strong>insumos operativos<\/strong> que orientan la respuesta gubernamental con mayor <strong>precisi\u00f3n territorial y poblacional.<\/strong><\/span><span class=\"EOP SCXW201850625 BCX0\">\u00a0<\/span><\/p>\n<\/div>\n<div class=\"OutlineElement Ltr SCXW201850625 BCX0\">\n<p class=\"text-align-justify\"><span class=\"TextRun SCXW201850625 BCX0 NormalTextRun\" lang=\"ES-DO\">El <\/span><span class=\"TextRun SCXW201850625 BCX0 NormalTextRun SpellingErrorV2Themed\" lang=\"ES-DO\">Siuben<\/span><span class=\"TextRun SCXW201850625 BCX0 NormalTextRun\" lang=\"ES-DO\"> no solo provee datos, sino que act\u00faa como un <strong>integrador de informaci\u00f3n estrat\u00e9gica <\/strong>que fortalece la coordinaci\u00f3n interinstitucional y la <strong>eficiencia del gasto social.<\/strong><\/span><span class=\"EOP SCXW201850625 BCX0\">\u00a0<\/span><\/p>\n<\/div>\n<div class=\"OutlineElement Ltr SCXW201850625 BCX0\">\n<p class=\"text-align-justify\"><span class=\"TextRun SCXW201850625 BCX0 NormalTextRun\" lang=\"ES-DO\"><strong>Un sistema en evoluci\u00f3n continua<\/strong><\/span><span class=\"EOP SCXW201850625 BCX0\">\u00a0<\/span><\/p>\n<\/div>\n<div class=\"OutlineElement Ltr SCXW201850625 BCX0\">\n<p class=\"text-align-justify\"><span class=\"TextRun SCXW201850625 BCX0 NormalTextRun\" lang=\"ES-DO\">El avance hacia una Protecci\u00f3n Social Adaptativa robusta ha sido posible gracias a la visi\u00f3n de consolidar un <\/span><em><span class=\"TextRun SCXW201850625 BCX0 NormalTextRun\" lang=\"ES-DO\">\u201cregistro social vivo\u201d,<\/span><\/em><span class=\"TextRun SCXW201850625 BCX0 NormalTextRun\" lang=\"ES-DO\"> en constante actualizaci\u00f3n e interconectado con m\u00faltiples fuentes de informaci\u00f3n.<\/span><span class=\"EOP SCXW201850625 BCX0\">\u00a0<\/span><\/p>\n<\/div>\n<div class=\"OutlineElement Ltr SCXW201850625 BCX0\">\n<p class=\"text-align-justify\"><span class=\"TextRun SCXW201850625 BCX0 NormalTextRun\" lang=\"ES-DO\">En materia de gobernanza, el <\/span><span class=\"TextRun SCXW201850625 BCX0 NormalTextRun SpellingErrorV2Themed\" lang=\"ES-DO\">Siuben<\/span><span class=\"TextRun SCXW201850625 BCX0 NormalTextRun\" lang=\"ES-DO\"> forma parte activa de los espacios de articulaci\u00f3n de la PSA, como <strong>la Mesa T\u00e9cnica y el Comit\u00e9 de Emergencias de Sup\u00e9rate<\/strong>, donde su informaci\u00f3n resulta fundamental para la activaci\u00f3n de instrumentos como la FIBE, la toma de <strong>decisiones oportunas<\/strong>, as\u00ed como la activaci\u00f3n del Bono de Emergencia que realiza el Estado dominicano.<\/span><span class=\"EOP SCXW201850625 BCX0\">\u00a0<\/span><\/p>\n<\/div>\n<div class=\"OutlineElement Ltr SCXW201850625 BCX0\">\n<p class=\"text-align-justify\"><span class=\"TextRun SCXW201850625 BCX0 NormalTextRun\" lang=\"ES-DO\">El fortalecimiento del <\/span><span class=\"TextRun SCXW201850625 BCX0 NormalTextRun SpellingErrorV2Themed\" lang=\"ES-DO\">Siuben<\/span><span class=\"TextRun SCXW201850625 BCX0 NormalTextRun\" lang=\"ES-DO\"> ha sido clave para integrar la <strong>gesti\u00f3n de riesgos, la respuesta a desastres y la pol\u00edtica social <\/strong>en un solo enfoque adaptativo, lo que aporta significativamente a la transformaci\u00f3n del Sistema de Protecci\u00f3n Social en la Rep\u00fablica Dominicana.<\/span><span class=\"EOP SCXW201850625 BCX0\">\u00a0<\/span><\/p>\n<\/div>\n<div class=\"OutlineElement Ltr SCXW201850625 BCX0\">\n<p class=\"text-align-justify\"><span class=\"TextRun SCXW201850625 BCX0 NormalTextRun\" lang=\"ES-DO\">En cuanto a los retos que enfrenta el pa\u00eds en ese sentido, el director general se\u00f1al\u00f3 la necesidad de mantener activa la <strong>articulaci\u00f3n interinstitucional<\/strong> y avanzar en la interoperabilidad de los datos.<\/span><span class=\"EOP SCXW201850625 BCX0\">\u00a0<\/span><\/p>\n<\/div>\n<div class=\"OutlineElement Ltr SCXW201850625 BCX0\">\n<p class=\"text-align-justify\"><span class=\"TextRun SCXW201850625 BCX0 NormalTextRun\" lang=\"ES-DO\"><strong>Sobre el <\/strong><\/span><span class=\"TextRun SCXW201850625 BCX0 NormalTextRun SpellingErrorV2Themed\" lang=\"ES-DO\"><strong>Siuben<\/strong><\/span><span class=\"EOP SCXW201850625 BCX0\">\u00a0<\/span><\/p>\n<\/div>\n<div class=\"OutlineElement Ltr SCXW201850625 BCX0\">\n<p class=\"text-align-justify\"><span class=\"TextRun SCXW201850625 BCX0 NormalTextRun\" lang=\"ES-DO\">El Sistema \u00danico de Beneficiarios es la entidad del Gobierno dominicano, adscrita al <strong>Ministerio de Hacienda y Econom\u00eda<\/strong>, mediante <strong>Decreto 562-25<\/strong>, que se encargada de gestionar el <strong>Registro Social Universal de Hogares<\/strong> (RSUH) y el <strong>Registro \u00danico de Beneficiarios<\/strong> (RUB). Su labor consiste en <strong>identificar, registrar, caracterizar y priorizar<\/strong> los hogares en condici\u00f3n de pobreza y vulnerabilidad, con el objetivo de fortalecer la implementaci\u00f3n de las pol\u00edticas de protecci\u00f3n social en la Rep\u00fablica Dominicana.<\/span><span class=\"EOP SCXW201850625 BCX0\">\u00a0<\/span><\/p>\n<\/div>\n<div class=\"OutlineElement Ltr SCXW201850625 BCX0\">\n<p class=\"text-align-justify\"><span class=\"TextRun SCXW201850625 BCX0 NormalTextRun\" lang=\"ES-DO\"><strong>Modelo de Madurez de Protecci\u00f3n Social del BID<\/strong><\/span><span class=\"EOP SCXW201850625 BCX0\">\u00a0<\/span><\/p>\n<\/div>\n<div class=\"OutlineElement Ltr SCXW201850625 BCX0\">\n<p class=\"text-align-justify\"><span class=\"TextRun SCXW201850625 BCX0 NormalTextRun\" lang=\"ES-DO\">El <strong>Banco Interamericano de Desarrollo <\/strong>dio a conocer los resultados del \u201cModelo de Madurez de Protecci\u00f3n Social\u201d, un instrumento que eval\u00faa la capacidad de los Sistemas de Protecci\u00f3n Social para <strong>responder a choques y fortalecer la resiliencia y adaptaci\u00f3n<\/strong> de los hogares frente al cambio clim\u00e1tico y otros eventos adversos, realizada en pa\u00edses de <strong>Am\u00e9rica Latina y el Caribe<\/strong>, donde la Rep\u00fablica Dominicana alcanz\u00f3 el <strong>cuarto lugar,<\/strong> consolid\u00e1ndose como uno de los sistemas m\u00e1s avanzados de la regi\u00f3n.<\/span><span class=\"EOP SCXW201850625 BCX0\">\u00a0<\/span><\/p>\n<\/div>\n<\/div>\n<div class=\"field field--name-field-image field--type-image field--label-hidden field__item\">  <img decoding=\"async\" loading=\"lazy\" src=\"https:\/\/www.presidencia.gob.do\/sites\/default\/files\/news\/2026-04\/Dise%C3%B1o%20sin%20t%C3%ADtulo%20%2844%29.png\" width=\"1300\" height=\"730\" alt=\"SIUBEN\"><\/p>\n<\/div>\n<p>\u00a0Siuben fortalece la Protecci\u00f3n Social Adaptativa y posiciona al pa\u00eds como referente regional en gesti\u00f3n basada en datos<br \/>\nrosahenriquez<br \/>\n29 de  Abril 2026 | 10:29<\/p>\n<p>Santo Domingo.\u2013 El Sistema \u00danico de Beneficiarios (Siuben) reafirm\u00f3 su rol como instituci\u00f3n fundamental del Sistema de Protecci\u00f3n Social, al posicionarse como la principal plataforma de informaci\u00f3n que sustenta la implementaci\u00f3n de la Protecci\u00f3n Social Adaptativa (PSA) en la Rep\u00fablica Dominicana.\u00a0<\/p>\n<p>Los resultados del informe \u201cModelo de Madurez de Protecci\u00f3n Social\u201d del Banco Interamericano de Desarrollo (BID) reconocen los avances del pa\u00eds en esta materia, destacando que la Rep\u00fablica Dominicana es uno de los pa\u00edses de la regi\u00f3n que m\u00e1s utiliza de manera sistem\u00e1tica los datos de su registro social para anticipar respuestas ante situaciones de riesgo, logro sustentado en el fortalecimiento t\u00e9cnico y operativo de la instituci\u00f3n.\u00a0<\/p>\n<p>El an\u00e1lisis regional de la PSA abarca pa\u00edses de Am\u00e9rica Latina y el Caribe, entre ellos Belice, Barbados, Brasil, Chile, Colombia, Guatemala, Hait\u00ed, Honduras, El Salvador, Per\u00fa y Rep\u00fablica Dominicana, evaluados mediante un marco multidimensional que mide el desarrollo y la capacidad de sus sistemas de protecci\u00f3n social frente a choques, desastres y cambio clim\u00e1tico. Este marco comprende las dimensiones de contexto, gobernanza y financiamiento, cobertura y adaptaci\u00f3n de programas y servicios, informaci\u00f3n e infraestructura, capacidad de gesti\u00f3n y coordinaci\u00f3n intersectorial, servicios y puntos de acceso para la ciudadan\u00eda y Protecci\u00f3n Social Informada, las cuales analizan desde las condiciones estructurales hasta el uso de datos para la toma de decisiones.\u00a0<\/p>\n<p>Los resultados muestran que los pa\u00edses de la regi\u00f3n alcanzan, en promedio, un 54 % de madurez en Protecci\u00f3n Social Adaptativa, con los niveles m\u00e1s altos en Brasil (71 %), Chile (71 %), Per\u00fa (64 %) y Rep\u00fablica Dominicana (64 %).\u00a0<\/p>\n<p>En este contexto, la Rep\u00fablica Dominicana muestra un desempe\u00f1o destacado en materia de gobernanza y financiamiento (61,9 %), ubic\u00e1ndose, junto con Per\u00fa, como uno de los m\u00e1s avanzados, por su mayor integraci\u00f3n entre protecci\u00f3n social y gesti\u00f3n del riesgo de desastres.\u00a0En capacidad de gesti\u00f3n y coordinaci\u00f3n (64,4 %), supera a Barbados, Brasil, Chile y Per\u00fa gracias a una mayor articulaci\u00f3n a nivel nacional y subnacional.\u00a0<\/p>\n<p>Su principal fortaleza est\u00e1 en Protecci\u00f3n Social Informada (82.51 %), donde lidera regionalmente al ser el \u00fanico pa\u00eds que usa de forma sistem\u00e1tica datos del registro social para anticipar respuestas, por encima del resto de pa\u00edses donde este uso es limitado o reactivo. Sin embargo, en cobertura y adaptaci\u00f3n (44,3 %) e informaci\u00f3n e infraestructura (54,6 %), enfrenta desaf\u00edos similares a gran parte de la regi\u00f3n, especialmente en actualizaci\u00f3n de datos e interoperabilidad.\u00a0<\/p>\n<p>En la presentaci\u00f3n del informe, el director general del Siuben, Augusto de los Santos, comparti\u00f3 las buenas pr\u00e1cticas y experiencias del pa\u00eds en materia de registro social para fortalecer la respuesta ante desastres y su integraci\u00f3n en la gobernanza, a fin de ofrecer respuestas m\u00e1s oportunas y eficientes frente a los choques.\u00a0<\/p>\n<p>\u201cLa Rep\u00fablica Dominicana viene en un proceso de transformaci\u00f3n del Sistema de Protecci\u00f3n Social, adoptando un enfoque integral, en busca de responder a los nuevos retos de la PSA, de la mano con la articulaci\u00f3n y la participaci\u00f3n activa en conjunto con el Sistema Nacional de Prevenci\u00f3n, Mitigaci\u00f3n y Respuesta ante Desastres\u201d, indic\u00f3.\u00a0\u00a0<\/p>\n<p>El Siuben ha evolucionado de ser un registro de informaci\u00f3n a convertirse en una infraestructura estrat\u00e9gica del Estado, capaz de generar evidencia clave para la toma de decisiones antes, durante y despu\u00e9s de eventos de choque.\u00a0<\/p>\n<p>\u201cEl Siuben hoy no solo identifica a la poblaci\u00f3n vulnerable, sino que permite anticipar riesgos, focalizar intervenciones y articular respuestas interinstitucionales con altos niveles de precisi\u00f3n\u201d, afirm\u00f3 De los Santos.\u00a0<\/p>\n<p>Siuben: base de la respuesta adaptativa del Estado\u00a0<\/p>\n<p>El informe resalta que las herramientas clave de la Protecci\u00f3n Social Adaptativa en el pa\u00eds se basan en la informaci\u00f3n generada y gestionada por el Siuben, entre ellas destaca la Ficha B\u00e1sica de Emergencia (FIBE), dise\u00f1ada para levantar datos en terreno de manera \u00e1gil y estructurada, lo que permite identificar y caracterizar a los hogares afectados por emergencias, as\u00ed como los datos\u00a0 integrados con el \u00cdndice de Vulnerabilidad ante Choques Clim\u00e1ticos (IVACC), un instrumento anal\u00edtico que permite medir la exposici\u00f3n de los hogares a distintos riesgos y priorizar la asistencia de manera objetiva para sustentar el desarrollo del Bono de Emergencia y su capacidad de focalizaci\u00f3n.\u00a0<\/p>\n<p>Dentro de los resultados tambi\u00e9n se\u00f1alan que la Rep\u00fablica Dominicana es el \u00fanico pa\u00eds que utiliza su registro social no solo para identificar beneficiarios, sino tambi\u00e9n como base para la construcci\u00f3n de \u00edndices predictivos, como el IVACC, lo que fortalece la capacidad del Estado para anticiparse a los impactos de eventos adversos.\u00a0<\/p>\n<p>Inteligencia de datos para la toma de decisiones\u00a0<\/p>\n<p>De igual forma, la instituci\u00f3n ha desarrollado un ecosistema de informaci\u00f3n que integra levantamientos de campo, registros administrativos y tecnolog\u00edas innovadoras como drones e im\u00e1genes satelitales.\u00a0 Esta capacidad permite traducir datos en insumos operativos que orientan la respuesta gubernamental con mayor precisi\u00f3n territorial y poblacional.\u00a0<\/p>\n<p>El Siuben no solo provee datos, sino que act\u00faa como un integrador de informaci\u00f3n estrat\u00e9gica que fortalece la coordinaci\u00f3n interinstitucional y la eficiencia del gasto social.\u00a0<\/p>\n<p>Un sistema en evoluci\u00f3n continua\u00a0<\/p>\n<p>El avance hacia una Protecci\u00f3n Social Adaptativa robusta ha sido posible gracias a la visi\u00f3n de consolidar un \u201cregistro social vivo\u201d, en constante actualizaci\u00f3n e interconectado con m\u00faltiples fuentes de informaci\u00f3n.\u00a0<\/p>\n<p>En materia de gobernanza, el Siuben forma parte activa de los espacios de articulaci\u00f3n de la PSA, como la Mesa T\u00e9cnica y el Comit\u00e9 de Emergencias de Sup\u00e9rate, donde su informaci\u00f3n resulta fundamental para la activaci\u00f3n de instrumentos como la FIBE, la toma de decisiones oportunas, as\u00ed como la activaci\u00f3n del Bono de Emergencia que realiza el Estado dominicano.\u00a0<\/p>\n<p>El fortalecimiento del Siuben ha sido clave para integrar la gesti\u00f3n de riesgos, la respuesta a desastres y la pol\u00edtica social en un solo enfoque adaptativo, lo que aporta significativamente a la transformaci\u00f3n del Sistema de Protecci\u00f3n Social en la Rep\u00fablica Dominicana.\u00a0<\/p>\n<p>En cuanto a los retos que enfrenta el pa\u00eds en ese sentido, el director general se\u00f1al\u00f3 la necesidad de mantener activa la articulaci\u00f3n interinstitucional y avanzar en la interoperabilidad de los datos.\u00a0<\/p>\n<p>Sobre el Siuben\u00a0<\/p>\n<p>El Sistema \u00danico de Beneficiarios es la entidad del Gobierno dominicano, adscrita al Ministerio de Hacienda y Econom\u00eda, mediante Decreto 562-25, que se encargada de gestionar el Registro Social Universal de Hogares (RSUH) y el Registro \u00danico de Beneficiarios (RUB). Su labor consiste en identificar, registrar, caracterizar y priorizar los hogares en condici\u00f3n de pobreza y vulnerabilidad, con el objetivo de fortalecer la implementaci\u00f3n de las pol\u00edticas de protecci\u00f3n social en la Rep\u00fablica Dominicana.\u00a0<\/p>\n<p>Modelo de Madurez de Protecci\u00f3n Social del BID\u00a0<\/p>\n<p>El Banco Interamericano de Desarrollo dio a conocer los resultados del \u201cModelo de Madurez de Protecci\u00f3n Social\u201d, un instrumento que eval\u00faa la capacidad de los Sistemas de Protecci\u00f3n Social para responder a choques y fortalecer la resiliencia y adaptaci\u00f3n de los hogares frente al cambio clim\u00e1tico y otros eventos adversos, realizada en pa\u00edses de Am\u00e9rica Latina y el Caribe, donde la Rep\u00fablica Dominicana alcanz\u00f3 el cuarto lugar, consolid\u00e1ndose como uno de los sistemas m\u00e1s avanzados de la regi\u00f3n.\u00a0\u00a0\u00a0\u00a0<\/p>\n","protected":false},"excerpt":{"rendered":"<p>Siuben fortalece la Protecci\u00f3n Social Adaptativa y posiciona al pa\u00eds como referente regional en gesti\u00f3n basada en datos rosahenriquez 29 de Abril 2026 | 10:29 Santo Domingo.\u2013 El Sistema \u00danico de Beneficiarios (Siuben) reafirm\u00f3 su rol como instituci\u00f3n fundamental del Sistema de Protecci\u00f3n Social, al posicionarse como la principal plataforma de informaci\u00f3n que sustenta la [&hellip;]<\/p>\n","protected":false},"author":1,"featured_media":25983,"comment_status":"open","ping_status":"open","sticky":false,"template":"","format":"standard","meta":{"amp_status":"","footnotes":""},"categories":[8],"tags":[],"class_list":["post-25982","post","type-post","status-publish","format-standard","has-post-thumbnail","hentry","category-republica"],"_links":{"self":[{"href":"https:\/\/ermdigital.com\/index.php?rest_route=\/wp\/v2\/posts\/25982","targetHints":{"allow":["GET"]}}],"collection":[{"href":"https:\/\/ermdigital.com\/index.php?rest_route=\/wp\/v2\/posts"}],"about":[{"href":"https:\/\/ermdigital.com\/index.php?rest_route=\/wp\/v2\/types\/post"}],"author":[{"embeddable":true,"href":"https:\/\/ermdigital.com\/index.php?rest_route=\/wp\/v2\/users\/1"}],"replies":[{"embeddable":true,"href":"https:\/\/ermdigital.com\/index.php?rest_route=%2Fwp%2Fv2%2Fcomments&post=25982"}],"version-history":[{"count":0,"href":"https:\/\/ermdigital.com\/index.php?rest_route=\/wp\/v2\/posts\/25982\/revisions"}],"wp:featuredmedia":[{"embeddable":true,"href":"https:\/\/ermdigital.com\/index.php?rest_route=\/wp\/v2\/media\/25983"}],"wp:attachment":[{"href":"https:\/\/ermdigital.com\/index.php?rest_route=%2Fwp%2Fv2%2Fmedia&parent=25982"}],"wp:term":[{"taxonomy":"category","embeddable":true,"href":"https:\/\/ermdigital.com\/index.php?rest_route=%2Fwp%2Fv2%2Fcategories&post=25982"},{"taxonomy":"post_tag","embeddable":true,"href":"https:\/\/ermdigital.com\/index.php?rest_route=%2Fwp%2Fv2%2Ftags&post=25982"}],"curies":[{"name":"wp","href":"https:\/\/api.w.org\/{rel}","templated":true}]}}