{"id":25980,"date":"2026-04-29T10:33:38","date_gmt":"2026-04-29T14:33:38","guid":{"rendered":"https:\/\/ermdigital.com\/mivhed-presenta-proyecto-de-integracion-vial-y-urbana-en-los-praditos-para-mejorar-la-movilidad\/"},"modified":"2026-04-29T10:33:38","modified_gmt":"2026-04-29T14:33:38","slug":"mivhed-presenta-proyecto-de-integracion-vial-y-urbana-en-los-praditos-para-mejorar-la-movilidad","status":"publish","type":"post","link":"https:\/\/ermdigital.com\/?p=25980","title":{"rendered":"Mivhed presenta proyecto de integraci\u00f3n vial y urbana en Los Praditos para mejorar la movilidad"},"content":{"rendered":"<p><span class=\"field field--name-title field--type-string field--label-hidden\">Mivhed presenta proyecto de integraci\u00f3n vial y urbana en Los Praditos para mejorar la movilidad <\/span><br \/>\n<span class=\"field field--name-uid field--type-entity-reference field--label-hidden\"><span>rosahenriquez<\/span><\/span><br \/>\n<span class=\"field field--name-created field--type-created field--label-hidden\"><time datetime=\"2026-04-29T10:33:38-04:00\" title=\"Mi\u00e9rcoles, Abril 29, 2026 - 10:33\" class=\"datetime\">29 de  Abril 2026 | 10:33<\/time><br \/>\n<\/span><\/p>\n<div class=\"clearfix text-formatted field field--name-body field--type-text-with-summary field--label-hidden field__item\">\n<div class=\"OutlineElement Ltr SCXW265414858 BCX0\">\n<p class=\"text-align-justify\"><span class=\"TextRun SCXW265414858 BCX0 NormalTextRun\" lang=\"ES-DO\">Santo <\/span><span class=\"TextRun SCXW265414858 BCX0 NormalTextRun ContextualSpellingAndGrammarErrorV2Themed\" lang=\"ES-DO\">Domingo.-<\/span><span class=\"TextRun SCXW265414858 BCX0 NormalTextRun\" lang=\"ES-DO\"> El ministro de Vivienda, H\u00e1bitat y Edificaciones (<\/span><span class=\"TextRun SCXW265414858 BCX0 NormalTextRun SpellingErrorV2Themed\" lang=\"ES-DO\">Mivhed<\/span><span class=\"TextRun SCXW265414858 BCX0 NormalTextRun\" lang=\"ES-DO\">), <strong>V\u00edctor \u201c<\/strong><\/span><span class=\"TextRun SCXW265414858 BCX0 NormalTextRun SpellingErrorV2Themed\" lang=\"ES-DO\"><strong>Ito<\/strong><\/span><span class=\"TextRun SCXW265414858 BCX0 NormalTextRun\" lang=\"ES-DO\"><strong>\u201d Bison\u00f3,<\/strong> present\u00f3 el proyecto de <strong>integraci\u00f3n vial y urbana<\/strong> en Los Praditos, Distrito Nacional y explic\u00f3 que se trata de una <strong>soluci\u00f3n estructural<\/strong> a una situaci\u00f3n acumulada durante d\u00e9cadas, producto de un crecimiento progresivo que impact\u00f3 la organizaci\u00f3n de sus v\u00edas y el uso del espacio urbano.<\/span><span class=\"EOP SCXW265414858 BCX0\">\u00a0<\/span><\/p>\n<\/div>\n<div class=\"OutlineElement Ltr SCXW265414858 BCX0\">\n<p class=\"text-align-justify\"><em><span class=\"TextRun SCXW265414858 BCX0 NormalTextRun\" lang=\"ES-DO\">\u201cEste proyecto representa un paso firme para corregir una situaci\u00f3n que se ha desarrollado durante m\u00e1s de 50 a\u00f1os y que hoy limita la movilidad y el acceso en este sector. Aqu\u00ed estamos recuperando espacios para la gente y garantizando que servicios esenciales, como ambulancias o unidades de emergencia, puedan acceder sin dificultad\u201d,<\/span><\/em><span class=\"TextRun SCXW265414858 BCX0 NormalTextRun\" lang=\"ES-DO\"> expres\u00f3 el ministro.<\/span><span class=\"EOP SCXW265414858 BCX0\">\u00a0<\/span><\/p>\n<\/div>\n<div class=\"OutlineElement Ltr SCXW265414858 BCX0\">\n<p class=\"text-align-justify\"><span class=\"TextRun SCXW265414858 BCX0 NormalTextRun\" lang=\"ES-DO\">Asimismo, destac\u00f3 que se trata de una intervenci\u00f3n con un alto impacto social. <\/span><em><span class=\"TextRun SCXW265414858 BCX0 NormalTextRun\" lang=\"ES-DO\">\u201cNo solo estamos mejorando calles, estamos mejorando la vida de la gente. Estamos creando condiciones para un entorno m\u00e1s digno, m\u00e1s seguro y funcional para todos\u201d,<\/span><\/em><span class=\"TextRun SCXW265414858 BCX0 NormalTextRun\" lang=\"ES-DO\"> agreg\u00f3.<\/span><span class=\"EOP SCXW265414858 BCX0\">\u00a0<\/span><\/p>\n<\/div>\n<p><img decoding=\"async\" src=\"https:\/\/www.presidencia.gob.do\/sites\/default\/files\/inline-images\/Dise%C3%B1o%20sin%20t%C3%ADtulo%20%2842%29.png\" data-entity-uuid=\"0db38304-8bb8-4c6c-86ee-5b51d8d995a3\" data-entity-type=\"file\" width=\"1300\" height=\"730\" loading=\"lazy\">\n<\/p>\n<div class=\"OutlineElement Ltr SCXW265414858 BCX0\">\n<p class=\"text-align-justify\"><span class=\"TextRun SCXW265414858 BCX0 NormalTextRun\" lang=\"ES-DO\">En la actividad tambi\u00e9n particip\u00f3 la alcaldesa del Distrito Nacional, <strong>Carolina Mej\u00eda<\/strong>, quien indic\u00f3 <\/span><em><span class=\"TextRun SCXW265414858 BCX0 NormalTextRun\" lang=\"ES-DO\">\u201cQue esta conectividad mejora la calidad de vida y en los accesos y en lo que respecta a una mejora comercial, adem\u00e1s, en el impacto urbano y todo eso redunda en bienestar de nuestra gente\u201d.<\/span><\/em><span class=\"EOP SCXW265414858 BCX0\">\u00a0<\/span><\/p>\n<\/div>\n<div class=\"OutlineElement Ltr SCXW265414858 BCX0\">\n<p class=\"text-align-justify\"><em><span class=\"TextRun SCXW265414858 BCX0 NormalTextRun\" lang=\"ES-DO\">\u201c<\/span><span class=\"TextRun SCXW265414858 BCX0 NormalTextRun SpellingErrorV2Themed\" lang=\"ES-DO\">Ito<\/span><span class=\"TextRun SCXW265414858 BCX0 NormalTextRun\" lang=\"ES-DO\">, muchas gracias de coraz\u00f3n, sobre todo, porque desde que llegaste a la gesti\u00f3n tambi\u00e9n le has impregnado a nuevos proyectos que tenemos en carpeta esa rapidez necesaria para poder lograrlos y disfrutar de ellos, as\u00ed que dios me los bendiga y felicidades\u201d,<\/span><\/em><span class=\"TextRun SCXW265414858 BCX0 NormalTextRun\" lang=\"ES-DO\"> expres\u00f3 la alcaldesa.<\/span><span class=\"EOP SCXW265414858 BCX0\">\u00a0<\/span><\/p>\n<\/div>\n<div class=\"OutlineElement Ltr SCXW265414858 BCX0\">\n<p class=\"text-align-justify\"><span class=\"TextRun SCXW265414858 BCX0 NormalTextRun\" lang=\"ES-DO\"><strong>Una intervenci\u00f3n para mejorar la conexi\u00f3n del sector<\/strong><\/span><span class=\"EOP SCXW265414858 BCX0\">\u00a0<\/span><\/p>\n<\/div>\n<div class=\"OutlineElement Ltr SCXW265414858 BCX0\">\n<p class=\"text-align-justify\"><span class=\"TextRun SCXW265414858 BCX0 NormalTextRun\" lang=\"ES-DO\">El proyecto contempla la <strong>unificaci\u00f3n y ampliaci\u00f3n<\/strong> de las calles <strong>9 y 11<\/strong>, permitiendo conectar la avenida <\/span><span class=\"TextRun SCXW265414858 BCX0 NormalTextRun SpellingErrorV2Themed\" lang=\"ES-DO\"><strong>Olof<\/strong><\/span><span class=\"TextRun SCXW265414858 BCX0 NormalTextRun\" lang=\"ES-DO\"><strong> Palme<\/strong> con la calle Heriberto N\u00fa\u00f1ez, creando nuevos ejes de conexi\u00f3n que <strong>mejorar\u00e1n significativamente<\/strong> el flujo vehicular en la zona.<\/span><span class=\"EOP SCXW265414858 BCX0\">\u00a0<\/span><\/p>\n<\/div>\n<div class=\"OutlineElement Ltr SCXW265414858 BCX0\">\n<p class=\"text-align-justify\"><span class=\"TextRun SCXW265414858 BCX0 NormalTextRun\" lang=\"ES-DO\">Como parte de esta intervenci\u00f3n, los trabajos ya han iniciado en estas v\u00edas, marcando el comienzo de la primera fase del proyecto.<\/span><span class=\"EOP SCXW265414858 BCX0\">\u00a0<\/span><\/p>\n<\/div>\n<div class=\"OutlineElement Ltr SCXW265414858 BCX0\">\n<p class=\"text-align-justify\"><span class=\"TextRun SCXW265414858 BCX0 NormalTextRun\" lang=\"ES-DO\">Asimismo, el plan incluye la <strong>ampliaci\u00f3n y extensi\u00f3n<\/strong> de la calle 6, que generar\u00e1 nuevas conexiones internas para facilitar el acceso hacia la calle <strong>Doctor <\/strong><\/span><span class=\"TextRun SCXW265414858 BCX0 NormalTextRun SpellingErrorV2Themed\" lang=\"ES-DO\"><strong>Defill\u00f3<\/strong><\/span><span class=\"TextRun SCXW265414858 BCX0 NormalTextRun\" lang=\"ES-DO\"><strong>.<\/strong><\/span><span class=\"EOP SCXW265414858 BCX0\">\u00a0<\/span><\/p>\n<\/div>\n<div class=\"OutlineElement Ltr SCXW265414858 BCX0\">\n<p class=\"text-align-justify\"><span class=\"TextRun SCXW265414858 BCX0 NormalTextRun\" lang=\"ES-DO\">Los trabajos est\u00e1n previstos para una duraci\u00f3n de <strong>18 meses,<\/strong> iniciados desde el mes de febrero, para concluir las intervenciones en las calles, 6, 9 y 11. Asimismo, este proyecto conllevar\u00e1 una inversi\u00f3n total de unos <strong>RD 150 millones.<\/strong><\/span><span class=\"EOP SCXW265414858 BCX0\">\u00a0<\/span><\/p>\n<\/div>\n<p><img decoding=\"async\" src=\"https:\/\/www.presidencia.gob.do\/sites\/default\/files\/inline-images\/Dise%C3%B1o%20sin%20t%C3%ADtulo%20%2841%29.png\" data-entity-uuid=\"44a4ec05-b1a2-4645-9df1-1e38255153df\" data-entity-type=\"file\" width=\"1300\" height=\"730\" loading=\"lazy\">\n<\/p>\n<div class=\"OutlineElement Ltr SCXW265414858 BCX0\">\n<p class=\"text-align-justify\"><span class=\"TextRun SCXW265414858 BCX0 NormalTextRun\" lang=\"ES-DO\">Adem\u00e1s de la mejora vial, el proyecto incorpora la construcci\u00f3n de <strong>aceras seguras<\/strong>, la instalaci\u00f3n de <strong>iluminaci\u00f3n tipo LED<\/strong>, el desarrollo de parques lineales y \u00e1reas verdes, la creaci\u00f3n de parqueos p\u00fablicos, as\u00ed como intervenciones de paisajismo y mobiliario urbano.<\/span><span class=\"EOP SCXW265414858 BCX0\">\u00a0<\/span><\/p>\n<\/div>\n<div class=\"OutlineElement Ltr SCXW265414858 BCX0\">\n<p class=\"text-align-justify\"><span class=\"TextRun SCXW265414858 BCX0 NormalTextRun\" lang=\"ES-DO\"><strong>Un proceso participativo y en ejecuci\u00f3n<\/strong><\/span><span class=\"EOP SCXW265414858 BCX0\">\u00a0<\/span><\/p>\n<\/div>\n<div class=\"OutlineElement Ltr SCXW265414858 BCX0\">\n<p class=\"text-align-justify\"><span class=\"TextRun SCXW265414858 BCX0 NormalTextRun\" lang=\"ES-DO\">El ministro V\u00edctor \u201c<\/span><span class=\"TextRun SCXW265414858 BCX0 NormalTextRun SpellingErrorV2Themed\" lang=\"ES-DO\">Ito<\/span><span class=\"TextRun SCXW265414858 BCX0 NormalTextRun\" lang=\"ES-DO\">\u201d Bison\u00f3 destac\u00f3 que el proyecto se ha desarrollado bajo un enfoque participativo, en <strong>coordinaci\u00f3n con la comunidad<\/strong> y basado en acuerdos que han permitido avanzar de manera organizada.<\/span><span class=\"EOP SCXW265414858 BCX0\">\u00a0<\/span><\/p>\n<\/div>\n<div class=\"OutlineElement Ltr SCXW265414858 BCX0\">\n<p class=\"text-align-justify\"><span class=\"TextRun SCXW265414858 BCX0 NormalTextRun\" lang=\"ES-DO\">Indic\u00f3 que los trabajos ya se encuentran en ejecuci\u00f3n en el sector, espec\u00edficamente en las <strong>calles 9 y 11<\/strong>, donde se han iniciado las intervenciones como parte de esta primera etapa.<\/span><span class=\"EOP SCXW265414858 BCX0\">\u00a0<\/span><\/p>\n<\/div>\n<div class=\"OutlineElement Ltr SCXW265414858 BCX0\">\n<p class=\"text-align-justify\"><span class=\"TextRun SCXW265414858 BCX0 NormalTextRun\" lang=\"ES-DO\">En ese sentido, explic\u00f3 que las demoliciones se han llevado a cabo de manera progresiva, priorizando aquellas estructuras donde se han alcanzado acuerdos, lo que ha permitido avanzar de forma <strong>ordenada y respetuosa.<\/strong><\/span><span class=\"EOP SCXW265414858 BCX0\">\u00a0<\/span><\/p>\n<\/div>\n<div class=\"OutlineElement Ltr SCXW265414858 BCX0\">\n<p class=\"text-align-justify\"><span class=\"TextRun SCXW265414858 BCX0 NormalTextRun\" lang=\"ES-DO\">Asimismo, inform\u00f3 que se estar\u00e1 manteniendo un acompa\u00f1amiento permanente con la comunidad durante todo el proceso, <strong>garantizando informaci\u00f3n continua y seguimiento<\/strong> a cada etapa del proyecto.<\/span><span class=\"EOP SCXW265414858 BCX0\">\u00a0<\/span><\/p>\n<\/div>\n<p><img decoding=\"async\" src=\"https:\/\/www.presidencia.gob.do\/sites\/default\/files\/inline-images\/Dise%C3%B1o%20sin%20t%C3%ADtulo%20%2843%29_0.png\" data-entity-uuid=\"b49dda92-c774-4d11-b1e8-f090e8747a1d\" data-entity-type=\"file\" width=\"1300\" height=\"730\" loading=\"lazy\">\n<\/p>\n<div class=\"OutlineElement Ltr SCXW265414858 BCX0\">\n<p class=\"text-align-justify\"><span class=\"TextRun SCXW265414858 BCX0 NormalTextRun\" lang=\"ES-DO\"><strong>Impacto en la movilidad y la calidad de vida<\/strong><\/span><span class=\"EOP SCXW265414858 BCX0\">\u00a0<\/span><\/p>\n<\/div>\n<div class=\"OutlineElement Ltr SCXW265414858 BCX0\">\n<p class=\"text-align-justify\"><span class=\"TextRun SCXW265414858 BCX0 NormalTextRun\" lang=\"ES-DO\">Esta intervenci\u00f3n permitir\u00e1 mejorar significativamente la circulaci\u00f3n vehicular, crear <strong>nuevas conexiones<\/strong> dentro del sector y recuperar espacios para el uso de la comunidad.<\/span><span class=\"EOP SCXW265414858 BCX0\">\u00a0<\/span><\/p>\n<\/div>\n<div class=\"OutlineElement Ltr SCXW265414858 BCX0\">\n<p class=\"text-align-justify\"><span class=\"TextRun SCXW265414858 BCX0 NormalTextRun\" lang=\"ES-DO\">El proyecto contribuir\u00e1 a transformar el entorno urbano en un espacio <strong>m\u00e1s accesible, organizado y seguro<\/strong>, beneficiando tanto a los residentes como a las zonas aleda\u00f1as.<\/span><span class=\"EOP SCXW265414858 BCX0\">\u00a0<\/span><\/p>\n<\/div>\n<div class=\"OutlineElement Ltr SCXW265414858 BCX0\">\n<p class=\"text-align-justify\"><span class=\"TextRun SCXW265414858 BCX0 NormalTextRun\" lang=\"ES-DO\">Con esta iniciativa, el <\/span><span class=\"TextRun SCXW265414858 BCX0 NormalTextRun SpellingErrorV2Themed\" lang=\"ES-DO\">Mivhed<\/span><span class=\"TextRun SCXW265414858 BCX0 NormalTextRun\" lang=\"ES-DO\"> reafirma su compromiso con el desarrollo de proyectos que <strong>mejoren la vida de la gente<\/strong> y aporten a una ciudad m\u00e1s <strong>ordenada, conectada y funcional.<\/strong><\/span><span class=\"EOP SCXW265414858 BCX0\">\u00a0<\/span><\/p>\n<\/div>\n<\/div>\n<div class=\"field field--name-field-image field--type-image field--label-hidden field__item\">  <img decoding=\"async\" loading=\"lazy\" src=\"https:\/\/www.presidencia.gob.do\/sites\/default\/files\/news\/2026-04\/Dise%C3%B1o%20sin%20t%C3%ADtulo%20%2840%29.png\" width=\"1300\" height=\"730\" alt=\"Praditos\"><\/p>\n<\/div>\n<p>\u00a0Mivhed presenta proyecto de integraci\u00f3n vial y urbana en Los Praditos para mejorar la movilidad<br \/>\nrosahenriquez<br \/>\n29 de  Abril 2026 | 10:33<\/p>\n<p>Santo Domingo.- El ministro de Vivienda, H\u00e1bitat y Edificaciones (Mivhed), V\u00edctor \u201cIto\u201d Bison\u00f3, present\u00f3 el proyecto de integraci\u00f3n vial y urbana en Los Praditos, Distrito Nacional y explic\u00f3 que se trata de una soluci\u00f3n estructural a una situaci\u00f3n acumulada durante d\u00e9cadas, producto de un crecimiento progresivo que impact\u00f3 la organizaci\u00f3n de sus v\u00edas y el uso del espacio urbano.\u00a0<\/p>\n<p>\u201cEste proyecto representa un paso firme para corregir una situaci\u00f3n que se ha desarrollado durante m\u00e1s de 50 a\u00f1os y que hoy limita la movilidad y el acceso en este sector. Aqu\u00ed estamos recuperando espacios para la gente y garantizando que servicios esenciales, como ambulancias o unidades de emergencia, puedan acceder sin dificultad\u201d, expres\u00f3 el ministro.\u00a0<\/p>\n<p>Asimismo, destac\u00f3 que se trata de una intervenci\u00f3n con un alto impacto social. \u201cNo solo estamos mejorando calles, estamos mejorando la vida de la gente. Estamos creando condiciones para un entorno m\u00e1s digno, m\u00e1s seguro y funcional para todos\u201d, agreg\u00f3.\u00a0<\/p>\n<p>En la actividad tambi\u00e9n particip\u00f3 la alcaldesa del Distrito Nacional, Carolina Mej\u00eda, quien indic\u00f3 \u201cQue esta conectividad mejora la calidad de vida y en los accesos y en lo que respecta a una mejora comercial, adem\u00e1s, en el impacto urbano y todo eso redunda en bienestar de nuestra gente\u201d.\u00a0<\/p>\n<p>\u201cIto, muchas gracias de coraz\u00f3n, sobre todo, porque desde que llegaste a la gesti\u00f3n tambi\u00e9n le has impregnado a nuevos proyectos que tenemos en carpeta esa rapidez necesaria para poder lograrlos y disfrutar de ellos, as\u00ed que dios me los bendiga y felicidades\u201d, expres\u00f3 la alcaldesa.\u00a0<\/p>\n<p>Una intervenci\u00f3n para mejorar la conexi\u00f3n del sector\u00a0<\/p>\n<p>El proyecto contempla la unificaci\u00f3n y ampliaci\u00f3n de las calles 9 y 11, permitiendo conectar la avenida Olof Palme con la calle Heriberto N\u00fa\u00f1ez, creando nuevos ejes de conexi\u00f3n que mejorar\u00e1n significativamente el flujo vehicular en la zona.\u00a0<\/p>\n<p>Como parte de esta intervenci\u00f3n, los trabajos ya han iniciado en estas v\u00edas, marcando el comienzo de la primera fase del proyecto.\u00a0<\/p>\n<p>Asimismo, el plan incluye la ampliaci\u00f3n y extensi\u00f3n de la calle 6, que generar\u00e1 nuevas conexiones internas para facilitar el acceso hacia la calle Doctor Defill\u00f3.\u00a0<\/p>\n<p>Los trabajos est\u00e1n previstos para una duraci\u00f3n de 18 meses, iniciados desde el mes de febrero, para concluir las intervenciones en las calles, 6, 9 y 11. Asimismo, este proyecto conllevar\u00e1 una inversi\u00f3n total de unos RD 150 millones.\u00a0<\/p>\n<p>Adem\u00e1s de la mejora vial, el proyecto incorpora la construcci\u00f3n de aceras seguras, la instalaci\u00f3n de iluminaci\u00f3n tipo LED, el desarrollo de parques lineales y \u00e1reas verdes, la creaci\u00f3n de parqueos p\u00fablicos, as\u00ed como intervenciones de paisajismo y mobiliario urbano.\u00a0<\/p>\n<p>Un proceso participativo y en ejecuci\u00f3n\u00a0<\/p>\n<p>El ministro V\u00edctor \u201cIto\u201d Bison\u00f3 destac\u00f3 que el proyecto se ha desarrollado bajo un enfoque participativo, en coordinaci\u00f3n con la comunidad y basado en acuerdos que han permitido avanzar de manera organizada.\u00a0<\/p>\n<p>Indic\u00f3 que los trabajos ya se encuentran en ejecuci\u00f3n en el sector, espec\u00edficamente en las calles 9 y 11, donde se han iniciado las intervenciones como parte de esta primera etapa.\u00a0<\/p>\n<p>En ese sentido, explic\u00f3 que las demoliciones se han llevado a cabo de manera progresiva, priorizando aquellas estructuras donde se han alcanzado acuerdos, lo que ha permitido avanzar de forma ordenada y respetuosa.\u00a0<\/p>\n<p>Asimismo, inform\u00f3 que se estar\u00e1 manteniendo un acompa\u00f1amiento permanente con la comunidad durante todo el proceso, garantizando informaci\u00f3n continua y seguimiento a cada etapa del proyecto.\u00a0<\/p>\n<p>Impacto en la movilidad y la calidad de vida\u00a0<\/p>\n<p>Esta intervenci\u00f3n permitir\u00e1 mejorar significativamente la circulaci\u00f3n vehicular, crear nuevas conexiones dentro del sector y recuperar espacios para el uso de la comunidad.\u00a0<\/p>\n<p>El proyecto contribuir\u00e1 a transformar el entorno urbano en un espacio m\u00e1s accesible, organizado y seguro, beneficiando tanto a los residentes como a las zonas aleda\u00f1as.\u00a0<\/p>\n<p>Con esta iniciativa, el Mivhed reafirma su compromiso con el desarrollo de proyectos que mejoren la vida de la gente y aporten a una ciudad m\u00e1s ordenada, conectada y funcional.\u00a0\u00a0\u00a0\u00a0<\/p>\n","protected":false},"excerpt":{"rendered":"<p>Mivhed presenta proyecto de integraci\u00f3n vial y urbana en Los Praditos para mejorar la movilidad rosahenriquez 29 de Abril 2026 | 10:33 Santo Domingo.- El ministro de Vivienda, H\u00e1bitat y Edificaciones (Mivhed), V\u00edctor \u201cIto\u201d Bison\u00f3, present\u00f3 el proyecto de integraci\u00f3n vial y urbana en Los Praditos, Distrito Nacional y explic\u00f3 que se trata de una [&hellip;]<\/p>\n","protected":false},"author":1,"featured_media":25981,"comment_status":"open","ping_status":"open","sticky":false,"template":"","format":"standard","meta":{"amp_status":"","footnotes":""},"categories":[8],"tags":[],"class_list":["post-25980","post","type-post","status-publish","format-standard","has-post-thumbnail","hentry","category-republica"],"_links":{"self":[{"href":"https:\/\/ermdigital.com\/index.php?rest_route=\/wp\/v2\/posts\/25980","targetHints":{"allow":["GET"]}}],"collection":[{"href":"https:\/\/ermdigital.com\/index.php?rest_route=\/wp\/v2\/posts"}],"about":[{"href":"https:\/\/ermdigital.com\/index.php?rest_route=\/wp\/v2\/types\/post"}],"author":[{"embeddable":true,"href":"https:\/\/ermdigital.com\/index.php?rest_route=\/wp\/v2\/users\/1"}],"replies":[{"embeddable":true,"href":"https:\/\/ermdigital.com\/index.php?rest_route=%2Fwp%2Fv2%2Fcomments&post=25980"}],"version-history":[{"count":0,"href":"https:\/\/ermdigital.com\/index.php?rest_route=\/wp\/v2\/posts\/25980\/revisions"}],"wp:featuredmedia":[{"embeddable":true,"href":"https:\/\/ermdigital.com\/index.php?rest_route=\/wp\/v2\/media\/25981"}],"wp:attachment":[{"href":"https:\/\/ermdigital.com\/index.php?rest_route=%2Fwp%2Fv2%2Fmedia&parent=25980"}],"wp:term":[{"taxonomy":"category","embeddable":true,"href":"https:\/\/ermdigital.com\/index.php?rest_route=%2Fwp%2Fv2%2Fcategories&post=25980"},{"taxonomy":"post_tag","embeddable":true,"href":"https:\/\/ermdigital.com\/index.php?rest_route=%2Fwp%2Fv2%2Ftags&post=25980"}],"curies":[{"name":"wp","href":"https:\/\/api.w.org\/{rel}","templated":true}]}}