{"id":25976,"date":"2026-04-29T10:09:31","date_gmt":"2026-04-29T14:09:31","guid":{"rendered":"https:\/\/ermdigital.com\/comunitarios-de-la-cuaba-seguiran-luchando-en-contra-de-vertedero-y-llevaran-el-caso-a-la-justicia\/"},"modified":"2026-04-29T10:09:31","modified_gmt":"2026-04-29T14:09:31","slug":"comunitarios-de-la-cuaba-seguiran-luchando-en-contra-de-vertedero-y-llevaran-el-caso-a-la-justicia","status":"publish","type":"post","link":"https:\/\/ermdigital.com\/?p=25976","title":{"rendered":"Comunitarios de La Cuaba seguir\u00e1n luchando en contra de vertedero y llevar\u00e1n el caso a la justicia\u00a0"},"content":{"rendered":"<p>&lt;![CDATA[<\/p>\n<p>Comunitarios de<b> La Cuaba<\/b> se mostraron en contra de la aprobaci\u00f3n de la licencia otorgada por el <b>Ministerio de Medio Ambiente y Recursos Naturales<\/b> para la instalaci\u00f3n de una planta de valorizaci\u00f3n de desechos en el distrito municipal, que denuncian se convertir\u00eda en un vertedero.<\/p>\n<p><a href=\"https:\/\/listindiario.com\/la-republica\/20260429\/comunitarios-cuaba-seguiran-luchando-vertedero-llevaran-caso-justicia_903709.html\">wf_cms.rss.read_more<\/a><\/p>\n<p>]]&gt;<\/p>\n<p>\u200bDenunciaron como \u201cviolatorio\u201d el permiso, en virtud de que no fueron observadas algunas condiciones que ordenaba la resoluci\u00f3n dictada por el mismo ente en 2023, que negaba el permiso ambiental, respecto a la distancia del proyecto y una zona poblada, as\u00ed como la relaci\u00f3n armoniosa con los comunitarios.\u00a0\u00a0La Rep\u00fablica\u00a0<\/p>\n","protected":false},"excerpt":{"rendered":"<p>&lt;![CDATA[ Comunitarios de La Cuaba se mostraron en contra de la aprobaci\u00f3n de la licencia otorgada por el Ministerio de Medio Ambiente y Recursos Naturales para la instalaci\u00f3n de una planta de valorizaci\u00f3n de desechos en el distrito municipal, que denuncian se convertir\u00eda en un vertedero. wf_cms.rss.read_more ]]&gt; \u200bDenunciaron como \u201cviolatorio\u201d el permiso, en virtud [&hellip;]<\/p>\n","protected":false},"author":1,"featured_media":25977,"comment_status":"open","ping_status":"open","sticky":false,"template":"","format":"standard","meta":{"amp_status":"","footnotes":""},"categories":[5],"tags":[],"class_list":["post-25976","post","type-post","status-publish","format-standard","has-post-thumbnail","hentry","category-politica"],"_links":{"self":[{"href":"https:\/\/ermdigital.com\/index.php?rest_route=\/wp\/v2\/posts\/25976","targetHints":{"allow":["GET"]}}],"collection":[{"href":"https:\/\/ermdigital.com\/index.php?rest_route=\/wp\/v2\/posts"}],"about":[{"href":"https:\/\/ermdigital.com\/index.php?rest_route=\/wp\/v2\/types\/post"}],"author":[{"embeddable":true,"href":"https:\/\/ermdigital.com\/index.php?rest_route=\/wp\/v2\/users\/1"}],"replies":[{"embeddable":true,"href":"https:\/\/ermdigital.com\/index.php?rest_route=%2Fwp%2Fv2%2Fcomments&post=25976"}],"version-history":[{"count":0,"href":"https:\/\/ermdigital.com\/index.php?rest_route=\/wp\/v2\/posts\/25976\/revisions"}],"wp:featuredmedia":[{"embeddable":true,"href":"https:\/\/ermdigital.com\/index.php?rest_route=\/wp\/v2\/media\/25977"}],"wp:attachment":[{"href":"https:\/\/ermdigital.com\/index.php?rest_route=%2Fwp%2Fv2%2Fmedia&parent=25976"}],"wp:term":[{"taxonomy":"category","embeddable":true,"href":"https:\/\/ermdigital.com\/index.php?rest_route=%2Fwp%2Fv2%2Fcategories&post=25976"},{"taxonomy":"post_tag","embeddable":true,"href":"https:\/\/ermdigital.com\/index.php?rest_route=%2Fwp%2Fv2%2Ftags&post=25976"}],"curies":[{"name":"wp","href":"https:\/\/api.w.org\/{rel}","templated":true}]}}