{"id":25972,"date":"2026-04-29T10:43:27","date_gmt":"2026-04-29T14:43:27","guid":{"rendered":"https:\/\/ermdigital.com\/se-accidenta-avioneta-en-dajabon-pilotos-fueron-llevados-a-centro-de-salud\/"},"modified":"2026-04-29T10:43:27","modified_gmt":"2026-04-29T14:43:27","slug":"se-accidenta-avioneta-en-dajabon-pilotos-fueron-llevados-a-centro-de-salud","status":"publish","type":"post","link":"https:\/\/ermdigital.com\/?p=25972","title":{"rendered":"Se accidenta avioneta en Dajab\u00f3n; pilotos fueron llevados a centro de salud\u00a0"},"content":{"rendered":"<p>&lt;![CDATA[<\/p>\n<p>Una avioneta se accident\u00f3 este mi\u00e9rcoles en la base de la Fuerza A\u00e9rea en la provincia fronteriza Dajab\u00f3n, hecho que es investigado por las autoridades.<\/p>\n<p><a href=\"https:\/\/listindiario.com\/la-republica\/provincias\/20260429\/avioneta-sufre-accidente-dajabon-piloto-trasladado-centro-emergencia_903715.html\">wf_cms.rss.read_more<\/a><\/p>\n<p>]]&gt;<\/p>\n<p>\u200bSe inform\u00f3 que tanto el piloto como el copiloto fueron trasladados al centro m\u00e9dico Rosa Benita de la provincia de Dajab\u00f3n\u00a0\u00a0Provincias\u00a0<\/p>\n","protected":false},"excerpt":{"rendered":"<p>&lt;![CDATA[ Una avioneta se accident\u00f3 este mi\u00e9rcoles en la base de la Fuerza A\u00e9rea en la provincia fronteriza Dajab\u00f3n, hecho que es investigado por las autoridades. wf_cms.rss.read_more ]]&gt; \u200bSe inform\u00f3 que tanto el piloto como el copiloto fueron trasladados al centro m\u00e9dico Rosa Benita de la provincia de Dajab\u00f3n\u00a0\u00a0Provincias\u00a0<\/p>\n","protected":false},"author":1,"featured_media":25973,"comment_status":"open","ping_status":"open","sticky":false,"template":"","format":"standard","meta":{"amp_status":"","footnotes":""},"categories":[5],"tags":[],"class_list":["post-25972","post","type-post","status-publish","format-standard","has-post-thumbnail","hentry","category-politica"],"_links":{"self":[{"href":"https:\/\/ermdigital.com\/index.php?rest_route=\/wp\/v2\/posts\/25972","targetHints":{"allow":["GET"]}}],"collection":[{"href":"https:\/\/ermdigital.com\/index.php?rest_route=\/wp\/v2\/posts"}],"about":[{"href":"https:\/\/ermdigital.com\/index.php?rest_route=\/wp\/v2\/types\/post"}],"author":[{"embeddable":true,"href":"https:\/\/ermdigital.com\/index.php?rest_route=\/wp\/v2\/users\/1"}],"replies":[{"embeddable":true,"href":"https:\/\/ermdigital.com\/index.php?rest_route=%2Fwp%2Fv2%2Fcomments&post=25972"}],"version-history":[{"count":0,"href":"https:\/\/ermdigital.com\/index.php?rest_route=\/wp\/v2\/posts\/25972\/revisions"}],"wp:featuredmedia":[{"embeddable":true,"href":"https:\/\/ermdigital.com\/index.php?rest_route=\/wp\/v2\/media\/25973"}],"wp:attachment":[{"href":"https:\/\/ermdigital.com\/index.php?rest_route=%2Fwp%2Fv2%2Fmedia&parent=25972"}],"wp:term":[{"taxonomy":"category","embeddable":true,"href":"https:\/\/ermdigital.com\/index.php?rest_route=%2Fwp%2Fv2%2Fcategories&post=25972"},{"taxonomy":"post_tag","embeddable":true,"href":"https:\/\/ermdigital.com\/index.php?rest_route=%2Fwp%2Fv2%2Ftags&post=25972"}],"curies":[{"name":"wp","href":"https:\/\/api.w.org\/{rel}","templated":true}]}}