{"id":25970,"date":"2026-04-29T10:57:59","date_gmt":"2026-04-29T14:57:59","guid":{"rendered":"https:\/\/ermdigital.com\/enfermeras-realizan-planton-por-24-horas-en-busca-de-reivindicaciones\/"},"modified":"2026-04-29T10:57:59","modified_gmt":"2026-04-29T14:57:59","slug":"enfermeras-realizan-planton-por-24-horas-en-busca-de-reivindicaciones","status":"publish","type":"post","link":"https:\/\/ermdigital.com\/?p=25970","title":{"rendered":"Enfermeras realizan plant\u00f3n por 24 horas en busca de reivindicaciones\u00a0"},"content":{"rendered":"<p>&lt;![CDATA[<\/p>\n<p>Por 24 horas, diferentes gremios del \u00e1rea de enfermer\u00eda realizan plant\u00f3n a<b> nivel nacional<\/b> exigiendo el reconocimiento de sus reivindicaciones como anunciaron el pasado <b>22 de abril<\/b>.<\/p>\n<p><a href=\"https:\/\/listindiario.com\/la-republica\/sector-salud\/20260429\/enfermeras-realizan-planton-24-horas-busca-reivindicaciones_903716.html\">wf_cms.rss.read_more<\/a><\/p>\n<p>]]&gt;<\/p>\n<p>\u200bEl paro de labores inici\u00f3 este mi\u00e9rcoles a las 8:00 de la ma\u00f1ana y se extender\u00e1 hasta las 8:00 de la ma\u00f1ana del jueves a nivel nacional en todos los hospitales p\u00fablicos y descentralizados del pa\u00eds.\u00a0\u00a0Sector Salud\u00a0<\/p>\n","protected":false},"excerpt":{"rendered":"<p>&lt;![CDATA[ Por 24 horas, diferentes gremios del \u00e1rea de enfermer\u00eda realizan plant\u00f3n a nivel nacional exigiendo el reconocimiento de sus reivindicaciones como anunciaron el pasado 22 de abril. wf_cms.rss.read_more ]]&gt; \u200bEl paro de labores inici\u00f3 este mi\u00e9rcoles a las 8:00 de la ma\u00f1ana y se extender\u00e1 hasta las 8:00 de la ma\u00f1ana del jueves a [&hellip;]<\/p>\n","protected":false},"author":1,"featured_media":25971,"comment_status":"open","ping_status":"open","sticky":false,"template":"","format":"standard","meta":{"amp_status":"","footnotes":""},"categories":[5],"tags":[],"class_list":["post-25970","post","type-post","status-publish","format-standard","has-post-thumbnail","hentry","category-politica"],"_links":{"self":[{"href":"https:\/\/ermdigital.com\/index.php?rest_route=\/wp\/v2\/posts\/25970","targetHints":{"allow":["GET"]}}],"collection":[{"href":"https:\/\/ermdigital.com\/index.php?rest_route=\/wp\/v2\/posts"}],"about":[{"href":"https:\/\/ermdigital.com\/index.php?rest_route=\/wp\/v2\/types\/post"}],"author":[{"embeddable":true,"href":"https:\/\/ermdigital.com\/index.php?rest_route=\/wp\/v2\/users\/1"}],"replies":[{"embeddable":true,"href":"https:\/\/ermdigital.com\/index.php?rest_route=%2Fwp%2Fv2%2Fcomments&post=25970"}],"version-history":[{"count":0,"href":"https:\/\/ermdigital.com\/index.php?rest_route=\/wp\/v2\/posts\/25970\/revisions"}],"wp:featuredmedia":[{"embeddable":true,"href":"https:\/\/ermdigital.com\/index.php?rest_route=\/wp\/v2\/media\/25971"}],"wp:attachment":[{"href":"https:\/\/ermdigital.com\/index.php?rest_route=%2Fwp%2Fv2%2Fmedia&parent=25970"}],"wp:term":[{"taxonomy":"category","embeddable":true,"href":"https:\/\/ermdigital.com\/index.php?rest_route=%2Fwp%2Fv2%2Fcategories&post=25970"},{"taxonomy":"post_tag","embeddable":true,"href":"https:\/\/ermdigital.com\/index.php?rest_route=%2Fwp%2Fv2%2Ftags&post=25970"}],"curies":[{"name":"wp","href":"https:\/\/api.w.org\/{rel}","templated":true}]}}