{"id":25968,"date":"2026-04-29T09:26:06","date_gmt":"2026-04-29T13:26:06","guid":{"rendered":"https:\/\/ermdigital.com\/index.php\/2026\/04\/29\/banreservas-realizara-conferencia-sobre-etica-y-exito-organizacional-este-miercoles\/"},"modified":"2026-04-29T09:26:06","modified_gmt":"2026-04-29T13:26:06","slug":"banreservas-realizara-conferencia-sobre-etica-y-exito-organizacional-este-miercoles","status":"publish","type":"post","link":"https:\/\/ermdigital.com\/?p=25968","title":{"rendered":"Banreservas realizar\u00e1 conferencia sobre \u00e9tica y \u00e9xito organizacional este mi\u00e9rcoles"},"content":{"rendered":"<p>Santo Domingo.\u2013 El Banco Banreservas llevar\u00e1 a cabo la ma\u00f1ana de este mi\u00e9rcoles la conferencia titulada \u201cLa \u00c9tica: el pilar del \u00e9xito en las personas y las organizaciones\u201d, un espacio orientado a reflexionar sobre la importancia de los valores en el desarrollo personal y empresarial.<\/p>\n<p>La ponencia ser\u00e1 dictada por el acad\u00e9mico Pablo \u00c1mez Rodr\u00edguez, reconocido especialista en desarrollo directivo y formaci\u00f3n ejecutiva.<\/p>\n<p><strong><em>Te puede interesar: <a href=\"https:\/\/deultimominuto.net\/estilo\/banreservas-selecciona-5\/\">Banreservas selecciona cinco equipos para el Programa de Incubaci\u00f3n Cree 2026<\/a><\/em><\/strong><\/p>\n<p>El evento tendr\u00e1 lugar en el Gran Sal\u00f3n del Club Banreservas, ubicado en la avenida Gregorio Luper\u00f3n, casi esquina Mirador Sur, en Santo Domingo, Distrito Nacional, y contar\u00e1 con la participaci\u00f3n de empresarios del sector privado.<\/p>\n<p>La iniciativa forma parte de los esfuerzos de Banreservas por promover la \u00e9tica como eje fundamental en la gesti\u00f3n organizacional y el liderazgo empresarial.<\/p>\n<p>\u200bSanto Domingo.\u2013 El Banco Banreservas llevar\u00e1 a cabo la ma\u00f1ana de este mi\u00e9rcoles la conferencia titulada \u201cLa \u00c9tica: el pilar del \u00e9xito en las personas y las organizaciones\u201d, un espacio orientado a reflexionar sobre la importancia de los valores en el desarrollo personal y empresarial. La ponencia ser\u00e1 dictada por el acad\u00e9mico Pablo \u00c1mez Rodr\u00edguez,\u00a0\u00a0Estilo, Banreservas, Deultimominuto, ElPeri\u00f3dicodelaVerdad, Rep\u00fablica Dominicana\u00a0\u00a0<\/p>\n","protected":false},"excerpt":{"rendered":"<p>Santo Domingo.\u2013 El Banco Banreservas llevar\u00e1 a cabo la ma\u00f1ana de este mi\u00e9rcoles la conferencia titulada \u201cLa \u00c9tica: el pilar del \u00e9xito en las personas y las organizaciones\u201d, un espacio orientado a reflexionar sobre la importancia de los valores en el desarrollo personal y empresarial. La ponencia ser\u00e1 dictada por el acad\u00e9mico Pablo \u00c1mez Rodr\u00edguez, [&hellip;]<\/p>\n","protected":false},"author":1,"featured_media":25969,"comment_status":"open","ping_status":"open","sticky":false,"template":"","format":"standard","meta":{"amp_status":"","footnotes":""},"categories":[3],"tags":[],"class_list":["post-25968","post","type-post","status-publish","format-standard","has-post-thumbnail","hentry","category-de-ultimo-minuto"],"_links":{"self":[{"href":"https:\/\/ermdigital.com\/index.php?rest_route=\/wp\/v2\/posts\/25968","targetHints":{"allow":["GET"]}}],"collection":[{"href":"https:\/\/ermdigital.com\/index.php?rest_route=\/wp\/v2\/posts"}],"about":[{"href":"https:\/\/ermdigital.com\/index.php?rest_route=\/wp\/v2\/types\/post"}],"author":[{"embeddable":true,"href":"https:\/\/ermdigital.com\/index.php?rest_route=\/wp\/v2\/users\/1"}],"replies":[{"embeddable":true,"href":"https:\/\/ermdigital.com\/index.php?rest_route=%2Fwp%2Fv2%2Fcomments&post=25968"}],"version-history":[{"count":0,"href":"https:\/\/ermdigital.com\/index.php?rest_route=\/wp\/v2\/posts\/25968\/revisions"}],"wp:featuredmedia":[{"embeddable":true,"href":"https:\/\/ermdigital.com\/index.php?rest_route=\/wp\/v2\/media\/25969"}],"wp:attachment":[{"href":"https:\/\/ermdigital.com\/index.php?rest_route=%2Fwp%2Fv2%2Fmedia&parent=25968"}],"wp:term":[{"taxonomy":"category","embeddable":true,"href":"https:\/\/ermdigital.com\/index.php?rest_route=%2Fwp%2Fv2%2Fcategories&post=25968"},{"taxonomy":"post_tag","embeddable":true,"href":"https:\/\/ermdigital.com\/index.php?rest_route=%2Fwp%2Fv2%2Ftags&post=25968"}],"curies":[{"name":"wp","href":"https:\/\/api.w.org\/{rel}","templated":true}]}}