{"id":25960,"date":"2026-04-29T09:52:32","date_gmt":"2026-04-29T13:52:32","guid":{"rendered":"https:\/\/ermdigital.com\/index.php\/2026\/04\/29\/monte-plata-celebra-primera-gala-regional-de-artes-con-masiva-participacion-estudiantil\/"},"modified":"2026-04-29T09:52:32","modified_gmt":"2026-04-29T13:52:32","slug":"monte-plata-celebra-primera-gala-regional-de-artes-con-masiva-participacion-estudiantil","status":"publish","type":"post","link":"https:\/\/ermdigital.com\/?p=25960","title":{"rendered":"Monte Plata celebra Primera Gala Regional de Artes con masiva participaci\u00f3n estudiantil"},"content":{"rendered":"<p>Monte Plata. &#8211; En un ambiente cargado de emoci\u00f3n y con una asistencia masiva, fue celebrada la Primera Gala Regional de la Modalidad en Artes, un evento que reuni\u00f3 a m\u00e1s de 600 estudiantes de distintos centros educativos de la provincia, bajo el lema \u201cTraves\u00eda del Arte, Origen de Nuestra Identidad\u201d.<\/p>\n<p>Las palabras de bienvenida estuvieron a cargo del director regional de Educaci\u00f3n, Enrique de la Cruz, quien destac\u00f3 la importancia de este tipo de iniciativas para fortalecer las habilidades art\u00edsticas y la identidad cultural de los estudiantes, al tiempo que valor\u00f3 la oportunidad de visibilizar el trabajo que se realiza en los centros de la Modalidad en Artes.<\/p>\n<p>De su lado, el coordinador regional de la modalidad en artes, H\u00e9ctor Brito, resalt\u00f3 la participaci\u00f3n de los centros educativos Patricio Ram\u00edrez de Yamas\u00e1, Gregorio Luper\u00f3n, Madre Ascensi\u00f3n Nicol y Rosario Rojas de Contreras en Monte Plata, as\u00ed como F\u00e9lix Rafael Nova de Bayaguana. \u201cEste encuentro reafirma que el arte es un puente para la identidad y la transformaci\u00f3n social\u201d, expres\u00f3.<\/p>\n<p><strong><em>Te puede interesar: <a href=\"https:\/\/deultimominuto.net\/nacionales\/distrito-educativo-14-04-3\/\">Distrito Educativo 14-04 celebra y felicita a t\u00e9cnico destacada a nivel nacional<\/a><\/em><\/strong><\/p>\n<p>La actividad cont\u00f3 con la presencia de destacadas personalidades, entre ellas el director general de la Modalidad en Artes, Gerson Navarro; la reconocida artista Cecilia Garc\u00eda; el asesor del Ministerio de Educaci\u00f3n, Carlos Espinal; y la gobernadora provincial, Rafaela Javier, quienes valoraron el esfuerzo y la dedicaci\u00f3n de los participantes.<\/p>\n<figure class=\"wp-block-gallery has-nested-images columns-default is-cropped wp-block-gallery-1 is-layout-flex wp-block-gallery-is-layout-flex\">\n<figure class=\"wp-block-image size-large\"><img loading=\"lazy\" decoding=\"async\" width=\"1024\" height=\"682\" data-id=\"647769\" src=\"https:\/\/cdn.deultimominuto.net\/wp-content\/uploads\/2026\/04\/WhatsApp-Image-2026-04-29-at-9.33.34-AM-1024x682.jpeg\" alt=\"Monte Plata celebra Primera Gala Regional de Artes con masiva participaci\u00f3n estudiantil - Noticias de hoy en Rep\u00fablica Dominicana | De \u00daltimo Minuto\" class=\"wp-image-647769\" title=\"Monte Plata celebra Primera Gala Regional de Artes con masiva participaci\u00f3n estudiantil | 2 |\"><\/figure>\n<figure class=\"wp-block-image size-large\"><img loading=\"lazy\" decoding=\"async\" width=\"1024\" height=\"682\" data-id=\"647771\" src=\"https:\/\/cdn.deultimominuto.net\/wp-content\/uploads\/2026\/04\/WhatsApp-Image-2026-04-29-at-9.33.33-AM-1-1024x682.jpeg\" alt=\"Monte Plata celebra Primera Gala Regional de Artes con masiva participaci\u00f3n estudiantil - Noticias de hoy en Rep\u00fablica Dominicana | De \u00daltimo Minuto\" class=\"wp-image-647771\" title=\"Monte Plata celebra Primera Gala Regional de Artes con masiva participaci\u00f3n estudiantil | 3 |\"><\/figure>\n<figure class=\"wp-block-image size-large\"><img decoding=\"async\" loading=\"lazy\" width=\"1024\" height=\"494\" data-id=\"647770\" src=\"https:\/\/cdn.deultimominuto.net\/wp-content\/uploads\/2026\/04\/WhatsApp-Image-2026-04-29-at-9.33.33-AM-1024x494.jpeg\" alt=\"Monte Plata celebra Primera Gala Regional de Artes con masiva participaci\u00f3n estudiantil - Noticias de hoy en Rep\u00fablica Dominicana | De \u00daltimo Minuto\" class=\"wp-image-647770\" title=\"Monte Plata celebra Primera Gala Regional de Artes con masiva participaci\u00f3n estudiantil | 4 |\"><\/figure>\n<\/figure>\n<p>Durante la jornada, se entregaron reconocimientos a figuras que han aportado al arte y la cultura, entre ellos los maestros Alexander V\u00e1zquez y Agust\u00edn de Jes\u00fas, el m\u00fasico y compositor Marcos Carrera, y el merenguero Amarfis. Asimismo, se rindi\u00f3 homenaje p\u00f3stumo al escritor monteplatense Edgar Reyes Tejeda.<\/p>\n<p>Los estudiantes participantes destacaron por la calidad de sus diversas expresiones art\u00edsticas en m\u00fasica, danza, teatro, pintura, dibujo, artesan\u00eda y multimedia, evidenciando la riqueza cultural y el compromiso de la comunidad educativa con la promoci\u00f3n del arte en la provincia.<\/p>\n<p>\u200bMonte Plata. &#8211; En un ambiente cargado de emoci\u00f3n y con una asistencia masiva, fue celebrada la Primera Gala Regional de la Modalidad en Artes, un evento que reuni\u00f3 a m\u00e1s de 600 estudiantes de distintos centros educativos de la provincia, bajo el lema \u201cTraves\u00eda del Arte, Origen de Nuestra Identidad\u201d. Las palabras de bienvenida\u00a0\u00a0Estilo, Deultimominuto, ElPeri\u00f3dicodelaVerdad, Rep\u00fablica Dominicana\u00a0\u00a0<\/p>\n","protected":false},"excerpt":{"rendered":"<p>Monte Plata. &#8211; En un ambiente cargado de emoci\u00f3n y con una asistencia masiva, fue celebrada la Primera Gala Regional de la Modalidad en Artes, un evento que reuni\u00f3 a m\u00e1s de 600 estudiantes de distintos centros educativos de la provincia, bajo el lema \u201cTraves\u00eda del Arte, Origen de Nuestra Identidad\u201d. Las palabras de bienvenida [&hellip;]<\/p>\n","protected":false},"author":1,"featured_media":25961,"comment_status":"open","ping_status":"open","sticky":false,"template":"","format":"standard","meta":{"amp_status":"","footnotes":""},"categories":[3],"tags":[],"class_list":["post-25960","post","type-post","status-publish","format-standard","has-post-thumbnail","hentry","category-de-ultimo-minuto"],"_links":{"self":[{"href":"https:\/\/ermdigital.com\/index.php?rest_route=\/wp\/v2\/posts\/25960","targetHints":{"allow":["GET"]}}],"collection":[{"href":"https:\/\/ermdigital.com\/index.php?rest_route=\/wp\/v2\/posts"}],"about":[{"href":"https:\/\/ermdigital.com\/index.php?rest_route=\/wp\/v2\/types\/post"}],"author":[{"embeddable":true,"href":"https:\/\/ermdigital.com\/index.php?rest_route=\/wp\/v2\/users\/1"}],"replies":[{"embeddable":true,"href":"https:\/\/ermdigital.com\/index.php?rest_route=%2Fwp%2Fv2%2Fcomments&post=25960"}],"version-history":[{"count":0,"href":"https:\/\/ermdigital.com\/index.php?rest_route=\/wp\/v2\/posts\/25960\/revisions"}],"wp:featuredmedia":[{"embeddable":true,"href":"https:\/\/ermdigital.com\/index.php?rest_route=\/wp\/v2\/media\/25961"}],"wp:attachment":[{"href":"https:\/\/ermdigital.com\/index.php?rest_route=%2Fwp%2Fv2%2Fmedia&parent=25960"}],"wp:term":[{"taxonomy":"category","embeddable":true,"href":"https:\/\/ermdigital.com\/index.php?rest_route=%2Fwp%2Fv2%2Fcategories&post=25960"},{"taxonomy":"post_tag","embeddable":true,"href":"https:\/\/ermdigital.com\/index.php?rest_route=%2Fwp%2Fv2%2Ftags&post=25960"}],"curies":[{"name":"wp","href":"https:\/\/api.w.org\/{rel}","templated":true}]}}