{"id":25946,"date":"2026-04-29T10:22:05","date_gmt":"2026-04-29T14:22:05","guid":{"rendered":"https:\/\/ermdigital.com\/index.php\/2026\/04\/29\/santo-domingo-2026-robert-florentino-va-con-hambre-por-el-oro\/"},"modified":"2026-04-29T10:22:05","modified_gmt":"2026-04-29T14:22:05","slug":"santo-domingo-2026-robert-florentino-va-con-hambre-por-el-oro","status":"publish","type":"post","link":"https:\/\/ermdigital.com\/?p=25946","title":{"rendered":"Santo Domingo 2026: Robert Florentino va con hambre por el oro"},"content":{"rendered":"<p>\u00a0\u00a0<\/p>\n<p><strong>Robert Florentino<\/strong> es uno de los judocas de mayor recorrido de la Rep\u00fablica Dominicana, en la actualidad, si no es el que m\u00e1s. Ese peso sobre sus hombros lo mantiene con la vista puesta en los <strong>Juegos Centroamericanos y del Caribe Santo Domingo 2026<\/strong>, una responsabilidad que asume, consciente de lo que le espera.<\/p>\n<p>\"M\u00e1s que un reto es algo personal, algo que nosotros lo llevamos como un <strong>orgullo<\/strong> ya que podemos <strong>representar a nuestro pueblo<\/strong>, a nuestro barrio, a nuestra gente. Creo que estamos contentos de poder tener esa responsabilidad\", dijo el atleta de los 90 kilogramos.<\/p>\n<p>El conteo de medallas de Florentino, de <strong>28 a\u00f1os<\/strong>, registra metales en <strong>Juegos Panamericanos<\/strong> (dos bronces); <strong>Campeonatos Continentales<\/strong> (nueve, tres de <strong>oro<\/strong>); un Grand Slam y un Grand Prix, bronce en ambos casos, una plata en un Campeonato Mundial junior y dos de <strong>oro<\/strong> en campeonatos juveniles de Am\u00e9rica.\u00a0<\/p>\n<p>Este gladiador suma <strong>dos medallas de plata<\/strong> en <strong>Centroamericanos y del Caribe<\/strong>, un color que <strong>aspira a mejorar<\/strong> para la cita regional que se celebrar\u00e1 en el pa\u00eds del 24 de julio al 8 de agosto.<\/p>\n<div class=\"w-full pt-2 float-left inside-related\"><strong>RELACIONADAS<\/strong><\/p>\n<article class=\"flex flex-wrap border-b pb-4 mb-3 inline-block\">\n<div class=\"xl:w-2\/12 w-4\/12\">\n<figure class=\"mb-0\"><img loading=\"lazy\" decoding=\"async\" src=\"https:\/\/resources.diariolibre.com\/images\/2026\/04\/16\/santo-domingo-2026--en-sus-ultimos-100-dias-2-955ef08d-focus-0-0-149-99.jpg\" width=\"149\" height=\"99\" title=\"Los Juegos Centroamericanos y del Caribe Santo Domingo 2026 entraron a sus \u00faltimos 100 d\u00edas\" alt=\"Los Juegos Centroamericanos y del Caribe Santo Domingo 2026 entraron a sus \u00faltimos 100 d\u00edas\" class=\"object-cover\" \/><\/figure>\n<\/div>\n<\/article>\n<article class=\"flex flex-wrap border-b pb-4 mb-3 inline-block\">\n<div class=\"xl:w-2\/12 w-4\/12\">\n<figure class=\"mb-0\"><img loading=\"lazy\" decoding=\"async\" src=\"https:\/\/resources.diariolibre.com\/images\/binrepository\/image_content_9704846_20180318220426-focus-0-0-149-99.jpg\" width=\"149\" height=\"99\" title=\"El dominicano Robert Florentino gan\u00f3 oro en el abierto panamericano de Judo\" alt=\"El dominicano Robert Florentino gan\u00f3 oro en el abierto panamericano de Judo\" class=\"object-cover\" \/><\/figure>\n<\/div>\n<\/article>\n<article class=\"flex flex-wrap border-b pb-4 mb-3 inline-block\">\n<div class=\"xl:w-2\/12 w-4\/12\">\n<figure class=\"mb-0\"><img loading=\"lazy\" decoding=\"async\" src=\"https:\/\/resources.diariolibre.com\/images\/binrepository\/image_content_8990506_20171020131152-focus-0-0-149-99.jpg\" width=\"149\" height=\"99\" title=\"Robert Florentino logra plata en mundial Junior de Judo\" alt=\"Robert Florentino logra plata en mundial Junior de Judo\" class=\"object-cover\" \/><\/figure>\n<\/div>\n<\/article>\n<article class=\"flex flex-wrap border-b pb-4 mb-3 inline-block\">\n<div class=\"xl:w-2\/12 w-4\/12\">\n<figure class=\"mb-0\"><img loading=\"lazy\" decoding=\"async\" src=\"https:\/\/resources.diariolibre.com\/images\/binrepository\/image_content_9008892_20171024200233-focus-0-0-149-99.jpg\" width=\"149\" height=\"99\" title=\"Robert Florentino le dio a Rep\u00fablica Dominicana su segunda medalla mundialista en juvenil\" alt=\"Robert Florentino le dio a Rep\u00fablica Dominicana su segunda medalla mundialista en juvenil\" class=\"object-cover\" \/><\/figure>\n<\/div>\n<\/article>\n<\/div>\n<p>\"Creo que nosotros estamos para recibir a los que vengan, nosotros no tenemos un problema con otro equipo\", se\u00f1ala este gladiador, con visitas a <strong>dos Juegos Ol\u00edmpicos<\/strong> (<strong>Tokio y Par\u00eds<\/strong>).<\/p>\n<p>Deja claro que todos los equipos est\u00e1n al nivel y \"van a a tener lo mejor de ellos\", pero \"nosotros vamos a estar <strong>preparados<\/strong> como siempre, esperando que ese <strong>d\u00eda sea bonito<\/strong>\".<\/p>\n<p>Nada m\u00e1s bonito que el <strong>oro<\/strong> para este judoca que tiene una <strong>condecorada hoja de servicio<\/strong> para el <strong>judo dominicano<\/strong>, con triunfos desde la categor\u00eda juvenil, como pocos pueden ofrecer.<\/p>\n<p>Por su <strong>trayectoria<\/strong>, explica, es que menos se puede confiar y as\u00ed ve en el tatami de los entrenamientos, la <strong>f\u00f3rmula ganadora<\/strong> cuando se entra a la competencia.<\/p>\n<p>\"Conf\u00edo mucho en los entrenamientos que es donde est\u00e1n las <strong>medallas en el d\u00eda a d\u00eda<\/strong>\", dice. \"Doy lo mejor de m\u00ed en los entrenamientos para que el d\u00eda de la competencia lo que salga sea lo mejor porque estoy <strong>preparado<\/strong>\".<\/p>\n<p>Para ese mismo atleta, el propio <strong>Robert<\/strong> tiene algunas palabras: \"Que siga entrenando como lo ha hecho hasta el momento y que siga <strong>disfrutando del proceso<\/strong>\".\u00a0<\/p>\n<div class=\"border-t border-b py-2 my-5 tags-container\"><strong>TEMAS &#8211; <\/strong><\/p>\n<ul>\n<li>\n<div class=\"inline-block border p-2 rounded-full align-middle\">\n<p><a href=\"https:\/\/www.diariolibre.com\/tags\/santo-domingo-2026\/90698\" title=\"Santo Domingo 2026\">Santo Domingo 2026<\/a><\/p>\n<\/div>\n<\/li>\n<li>\n<div class=\"inline-block border p-2 rounded-full align-middle\">\n<p><a href=\"https:\/\/www.diariolibre.com\/tags\/robert-florentino\/199619\" title=\"Robert Florentino\">Robert Florentino<\/a><\/p>\n<\/div>\n<\/li>\n<\/ul>\n<\/div>\n<p>\u00a0<\/p>\n","protected":false},"excerpt":{"rendered":"<p>\u00a0\u00a0 Robert Florentino es uno de los judocas de mayor recorrido de la Rep\u00fablica Dominicana, en la actualidad, si no es el que m\u00e1s. Ese peso sobre sus hombros lo mantiene con la vista puesta en los Juegos Centroamericanos y del Caribe Santo Domingo 2026, una responsabilidad que asume, consciente de lo que le espera. [&hellip;]<\/p>\n","protected":false},"author":1,"featured_media":25947,"comment_status":"open","ping_status":"open","sticky":false,"template":"","format":"standard","meta":{"amp_status":"","footnotes":""},"categories":[4],"tags":[],"class_list":["post-25946","post","type-post","status-publish","format-standard","has-post-thumbnail","hentry","category-deportes"],"_links":{"self":[{"href":"https:\/\/ermdigital.com\/index.php?rest_route=\/wp\/v2\/posts\/25946","targetHints":{"allow":["GET"]}}],"collection":[{"href":"https:\/\/ermdigital.com\/index.php?rest_route=\/wp\/v2\/posts"}],"about":[{"href":"https:\/\/ermdigital.com\/index.php?rest_route=\/wp\/v2\/types\/post"}],"author":[{"embeddable":true,"href":"https:\/\/ermdigital.com\/index.php?rest_route=\/wp\/v2\/users\/1"}],"replies":[{"embeddable":true,"href":"https:\/\/ermdigital.com\/index.php?rest_route=%2Fwp%2Fv2%2Fcomments&post=25946"}],"version-history":[{"count":0,"href":"https:\/\/ermdigital.com\/index.php?rest_route=\/wp\/v2\/posts\/25946\/revisions"}],"wp:featuredmedia":[{"embeddable":true,"href":"https:\/\/ermdigital.com\/index.php?rest_route=\/wp\/v2\/media\/25947"}],"wp:attachment":[{"href":"https:\/\/ermdigital.com\/index.php?rest_route=%2Fwp%2Fv2%2Fmedia&parent=25946"}],"wp:term":[{"taxonomy":"category","embeddable":true,"href":"https:\/\/ermdigital.com\/index.php?rest_route=%2Fwp%2Fv2%2Fcategories&post=25946"},{"taxonomy":"post_tag","embeddable":true,"href":"https:\/\/ermdigital.com\/index.php?rest_route=%2Fwp%2Fv2%2Ftags&post=25946"}],"curies":[{"name":"wp","href":"https:\/\/api.w.org\/{rel}","templated":true}]}}