{"id":25937,"date":"2026-04-29T09:27:37","date_gmt":"2026-04-29T13:27:37","guid":{"rendered":"https:\/\/ermdigital.com\/index.php\/2026\/04\/29\/wellington-arnaud-afirma-que-el-saneamiento-de-la-canada-la-pava-en-nizao-garantiza-calidad-de-vida-para-moradores\/"},"modified":"2026-04-29T09:27:37","modified_gmt":"2026-04-29T13:27:37","slug":"wellington-arnaud-afirma-que-el-saneamiento-de-la-canada-la-pava-en-nizao-garantiza-calidad-de-vida-para-moradores","status":"publish","type":"post","link":"https:\/\/ermdigital.com\/?p=25937","title":{"rendered":"Wellington Arnaud afirma que el saneamiento de la ca\u00f1ada La Pava en Nizao garantiza calidad de vida para moradores\u00a0"},"content":{"rendered":"<p><span class=\"field field--name-title field--type-string field--label-hidden\">Wellington Arnaud afirma que el saneamiento de la ca\u00f1ada La Pava en Nizao garantiza calidad de vida para moradores\u00a0 <\/span><br \/>\n<span class=\"field field--name-uid field--type-entity-reference field--label-hidden\"><span>rosahenriquez<\/span><\/span><br \/>\n<span class=\"field field--name-created field--type-created field--label-hidden\"><time datetime=\"2026-04-29T09:27:37-04:00\" title=\"Mi\u00e9rcoles, Abril 29, 2026 - 09:27\" class=\"datetime\">29 de  Abril 2026 | 09:27<\/time><br \/>\n<\/span><\/p>\n<div class=\"clearfix text-formatted field field--name-body field--type-text-with-summary field--label-hidden field__item\">\n<div class=\"OutlineElement Ltr SCXW3794294 BCX0\">\n<p><span class=\"TextRun SCXW3794294 BCX0 NormalTextRun ContextualSpellingAndGrammarErrorV2Themed\" lang=\"ES-DO\">Peravia.-<\/span><span class=\"TextRun SCXW3794294 BCX0 NormalTextRun\" lang=\"ES-DO\"> El director ejecutivo del <strong>Instituto Nacional de Aguas Potables y Alcantarillados<\/strong> (<\/span><span class=\"TextRun SCXW3794294 BCX0 NormalTextRun SpellingErrorV2Themed\" lang=\"ES-DO\">Inapa<\/span><span class=\"TextRun SCXW3794294 BCX0 NormalTextRun\" lang=\"ES-DO\">), <strong>Wellington Arnaud<\/strong>, present\u00f3 el proyecto de<strong> saneamiento de la ca\u00f1ada La Pava <\/strong>a los mun\u00edcipes, empresarios y autoridades del <strong>municipio <\/strong><\/span><span class=\"TextRun SCXW3794294 BCX0 NormalTextRun SpellingErrorV2Themed\" lang=\"ES-DO\"><strong>Nizao<\/strong><\/span><span class=\"TextRun SCXW3794294 BCX0 NormalTextRun\" lang=\"ES-DO\">, provincia Peravia,\u00a0la\u00a0cual abarca una extensi\u00f3n de <strong>5.5 kil\u00f3metros <\/strong>y garantiza la <strong>calidad de vida<\/strong> de los moradores de la zona.\u00a0<\/span><span class=\"EOP SCXW3794294 BCX0\">\u00a0<\/span><\/p>\n<\/div>\n<div class=\"OutlineElement Ltr SCXW3794294 BCX0\">\n<p><span class=\"TextRun SCXW3794294 BCX0 NormalTextRun\" lang=\"ES-DO\">La inversi\u00f3n aproximada es de <strong>RD 489,078,818.64.<\/strong>\u00a0<\/span><span class=\"EOP SCXW3794294 BCX0\">\u00a0<\/span><\/p>\n<\/div>\n<div class=\"OutlineElement Ltr SCXW3794294 BCX0\">\n<p><span class=\"TextRun SCXW3794294 BCX0 NormalTextRun\" lang=\"ES-DO\">El funcionario afirm\u00f3 que la obra es un <strong>compromiso del presidente Luis <\/strong><\/span><span class=\"TextRun SCXW3794294 BCX0 NormalTextRun SpellingErrorV2Themed\" lang=\"ES-DO\"><strong>Abinader<\/strong><\/span><span class=\"TextRun SCXW3794294 BCX0 NormalTextRun\" lang=\"ES-DO\">, quien, durante una reuni\u00f3n del <strong>Gabinete de Agua Potable y Construcci\u00f3n<\/strong>, dispuso su ejecuci\u00f3n, beneficiando a <strong>m\u00e1s de 9,000 habitantes<\/strong> en los pr\u00f3ximos 25 a\u00f1os, protegiendo as\u00ed el crecimiento poblacional de esa pujante y pr\u00f3spera demarcaci\u00f3n.\u00a0<\/span><span class=\"EOP SCXW3794294 BCX0\">\u00a0<\/span><\/p>\n<\/div>\n<div class=\"OutlineElement Ltr SCXW3794294 BCX0\">\n<p><span class=\"TextRun SCXW3794294 BCX0 NormalTextRun\" lang=\"ES-DO\">Durante la presentaci\u00f3n, Arnaud detall\u00f3 que las inundaciones que provoca la ca\u00f1ada La Pava <strong>ser\u00e1n cosa del pasado<\/strong>, debido al sistema de conexiones de imbornales, red pluvial colectora, registros prefabricados y canalizaci\u00f3n con construcci\u00f3n de canal.<\/span><span class=\"EOP SCXW3794294 BCX0\">\u00a0<\/span><\/p>\n<\/div>\n<div class=\"OutlineElement Ltr SCXW3794294 BCX0\">\n<p><span class=\"TextRun SCXW3794294 BCX0 NormalTextRun\" lang=\"ES-DO\">Adem\u00e1s, el director ejecutivo del <\/span><span class=\"TextRun SCXW3794294 BCX0 NormalTextRun SpellingErrorV2Themed\" lang=\"ES-DO\">Inapa<\/span><span class=\"TextRun SCXW3794294 BCX0 NormalTextRun\" lang=\"ES-DO\"> destac\u00f3 que la obra contar\u00e1 con un paisajismo en torno a la ca\u00f1ada, construcci\u00f3n de parque con \u00e1rea de juego, gazebo, gimnasio, entre otras amenidades recreativas y culturales.\u00a0<\/span><span class=\"EOP SCXW3794294 BCX0\">\u00a0<\/span><\/p>\n<\/div>\n<div class=\"OutlineElement Ltr SCXW3794294 BCX0\">\n<p><em><span class=\"TextRun SCXW3794294 BCX0 NormalTextRun\" lang=\"ES-DO\">\u201cCon este proyecto vamos a llevar tranquilidad a las familias que muchas veces fueron sorprendidas por las inundaciones que provocaba la falta de canalizaci\u00f3n y saneamiento\u201d,<\/span><\/em><span class=\"TextRun SCXW3794294 BCX0 NormalTextRun\" lang=\"ES-DO\"> asever\u00f3 Arnaud.<\/span><span class=\"EOP SCXW3794294 BCX0\">\u00a0<\/span><\/p>\n<\/div>\n<div class=\"OutlineElement Ltr SCXW3794294 BCX0\">\n<p><span class=\"TextRun SCXW3794294 BCX0 NormalTextRun\" lang=\"ES-DO\">La obra contempla un alcantarillado de sistema de gravedad con <strong>l\u00edneas colectoras y m\u00e1s de 800 registros de inspecci\u00f3n<\/strong>, en hormig\u00f3n armado, de un metro de profundidad, entre otros componentes.\u00a0<\/span><span class=\"EOP SCXW3794294 BCX0\">\u00a0<\/span><\/p>\n<\/div>\n<div class=\"OutlineElement Ltr SCXW3794294 BCX0\">\n<p><span class=\"TextRun SCXW3794294 BCX0 NormalTextRun\" lang=\"ES-DO\">El director de la instituci\u00f3n manifest\u00f3 que la actual gesti\u00f3n de gobierno, que encabeza el <strong>presidente <\/strong><\/span><span class=\"TextRun SCXW3794294 BCX0 NormalTextRun SpellingErrorV2Themed\" lang=\"ES-DO\"><strong>Abinader<\/strong><\/span><span class=\"TextRun SCXW3794294 BCX0 NormalTextRun\" lang=\"ES-DO\"> ha tenido en su agenda, como prioridad, llevar <strong>soluciones a cada hogar dominicano<\/strong>, no solo del servicio de agua potable, sino tambi\u00e9n brindar salud mediante el saneamiento de las aguas residuales.\u00a0<\/span><span class=\"EOP SCXW3794294 BCX0\">\u00a0<\/span><\/p>\n<\/div>\n<div class=\"OutlineElement Ltr SCXW3794294 BCX0\">\n<p><span class=\"TextRun SCXW3794294 BCX0 NormalTextRun\" lang=\"ES-DO\">En la actividad estuvo presente el diputado <strong>Luis B\u00e1ez<\/strong>; el alcalde de <\/span><span class=\"TextRun SCXW3794294 BCX0 NormalTextRun SpellingErrorV2Themed\" lang=\"ES-DO\">Nizao<\/span><span class=\"TextRun SCXW3794294 BCX0 NormalTextRun\" lang=\"ES-DO\">, <strong>Iv\u00e1n Reyes<\/strong>; la periodista <strong>Altagracia Salazar<\/strong>; el alcalde del municipio de Ban\u00ed, <strong>Santo Ram\u00edrez<\/strong>, as\u00ed como el presidente de la Sala Capitular de <\/span><span class=\"TextRun SCXW3794294 BCX0 NormalTextRun SpellingErrorV2Themed\" lang=\"ES-DO\">Nizao<\/span><span class=\"TextRun SCXW3794294 BCX0 NormalTextRun\" lang=\"ES-DO\">, <strong>Demetrio Paulino<\/strong>, entre otras figuras de la provincia Peravia.\u00a0<\/span><span class=\"EOP SCXW3794294 BCX0\">\u00a0<\/span><\/p>\n<\/div>\n<div class=\"OutlineElement Ltr SCXW3794294 BCX0\">\n<p><span class=\"TextRun SCXW3794294 BCX0 NormalTextRun\" lang=\"ES-DO\">Los sectores que se van a intervenir con el saneamiento son <strong>Mono Mojado<\/strong>, el centro del pueblo, <strong>Ciudad Nueva, Don Gregorio<\/strong>, as\u00ed como la zona sur de <\/span><span class=\"TextRun SCXW3794294 BCX0 NormalTextRun SpellingErrorV2Themed\" lang=\"ES-DO\">Nizao<\/span><span class=\"TextRun SCXW3794294 BCX0 NormalTextRun\" lang=\"ES-DO\">.<\/span><span class=\"EOP SCXW3794294 BCX0\">\u00a0<\/span><\/p>\n<\/div>\n<\/div>\n<div class=\"field field--name-field-image field--type-image field--label-hidden field__item\">  <img decoding=\"async\" loading=\"lazy\" src=\"https:\/\/www.presidencia.gob.do\/sites\/default\/files\/news\/2026-04\/Dise%C3%B1o%20sin%20t%C3%ADtulo%20%2838%29.png\" width=\"1300\" height=\"730\" alt=\"INAPA\"><\/p>\n<\/div>\n<p>\u00a0Wellington Arnaud afirma que el saneamiento de la ca\u00f1ada La Pava en Nizao garantiza calidad de vida para moradores\u00a0<br \/>\nrosahenriquez<br \/>\n29 de  Abril 2026 | 09:27<\/p>\n<p>Peravia.- El director ejecutivo del Instituto Nacional de Aguas Potables y Alcantarillados (Inapa), Wellington Arnaud, present\u00f3 el proyecto de saneamiento de la ca\u00f1ada La Pava a los mun\u00edcipes, empresarios y autoridades del municipio Nizao, provincia Peravia,\u00a0la\u00a0cual abarca una extensi\u00f3n de 5.5 kil\u00f3metros y garantiza la calidad de vida de los moradores de la zona.\u00a0\u00a0<\/p>\n<p>La inversi\u00f3n aproximada es de RD 489,078,818.64.\u00a0\u00a0<\/p>\n<p>El funcionario afirm\u00f3 que la obra es un compromiso del presidente Luis Abinader, quien, durante una reuni\u00f3n del Gabinete de Agua Potable y Construcci\u00f3n, dispuso su ejecuci\u00f3n, beneficiando a m\u00e1s de 9,000 habitantes en los pr\u00f3ximos 25 a\u00f1os, protegiendo as\u00ed el crecimiento poblacional de esa pujante y pr\u00f3spera demarcaci\u00f3n.\u00a0\u00a0<\/p>\n<p>Durante la presentaci\u00f3n, Arnaud detall\u00f3 que las inundaciones que provoca la ca\u00f1ada La Pava ser\u00e1n cosa del pasado, debido al sistema de conexiones de imbornales, red pluvial colectora, registros prefabricados y canalizaci\u00f3n con construcci\u00f3n de canal.\u00a0<\/p>\n<p>Adem\u00e1s, el director ejecutivo del Inapa destac\u00f3 que la obra contar\u00e1 con un paisajismo en torno a la ca\u00f1ada, construcci\u00f3n de parque con \u00e1rea de juego, gazebo, gimnasio, entre otras amenidades recreativas y culturales.\u00a0\u00a0<\/p>\n<p>\u201cCon este proyecto vamos a llevar tranquilidad a las familias que muchas veces fueron sorprendidas por las inundaciones que provocaba la falta de canalizaci\u00f3n y saneamiento\u201d, asever\u00f3 Arnaud.\u00a0<\/p>\n<p>La obra contempla un alcantarillado de sistema de gravedad con l\u00edneas colectoras y m\u00e1s de 800 registros de inspecci\u00f3n, en hormig\u00f3n armado, de un metro de profundidad, entre otros componentes.\u00a0\u00a0<\/p>\n<p>El director de la instituci\u00f3n manifest\u00f3 que la actual gesti\u00f3n de gobierno, que encabeza el presidente Abinader ha tenido en su agenda, como prioridad, llevar soluciones a cada hogar dominicano, no solo del servicio de agua potable, sino tambi\u00e9n brindar salud mediante el saneamiento de las aguas residuales.\u00a0\u00a0<\/p>\n<p>En la actividad estuvo presente el diputado Luis B\u00e1ez; el alcalde de Nizao, Iv\u00e1n Reyes; la periodista Altagracia Salazar; el alcalde del municipio de Ban\u00ed, Santo Ram\u00edrez, as\u00ed como el presidente de la Sala Capitular de Nizao, Demetrio Paulino, entre otras figuras de la provincia Peravia.\u00a0\u00a0<\/p>\n<p>Los sectores que se van a intervenir con el saneamiento son Mono Mojado, el centro del pueblo, Ciudad Nueva, Don Gregorio, as\u00ed como la zona sur de Nizao.\u00a0\u00a0\u00a0\u00a0<\/p>\n","protected":false},"excerpt":{"rendered":"<p>Wellington Arnaud afirma que el saneamiento de la ca\u00f1ada La Pava en Nizao garantiza calidad de vida para moradores\u00a0 rosahenriquez 29 de Abril 2026 | 09:27 Peravia.- El director ejecutivo del Instituto Nacional de Aguas Potables y Alcantarillados (Inapa), Wellington Arnaud, present\u00f3 el proyecto de saneamiento de la ca\u00f1ada La Pava a los mun\u00edcipes, empresarios [&hellip;]<\/p>\n","protected":false},"author":1,"featured_media":25938,"comment_status":"open","ping_status":"open","sticky":false,"template":"","format":"standard","meta":{"amp_status":"","footnotes":""},"categories":[8],"tags":[],"class_list":["post-25937","post","type-post","status-publish","format-standard","has-post-thumbnail","hentry","category-republica"],"_links":{"self":[{"href":"https:\/\/ermdigital.com\/index.php?rest_route=\/wp\/v2\/posts\/25937","targetHints":{"allow":["GET"]}}],"collection":[{"href":"https:\/\/ermdigital.com\/index.php?rest_route=\/wp\/v2\/posts"}],"about":[{"href":"https:\/\/ermdigital.com\/index.php?rest_route=\/wp\/v2\/types\/post"}],"author":[{"embeddable":true,"href":"https:\/\/ermdigital.com\/index.php?rest_route=\/wp\/v2\/users\/1"}],"replies":[{"embeddable":true,"href":"https:\/\/ermdigital.com\/index.php?rest_route=%2Fwp%2Fv2%2Fcomments&post=25937"}],"version-history":[{"count":0,"href":"https:\/\/ermdigital.com\/index.php?rest_route=\/wp\/v2\/posts\/25937\/revisions"}],"wp:featuredmedia":[{"embeddable":true,"href":"https:\/\/ermdigital.com\/index.php?rest_route=\/wp\/v2\/media\/25938"}],"wp:attachment":[{"href":"https:\/\/ermdigital.com\/index.php?rest_route=%2Fwp%2Fv2%2Fmedia&parent=25937"}],"wp:term":[{"taxonomy":"category","embeddable":true,"href":"https:\/\/ermdigital.com\/index.php?rest_route=%2Fwp%2Fv2%2Fcategories&post=25937"},{"taxonomy":"post_tag","embeddable":true,"href":"https:\/\/ermdigital.com\/index.php?rest_route=%2Fwp%2Fv2%2Ftags&post=25937"}],"curies":[{"name":"wp","href":"https:\/\/api.w.org\/{rel}","templated":true}]}}