{"id":25935,"date":"2026-04-29T09:35:02","date_gmt":"2026-04-29T13:35:02","guid":{"rendered":"https:\/\/ermdigital.com\/index.php\/2026\/04\/29\/republica-dominicana-y-espana-reafirman-compromiso-bilateral-con-la-cooperacion-y-el-comercio\/"},"modified":"2026-04-29T09:35:02","modified_gmt":"2026-04-29T13:35:02","slug":"republica-dominicana-y-espana-reafirman-compromiso-bilateral-con-la-cooperacion-y-el-comercio","status":"publish","type":"post","link":"https:\/\/ermdigital.com\/?p=25935","title":{"rendered":"Rep\u00fablica Dominicana y Espa\u00f1a reafirman compromiso bilateral con la cooperaci\u00f3n y el comercio"},"content":{"rendered":"<p><span class=\"field field--name-title field--type-string field--label-hidden\">Rep\u00fablica Dominicana y Espa\u00f1a reafirman compromiso bilateral con la cooperaci\u00f3n y el comercio <\/span><br \/>\n<span class=\"field field--name-uid field--type-entity-reference field--label-hidden\"><span>rosahenriquez<\/span><\/span><br \/>\n<span class=\"field field--name-created field--type-created field--label-hidden\"><time datetime=\"2026-04-29T09:35:02-04:00\" title=\"Mi\u00e9rcoles, Abril 29, 2026 - 09:35\" class=\"datetime\">29 de  Abril 2026 | 09:35<\/time><br \/>\n<\/span><\/p>\n<div class=\"clearfix text-formatted field field--name-body field--type-text-with-summary field--label-hidden field__item\">\n<div class=\"OutlineElement Ltr SCXW264849581 BCX0\">\n<p class=\"text-align-justify\"><span class=\"TextRun SCXW264849581 BCX0 NormalTextRun\" lang=\"ES-DO\">Santo <\/span><span class=\"TextRun SCXW264849581 BCX0 NormalTextRun ContextualSpellingAndGrammarErrorV2Themed\" lang=\"ES-DO\">Domingo.\u2013<\/span><span class=\"TextRun SCXW264849581 BCX0 NormalTextRun\" lang=\"ES-DO\"> El canciller <strong>Roberto \u00c1lvarez<\/strong> y su hom\u00f3logo del Reino de Espa\u00f1a<strong>, Jos\u00e9 Manuel Albares,<\/strong> reafirmaron el compromiso de sus respectivos Estados con el fortalecimiento de la <strong>cooperaci\u00f3n bilateral, el comercio y la inversi\u00f3n<\/strong>, as\u00ed como con la <strong>acogida rec\u00edproca<\/strong> de sus comunidades en ambos territorios.<\/span><span class=\"EOP SCXW264849581 BCX0\">\u00a0<\/span><\/p>\n<\/div>\n<div class=\"OutlineElement Ltr SCXW264849581 BCX0\">\n<p class=\"text-align-justify\"><span class=\"TextRun SCXW264849581 BCX0 NormalTextRun\" lang=\"ES-DO\">Estas valoraciones fueron expresadas durante una conferencia de prensa, en la que ambos diplom\u00e1ticos destacaron los <strong>s\u00f3lidos lazos<\/strong> que unen a sus pueblos, as\u00ed como la <strong>significativa presencia <\/strong>de dominicanos en Espa\u00f1a y de espa\u00f1oles en la Rep\u00fablica Dominicana.<\/span><span class=\"EOP SCXW264849581 BCX0\">\u00a0<\/span><\/p>\n<p class=\"text-align-justify\"><em><span class=\"TextRun SCXW264849581 BCX0 NormalTextRun\" lang=\"ES-DO\">\u201cEn Espa\u00f1a reside la segunda comunidad m\u00e1s numerosa de dominicanos en el exterior, con m\u00e1s de 200,000 compatriotas. Agradecemos sinceramente la acogida brindada a nuestra gente, que hoy contribuye activamente a la vida econ\u00f3mica, social y cultural de ese pa\u00eds\u201d,<\/span><\/em><span class=\"TextRun SCXW264849581 BCX0 NormalTextRun\" lang=\"ES-DO\"> expres\u00f3 el ministro de Relaciones Exteriores dominicano.<\/span><span class=\"EOP SCXW264849581 BCX0\">\u00a0<\/span><\/p>\n<\/div>\n<div class=\"OutlineElement Ltr SCXW264849581 BCX0\">\n<p class=\"text-align-justify\"><span class=\"TextRun SCXW264849581 BCX0 NormalTextRun\" lang=\"ES-DO\">Por su parte, el ministro de Asuntos Exteriores, Uni\u00f3n Europea y Cooperaci\u00f3n de Espa\u00f1a se\u00f1al\u00f3 que <\/span><em><span class=\"TextRun SCXW264849581 BCX0 NormalTextRun\" lang=\"ES-DO\">\u201cesa cercan\u00eda con Rep\u00fablica Dominicana y con los dominicanos y dominicanas se percibe a diario en Espa\u00f1a, donde miles de ellos se encuentran plenamente integrados y contribuyen a nuestro desarrollo econ\u00f3mico y social. A ellos se sumar\u00e1n, en las pr\u00f3ximas fechas, muchos m\u00e1s, como parte del proceso de regularizaci\u00f3n que el Gobierno de Espa\u00f1a ha puesto en marcha para quienes ya viven entre nosotros y les vamos a reconocer los derechos que les corresponden\u201d.<\/span><\/em><span class=\"EOP SCXW264849581 BCX0\">\u00a0<\/span><\/p>\n<\/div>\n<div class=\"OutlineElement Ltr SCXW264849581 BCX0\">\n<p class=\"text-align-justify\"><span class=\"TextRun SCXW264849581 BCX0 NormalTextRun\" lang=\"ES-DO\">Estos temas fueron abordados durante la <strong>reuni\u00f3n bilateral<\/strong> sostenida en el marco de la <strong>visita oficial<\/strong> del diplom\u00e1tico espa\u00f1ol al pa\u00eds. En ese contexto, el canciller Albares entreg\u00f3 al ministro de Relaciones Exteriores dominicano la invitaci\u00f3n formal al presidente Luis <\/span><span class=\"TextRun SCXW264849581 BCX0 NormalTextRun SpellingErrorV2Themed\" lang=\"ES-DO\">Abinader<\/span><span class=\"TextRun SCXW264849581 BCX0 NormalTextRun\" lang=\"ES-DO\"> para participar en la <strong>XXX Cumbre Iberoamericana<\/strong>, que se celebrar\u00e1 <strong>en Madrid<\/strong> el pr\u00f3ximo <strong>mes de noviembre.<\/strong><\/span><span class=\"EOP SCXW264849581 BCX0\">\u00a0<\/span><\/p>\n<\/div>\n<div class=\"OutlineElement Ltr SCXW264849581 BCX0\">\n<p class=\"text-align-justify\"><span class=\"TextRun SCXW264849581 BCX0 NormalTextRun\" lang=\"ES-DO\">Asimismo, Albares indic\u00f3 que, durante el encuentro, conversaron sobre la situaci\u00f3n en Hait\u00ed, reiterando Espa\u00f1a su <strong>compromiso de contribuir<\/strong> a los esfuerzos internacionales orientados a la <strong>estabilizaci\u00f3n de ese pa\u00eds.<\/strong><\/span><\/p>\n<\/div>\n<\/div>\n<div class=\"field field--name-field-image field--type-image field--label-hidden field__item\">  <img decoding=\"async\" loading=\"lazy\" src=\"https:\/\/www.presidencia.gob.do\/sites\/default\/files\/news\/2026-04\/Dise%C3%B1o%20sin%20t%C3%ADtulo%20%2839%29.png\" width=\"1300\" height=\"730\" alt=\"MIREX\"><\/p>\n<\/div>\n<p>\u00a0Rep\u00fablica Dominicana y Espa\u00f1a reafirman compromiso bilateral con la cooperaci\u00f3n y el comercio<br \/>\nrosahenriquez<br \/>\n29 de  Abril 2026 | 09:35<\/p>\n<p>Santo Domingo.\u2013 El canciller Roberto \u00c1lvarez y su hom\u00f3logo del Reino de Espa\u00f1a, Jos\u00e9 Manuel Albares, reafirmaron el compromiso de sus respectivos Estados con el fortalecimiento de la cooperaci\u00f3n bilateral, el comercio y la inversi\u00f3n, as\u00ed como con la acogida rec\u00edproca de sus comunidades en ambos territorios.\u00a0<\/p>\n<p>Estas valoraciones fueron expresadas durante una conferencia de prensa, en la que ambos diplom\u00e1ticos destacaron los s\u00f3lidos lazos que unen a sus pueblos, as\u00ed como la significativa presencia de dominicanos en Espa\u00f1a y de espa\u00f1oles en la Rep\u00fablica Dominicana.\u00a0<br \/>\n\u201cEn Espa\u00f1a reside la segunda comunidad m\u00e1s numerosa de dominicanos en el exterior, con m\u00e1s de 200,000 compatriotas. Agradecemos sinceramente la acogida brindada a nuestra gente, que hoy contribuye activamente a la vida econ\u00f3mica, social y cultural de ese pa\u00eds\u201d, expres\u00f3 el ministro de Relaciones Exteriores dominicano.\u00a0<\/p>\n<p>Por su parte, el ministro de Asuntos Exteriores, Uni\u00f3n Europea y Cooperaci\u00f3n de Espa\u00f1a se\u00f1al\u00f3 que \u201cesa cercan\u00eda con Rep\u00fablica Dominicana y con los dominicanos y dominicanas se percibe a diario en Espa\u00f1a, donde miles de ellos se encuentran plenamente integrados y contribuyen a nuestro desarrollo econ\u00f3mico y social. A ellos se sumar\u00e1n, en las pr\u00f3ximas fechas, muchos m\u00e1s, como parte del proceso de regularizaci\u00f3n que el Gobierno de Espa\u00f1a ha puesto en marcha para quienes ya viven entre nosotros y les vamos a reconocer los derechos que les corresponden\u201d.\u00a0<\/p>\n<p>Estos temas fueron abordados durante la reuni\u00f3n bilateral sostenida en el marco de la visita oficial del diplom\u00e1tico espa\u00f1ol al pa\u00eds. En ese contexto, el canciller Albares entreg\u00f3 al ministro de Relaciones Exteriores dominicano la invitaci\u00f3n formal al presidente Luis Abinader para participar en la XXX Cumbre Iberoamericana, que se celebrar\u00e1 en Madrid el pr\u00f3ximo mes de noviembre.\u00a0<\/p>\n<p>Asimismo, Albares indic\u00f3 que, durante el encuentro, conversaron sobre la situaci\u00f3n en Hait\u00ed, reiterando Espa\u00f1a su compromiso de contribuir a los esfuerzos internacionales orientados a la estabilizaci\u00f3n de ese pa\u00eds.\u00a0\u00a0\u00a0<\/p>\n","protected":false},"excerpt":{"rendered":"<p>Rep\u00fablica Dominicana y Espa\u00f1a reafirman compromiso bilateral con la cooperaci\u00f3n y el comercio rosahenriquez 29 de Abril 2026 | 09:35 Santo Domingo.\u2013 El canciller Roberto \u00c1lvarez y su hom\u00f3logo del Reino de Espa\u00f1a, Jos\u00e9 Manuel Albares, reafirmaron el compromiso de sus respectivos Estados con el fortalecimiento de la cooperaci\u00f3n bilateral, el comercio y la inversi\u00f3n, [&hellip;]<\/p>\n","protected":false},"author":1,"featured_media":25936,"comment_status":"open","ping_status":"open","sticky":false,"template":"","format":"standard","meta":{"amp_status":"","footnotes":""},"categories":[8],"tags":[],"class_list":["post-25935","post","type-post","status-publish","format-standard","has-post-thumbnail","hentry","category-republica"],"_links":{"self":[{"href":"https:\/\/ermdigital.com\/index.php?rest_route=\/wp\/v2\/posts\/25935","targetHints":{"allow":["GET"]}}],"collection":[{"href":"https:\/\/ermdigital.com\/index.php?rest_route=\/wp\/v2\/posts"}],"about":[{"href":"https:\/\/ermdigital.com\/index.php?rest_route=\/wp\/v2\/types\/post"}],"author":[{"embeddable":true,"href":"https:\/\/ermdigital.com\/index.php?rest_route=\/wp\/v2\/users\/1"}],"replies":[{"embeddable":true,"href":"https:\/\/ermdigital.com\/index.php?rest_route=%2Fwp%2Fv2%2Fcomments&post=25935"}],"version-history":[{"count":0,"href":"https:\/\/ermdigital.com\/index.php?rest_route=\/wp\/v2\/posts\/25935\/revisions"}],"wp:featuredmedia":[{"embeddable":true,"href":"https:\/\/ermdigital.com\/index.php?rest_route=\/wp\/v2\/media\/25936"}],"wp:attachment":[{"href":"https:\/\/ermdigital.com\/index.php?rest_route=%2Fwp%2Fv2%2Fmedia&parent=25935"}],"wp:term":[{"taxonomy":"category","embeddable":true,"href":"https:\/\/ermdigital.com\/index.php?rest_route=%2Fwp%2Fv2%2Fcategories&post=25935"},{"taxonomy":"post_tag","embeddable":true,"href":"https:\/\/ermdigital.com\/index.php?rest_route=%2Fwp%2Fv2%2Ftags&post=25935"}],"curies":[{"name":"wp","href":"https:\/\/api.w.org\/{rel}","templated":true}]}}