{"id":25926,"date":"2026-04-29T08:48:46","date_gmt":"2026-04-29T12:48:46","guid":{"rendered":"https:\/\/ermdigital.com\/index.php\/2026\/04\/29\/familia-pide-ayuda-para-salvar-la-vida-de-nino-con-cancer-que-requiere-tratamiento-en-estados-unidos\/"},"modified":"2026-04-29T08:48:46","modified_gmt":"2026-04-29T12:48:46","slug":"familia-pide-ayuda-para-salvar-la-vida-de-nino-con-cancer-que-requiere-tratamiento-en-estados-unidos","status":"publish","type":"post","link":"https:\/\/ermdigital.com\/?p=25926","title":{"rendered":"Familia pide ayuda para salvar la vida de ni\u00f1o con c\u00e1ncer que requiere tratamiento en Estados Unidos"},"content":{"rendered":"<p><strong><em>Santo Domingo.\u2013<\/em> <\/strong>En medio de una dura batalla contra el <a href=\"https:\/\/deultimominuto.net\/nacionales\/salud\/ministerio-de-salud-de-costa-rica-advierte-sobre-danos-irreversibles-por-vapeo\/\">c\u00e1ncer infantil<\/a>, familiares del ni\u00f1o Yonuel de Jes\u00fas, de ocho a\u00f1os, han hecho un llamado urgente a la solidaridad para poder costear el tratamiento que podr\u00eda salvarle la vida en el extranjero.<\/p>\n<p>El menor fue diagnosticado con osteosarcoma convencional con met\u00e1stasis en ambos pulmones, una condici\u00f3n altamente agresiva que ha complicado su estado de salud. Desde hace aproximadamente dos a\u00f1os, Yonuel enfrenta esta enfermedad, per\u00edodo en el que incluso perdi\u00f3 una de sus piernas como consecuencia del avance del padecimiento.<\/p>\n<p>Actualmente, el ni\u00f1o recibe atenciones m\u00e9dicas en el Hospital Infantil Dr. Arturo Grull\u00f3n, donde ha sido tratado por especialistas. No obstante, sus familiares aseguran que, pese a los esfuerzos m\u00e9dicos, su condici\u00f3n requiere atenci\u00f3n oncol\u00f3gica m\u00e1s avanzada que solo est\u00e1 disponible fuera del pa\u00eds.<\/p>\n<h4 class=\"wp-block-heading\"><strong>Puedes leer: <a href=\"https:\/\/deultimominuto.net\/nacionales\/salud\/ministerio-de-salud-de-costa-rica-advierte-sobre-danos-irreversibles-por-vapeo\/\">Ministerio de Salud de Costa Rica advierte sobre da\u00f1os irreversibles por vapeo<\/a><\/strong><\/h4>\n<p>Seg\u00fan explicaron, existen protocolos especializados en Estados Unidos que podr\u00edan aumentar significativamente sus probabilidades de supervivencia. Sin embargo, la familia no cuenta con los recursos econ\u00f3micos necesarios ni con la visa para poder acceder a dicho tratamiento.<\/p>\n<p>Ante esta situaci\u00f3n, los parientes del menor solicitan apoyo de instituciones, fundaciones, iglesias y de la ciudadan\u00eda en general para lograr un traslado m\u00e9dico o humanitario, as\u00ed como ayuda para gestionar el visado y cubrir los gastos m\u00e9dicos y de viaje.<\/p>\n<p>\u201cNuestra familia carece de los recursos econ\u00f3micos y de visa, pero poseemos pasaporte y una inmensa fe. Por este medio solicitamos el apoyo de todos los que puedan ayudarnos\u201d, expres\u00f3 la madre del ni\u00f1o.<\/p>\n<p>Quienes deseen colaborar pueden comunicarse al n\u00famero telef\u00f3nico 829-436-4537.<\/p>\n<p>El caso de Yonuel se suma a la realidad de muchas familias dominicanas que enfrentan enfermedades de alto costo, donde la solidaridad se convierte en una esperanza vital para continuar la lucha por la vida.<\/p>\n<p>\u200bSanto Domingo.\u2013 En medio de una dura batalla contra el c\u00e1ncer infantil, familiares del ni\u00f1o Yonuel de Jes\u00fas, de ocho a\u00f1os, han hecho un llamado urgente a la solidaridad para poder costear el tratamiento que podr\u00eda salvarle la vida en el extranjero. El menor fue diagnosticado con osteosarcoma convencional con met\u00e1stasis en ambos pulmones, una\u00a0\u00a0Nacionales, ayuda humanitaria\u00a0\u00a0<\/p>\n","protected":false},"excerpt":{"rendered":"<p>Santo Domingo.\u2013 En medio de una dura batalla contra el c\u00e1ncer infantil, familiares del ni\u00f1o Yonuel de Jes\u00fas, de ocho a\u00f1os, han hecho un llamado urgente a la solidaridad para poder costear el tratamiento que podr\u00eda salvarle la vida en el extranjero. El menor fue diagnosticado con osteosarcoma convencional con met\u00e1stasis en ambos pulmones, una [&hellip;]<\/p>\n","protected":false},"author":1,"featured_media":25927,"comment_status":"open","ping_status":"open","sticky":false,"template":"","format":"standard","meta":{"amp_status":"","footnotes":""},"categories":[3],"tags":[],"class_list":["post-25926","post","type-post","status-publish","format-standard","has-post-thumbnail","hentry","category-de-ultimo-minuto"],"_links":{"self":[{"href":"https:\/\/ermdigital.com\/index.php?rest_route=\/wp\/v2\/posts\/25926","targetHints":{"allow":["GET"]}}],"collection":[{"href":"https:\/\/ermdigital.com\/index.php?rest_route=\/wp\/v2\/posts"}],"about":[{"href":"https:\/\/ermdigital.com\/index.php?rest_route=\/wp\/v2\/types\/post"}],"author":[{"embeddable":true,"href":"https:\/\/ermdigital.com\/index.php?rest_route=\/wp\/v2\/users\/1"}],"replies":[{"embeddable":true,"href":"https:\/\/ermdigital.com\/index.php?rest_route=%2Fwp%2Fv2%2Fcomments&post=25926"}],"version-history":[{"count":0,"href":"https:\/\/ermdigital.com\/index.php?rest_route=\/wp\/v2\/posts\/25926\/revisions"}],"wp:featuredmedia":[{"embeddable":true,"href":"https:\/\/ermdigital.com\/index.php?rest_route=\/wp\/v2\/media\/25927"}],"wp:attachment":[{"href":"https:\/\/ermdigital.com\/index.php?rest_route=%2Fwp%2Fv2%2Fmedia&parent=25926"}],"wp:term":[{"taxonomy":"category","embeddable":true,"href":"https:\/\/ermdigital.com\/index.php?rest_route=%2Fwp%2Fv2%2Fcategories&post=25926"},{"taxonomy":"post_tag","embeddable":true,"href":"https:\/\/ermdigital.com\/index.php?rest_route=%2Fwp%2Fv2%2Ftags&post=25926"}],"curies":[{"name":"wp","href":"https:\/\/api.w.org\/{rel}","templated":true}]}}