{"id":25638,"date":"2026-04-28T14:15:16","date_gmt":"2026-04-28T18:15:16","guid":{"rendered":"https:\/\/ermdigital.com\/index.php\/2026\/04\/28\/rd-y-hungria-sellan-acuerdo-para-abrir-vuelos-directos-entre-ambos-paises\/"},"modified":"2026-04-28T14:15:16","modified_gmt":"2026-04-28T18:15:16","slug":"rd-y-hungria-sellan-acuerdo-para-abrir-vuelos-directos-entre-ambos-paises","status":"publish","type":"post","link":"https:\/\/ermdigital.com\/?p=25638","title":{"rendered":"RD y Hungr\u00eda sellan acuerdo para abrir vuelos directos entre ambos pa\u00edses"},"content":{"rendered":"<p>\u200b<\/p>\n<p>Tras a\u00f1os de negociaciones t\u00e9cnicas, los gobiernos de la <strong>Rep\u00fablica Dominicana<\/strong> y <strong>Hungr\u00eda<\/strong> avanzan en la formalizaci\u00f3n de acuerdos para fortalecer las relaciones aerocomerciales entre ambos pa\u00edses.<\/p>\n<p>El proceso de firma de los instrumentos, que buscan impulsar los servicios a\u00e9reos binacionales, se llev\u00f3 a cabo en una reuni\u00f3n el pasado 27 de abril de 2026, en la sede de la Junta de Aviaci\u00f3n Civil (<strong>JAC<\/strong>).<\/p>\n<p><a href=\"https:\/\/www.arecoa.com\/wp-content\/uploads\/2026\/04\/JAC-Hungria-.jpeg\"><img loading=\"lazy\" decoding=\"async\" class=\"alignleft size-full wp-image-215494\" src=\"https:\/\/www.arecoa.com\/wp-content\/uploads\/2026\/04\/JAC-Hungria-.jpeg\" alt=\"\" width=\"1280\" height=\"1061\" \/><\/a>Durante el encuentro, las autoridades de las partes desarrollaron la negociaci\u00f3n y firma de un Memor\u00e1ndum de Entendimiento (<strong>MOU<\/strong>), como paso previo a la r\u00fabrica de un Acuerdo de Servicios A\u00e9reos (<strong>ASA<\/strong>), marcando un avance decisivo en el fortalecimiento de sus relaciones bilaterales.<\/p>\n<p>Con los convenios se establece un marco moderno y flexible para las operaciones a\u00e9reas, permitiendo a las aerol\u00edneas definir rutas, frecuencias y tarifas bajo criterios de mercado, lo que facilita una mayor conectividad entre ambos pa\u00edses.<\/p>\n<p>La delegaci\u00f3n dominicana estuvo encabezada por <strong>H\u00e9ctor Porcella<\/strong>, presidente de la JAC, acompa\u00f1ado por la comisi\u00f3n de acuerdos que recibi\u00f3 a la delegaci\u00f3n de Hungr\u00eda, presidida por <strong>M\u00e1t\u00e9 L\u0151winger<\/strong>, director de la Direcci\u00f3n General de Aviaci\u00f3n Civil de Hungr\u00eda (<strong>DGAC<\/strong>), acompa\u00f1ado por su asesor, <strong>Bendeg\u00faz J\u00e1nos Jagodics<\/strong> y <strong>Bal\u00e1zs Heincz<\/strong>, embajador de la Rep\u00fablica de Hungr\u00eda en <strong>Cuba<\/strong>, concurrente en RD.<\/p>\n<p>En febrero de 2019, las partes revisaron dicho instrumento, concluyendo la conveniencia de avanzar hacia un acuerdo formal actualizado que regule los servicios a\u00e9reos bilaterales.<\/p>\n<p>Datos del Banco Central de la Rep\u00fablica Dominicana (<strong>BCRD<\/strong>) indican que entre 2019 y febrero de 2026 unos 52,000 pasajeros h\u00fangaros visitaron el pa\u00eds, cuyos registros evidencian un mercado con alto potencial para el desarrollo de rutas m\u00e1s eficientes e incluso directas.<\/p>\n<p>Los acuerdos representan una oportunidad estrat\u00e9gica para fortalecer el turismo, el comercio, la inversi\u00f3n y los v\u00ednculos bilaterales, al tiempo que posicionan a la Rep\u00fablica Dominicana como un hub clave de conectividad a\u00e9rea hacia Europa y otros destinos no tradicionales.<\/p>\n<p><a href=\"https:\/\/www.arecoa.com\/wp-content\/uploads\/2026\/04\/JAC-Hungria-2.jpeg\"><img loading=\"lazy\" decoding=\"async\" class=\"size-full wp-image-215495 alignnone\" src=\"https:\/\/www.arecoa.com\/wp-content\/uploads\/2026\/04\/JAC-Hungria-2.jpeg\" alt=\"\" width=\"1280\" height=\"1086\" \/><\/a><\/p>\n<p>\u00a0<\/p>\n","protected":false},"excerpt":{"rendered":"<p>\u200b Tras a\u00f1os de negociaciones t\u00e9cnicas, los gobiernos de la Rep\u00fablica Dominicana y Hungr\u00eda avanzan en la formalizaci\u00f3n de acuerdos para fortalecer las relaciones aerocomerciales entre ambos pa\u00edses. El proceso de firma de los instrumentos, que buscan impulsar los servicios a\u00e9reos binacionales, se llev\u00f3 a cabo en una reuni\u00f3n el pasado 27 de abril de [&hellip;]<\/p>\n","protected":false},"author":1,"featured_media":25584,"comment_status":"open","ping_status":"open","sticky":false,"template":"","format":"standard","meta":{"amp_status":"","footnotes":""},"categories":[10],"tags":[],"class_list":["post-25638","post","type-post","status-publish","format-standard","has-post-thumbnail","hentry","category-food-travel"],"_links":{"self":[{"href":"https:\/\/ermdigital.com\/index.php?rest_route=\/wp\/v2\/posts\/25638","targetHints":{"allow":["GET"]}}],"collection":[{"href":"https:\/\/ermdigital.com\/index.php?rest_route=\/wp\/v2\/posts"}],"about":[{"href":"https:\/\/ermdigital.com\/index.php?rest_route=\/wp\/v2\/types\/post"}],"author":[{"embeddable":true,"href":"https:\/\/ermdigital.com\/index.php?rest_route=\/wp\/v2\/users\/1"}],"replies":[{"embeddable":true,"href":"https:\/\/ermdigital.com\/index.php?rest_route=%2Fwp%2Fv2%2Fcomments&post=25638"}],"version-history":[{"count":0,"href":"https:\/\/ermdigital.com\/index.php?rest_route=\/wp\/v2\/posts\/25638\/revisions"}],"wp:featuredmedia":[{"embeddable":true,"href":"https:\/\/ermdigital.com\/index.php?rest_route=\/wp\/v2\/media\/25584"}],"wp:attachment":[{"href":"https:\/\/ermdigital.com\/index.php?rest_route=%2Fwp%2Fv2%2Fmedia&parent=25638"}],"wp:term":[{"taxonomy":"category","embeddable":true,"href":"https:\/\/ermdigital.com\/index.php?rest_route=%2Fwp%2Fv2%2Fcategories&post=25638"},{"taxonomy":"post_tag","embeddable":true,"href":"https:\/\/ermdigital.com\/index.php?rest_route=%2Fwp%2Fv2%2Ftags&post=25638"}],"curies":[{"name":"wp","href":"https:\/\/api.w.org\/{rel}","templated":true}]}}