{"id":25364,"date":"2026-04-27T10:15:38","date_gmt":"2026-04-27T14:15:38","guid":{"rendered":"https:\/\/ermdigital.com\/index.php\/2026\/04\/27\/idac-explica-el-porque-sector-aereo-no-se-ha-visto-tan-afectado-por-subida-del-avtur\/"},"modified":"2026-04-27T10:15:38","modified_gmt":"2026-04-27T14:15:38","slug":"idac-explica-el-porque-sector-aereo-no-se-ha-visto-tan-afectado-por-subida-del-avtur","status":"publish","type":"post","link":"https:\/\/ermdigital.com\/?p=25364","title":{"rendered":"IDAC explica el porqu\u00e9 sector a\u00e9reo no se ha visto \u201ctan afectado\u201d  por subida del Avtur"},"content":{"rendered":"<p>\u200b<\/p>\n<p class=\"relacionadosSingle\">Temas relacionados: <b><a href=\"https:\/\/www.arecoa.com\/tag\/avtur\/\" rel=\"tag\">avtur<\/a>, <a href=\"https:\/\/www.arecoa.com\/tag\/idac\/\" rel=\"tag\">IDAC<\/a>, <a href=\"https:\/\/www.arecoa.com\/tag\/igor-rodriguez\/\" rel=\"tag\">Igor Rodr\u00edguez<\/a><\/b><\/p>\n<p><small>27 abril, 2026<\/small><i>Por <b> Andreina Germ\u00e1n<\/b> <\/i><a href=\"https:\/\/www.arecoa.com\/destinos\/2026\/04\/27\/idac-explica-el-porque-sector-aereo-no-es-ha-visto-tan-afectado-por-subida-del-avtur\/#respond\"><br \/>\n    <img decoding=\"async\" src=\"https:\/\/www.arecoa.com\/wp-content\/themes\/arecoa\/images\/comment.png\" alt=\"image\" style=\"text-align: absmiddle\" \/> Deja un comentario\t\t<\/a><\/p>\n<div class=\"post content\">\n<p>Tras el gui\u00f1o a un aumento significativo en los boletos de avi\u00f3n por el incremento en el costo del <strong>Avtur<\/strong>, combustible clave para la aviaci\u00f3n, y la escases del mismo por la guerra internacional, Rep\u00fablica Dominicana no se ha visto \u00abtan afectada\u00bb por dos razones claves: mantiene categor\u00eda 1 que otorga la <strong>FAA<\/strong> y el<strong> Acuerdo de Cielos Abiertos.<\/strong><\/p>\n<p>Record\u00f3 a<strong><em> arecoa.com<\/em><\/strong> que el precio de los tickets a\u00e9reos depende de la oferta y demanda, por lo que \u00absomos un pa\u00eds de libre mercado y parte de una econom\u00eda global y evidentemente hemos recibido un alivio con la firma del acuerdo y la incorporaci\u00f3n de operadores a\u00e9reos a territorio norteamericano\u00bb.<\/p>\n<p>Enfatiz\u00f3 que ello ha evitado que se incrementen m\u00e1s los precios y que en ciertas ocaciones se sienta la mejor\u00eda en el costo del pasaje a\u00e9reo.<\/p>\n<p><a href=\"https:\/\/www.arecoa.com\/wp-content\/uploads\/2023\/12\/Idac-arecoa.jpg\"><img loading=\"lazy\" decoding=\"async\" class=\"size-full wp-image-177609 alignnone\" src=\"https:\/\/www.arecoa.com\/wp-content\/uploads\/2023\/12\/Idac-arecoa.jpg\" alt=\"\" width=\"1280\" height=\"720\" \/><\/a><\/p>\n<\/div>\n<hr class=\"noCss\" \/>\u00a0<\/p>\n","protected":false},"excerpt":{"rendered":"<p>\u200b Temas relacionados: avtur, IDAC, Igor Rodr\u00edguez 27 abril, 2026Por Andreina Germ\u00e1n Deja un comentario Tras el gui\u00f1o a un aumento significativo en los boletos de avi\u00f3n por el incremento en el costo del Avtur, combustible clave para la aviaci\u00f3n, y la escases del mismo por la guerra internacional, Rep\u00fablica Dominicana no se ha visto [&hellip;]<\/p>\n","protected":false},"author":1,"featured_media":25365,"comment_status":"open","ping_status":"open","sticky":false,"template":"","format":"standard","meta":{"amp_status":"","footnotes":""},"categories":[10],"tags":[],"class_list":["post-25364","post","type-post","status-publish","format-standard","has-post-thumbnail","hentry","category-food-travel"],"_links":{"self":[{"href":"https:\/\/ermdigital.com\/index.php?rest_route=\/wp\/v2\/posts\/25364","targetHints":{"allow":["GET"]}}],"collection":[{"href":"https:\/\/ermdigital.com\/index.php?rest_route=\/wp\/v2\/posts"}],"about":[{"href":"https:\/\/ermdigital.com\/index.php?rest_route=\/wp\/v2\/types\/post"}],"author":[{"embeddable":true,"href":"https:\/\/ermdigital.com\/index.php?rest_route=\/wp\/v2\/users\/1"}],"replies":[{"embeddable":true,"href":"https:\/\/ermdigital.com\/index.php?rest_route=%2Fwp%2Fv2%2Fcomments&post=25364"}],"version-history":[{"count":0,"href":"https:\/\/ermdigital.com\/index.php?rest_route=\/wp\/v2\/posts\/25364\/revisions"}],"wp:featuredmedia":[{"embeddable":true,"href":"https:\/\/ermdigital.com\/index.php?rest_route=\/wp\/v2\/media\/25365"}],"wp:attachment":[{"href":"https:\/\/ermdigital.com\/index.php?rest_route=%2Fwp%2Fv2%2Fmedia&parent=25364"}],"wp:term":[{"taxonomy":"category","embeddable":true,"href":"https:\/\/ermdigital.com\/index.php?rest_route=%2Fwp%2Fv2%2Fcategories&post=25364"},{"taxonomy":"post_tag","embeddable":true,"href":"https:\/\/ermdigital.com\/index.php?rest_route=%2Fwp%2Fv2%2Ftags&post=25364"}],"curies":[{"name":"wp","href":"https:\/\/api.w.org\/{rel}","templated":true}]}}