{"id":24867,"date":"2026-04-25T16:10:44","date_gmt":"2026-04-25T20:10:44","guid":{"rendered":"https:\/\/ermdigital.com\/index.php\/2026\/04\/25\/descontrol-inmobiliario-diputado-discrepa-de-rainieri-y-acusa-a-los-hoteleros\/"},"modified":"2026-04-25T16:10:44","modified_gmt":"2026-04-25T20:10:44","slug":"descontrol-inmobiliario-diputado-discrepa-de-rainieri-y-acusa-a-los-hoteleros","status":"publish","type":"post","link":"https:\/\/ermdigital.com\/?p=24867","title":{"rendered":"Descontrol inmobiliario: diputado discrepa de Rainieri y acusa a los hoteleros"},"content":{"rendered":"<p>\u200b<\/p>\n<p class=\"relacionadosSingle\">Temas relacionados: <b><a href=\"https:\/\/www.arecoa.com\/tag\/desorden-inmobiliario\/\" rel=\"tag\">desorden inmobiliario<\/a>, <a href=\"https:\/\/www.arecoa.com\/tag\/eugenio-cedeno\/\" rel=\"tag\">Eugenio Cede\u00f1o<\/a>, <a href=\"https:\/\/www.arecoa.com\/tag\/frank-rainieri\/\" rel=\"tag\">Frank Rainieri<\/a>, <a href=\"https:\/\/www.arecoa.com\/tag\/prm\/\" rel=\"tag\">PRM<\/a>, <a href=\"https:\/\/www.arecoa.com\/tag\/region-este\/\" rel=\"tag\">regi\u00f3n Este<\/a><\/b><\/p>\n<p><small>25 abril, 2026<\/small><i>Por <b> R.A.<\/b> <\/i><a href=\"https:\/\/www.arecoa.com\/destinos\/2026\/04\/25\/descontrol-inmobiliario-diputado-discrepa-de-rainieri-y-acusa-a-los-hoteleros\/#respond\"><br \/>\n    <img decoding=\"async\" src=\"https:\/\/www.arecoa.com\/wp-content\/themes\/arecoa\/images\/comment.png\" alt=\"image\" style=\"text-align: absmiddle\" \/> Deja un comentario\t\t<\/a><\/p>\n<div class=\"post content\">\n<p>El diputado <strong>Eugenio Cede\u00f1o<\/strong>, del oficialista <strong>PRM<\/strong>, ha respondido a las cr\u00edticas del empresario <strong>Frank Rainieri<\/strong> sobre el crecimiento desordenado en las zonas tur\u00edsticas, responsabilizando el legislador directamente al sector hotelero de la situaci\u00f3n actual.<\/p>\n<p>A trav\u00e9s de su cuenta en X, Cede\u00f1o no solo rechaz\u00f3 los se\u00f1alamientos de Rainieri, sino que lanz\u00f3 una serie de acusaciones sobre el manejo del litoral costero y el modelo tur\u00edstico.<br \/>(<a href=\"https:\/\/www.arecoa.com\/destinos\/2026\/04\/22\/rainieri-contundente-al-gobierno-le-ha-faltado-coraje-para-frenar-el-desorden-inmobiliario\/\"><em>Rainieri, contundente: \u201cAl Gobierno le ha faltado coraje para frenar el desorden inmobiliario\u201d<\/em><\/a>).<\/p>\n<p><a href=\"https:\/\/www.arecoa.com\/wp-content\/uploads\/2026\/04\/image_editor_output_image733396305-1776956274010-1.webp\"><img loading=\"lazy\" decoding=\"async\" class=\"size-full wp-image-215385 alignleft\" src=\"https:\/\/www.arecoa.com\/wp-content\/uploads\/2026\/04\/image_editor_output_image733396305-1776956274010-1.webp\" alt=\"\" width=\"1200\" height=\"799\" \/><\/a>Uno de los puntos m\u00e1s fuertes de su respuesta fue el acceso a las playas. El diputado asegur\u00f3 que, durante a\u00f1os, se ha limitado el uso de estos espacios a favor de complejos hoteleros.<\/p>\n<p>\u201cDiga tambi\u00e9n que los gobiernos han sido flojos y c\u00f3mplices, al entregarles la exclusividad de usufructo de todo el litoral costero IMPIDIENDO EL PASO a todo ciudadano que no se hospede en sus hoteles. Ese s\u00ed ha sido un crimen de lesa patria\u201d, expres\u00f3.<\/p>\n<p>El legislador insisti\u00f3 en que el pa\u00eds debe garantizar el acceso p\u00fablico a las playas como un derecho.<\/p>\n<p>\u201cAgregue tambi\u00e9n que HAY QUE REGULAR Y GARANTIZAR EL LIBRE ACCESO A LAS PLAYAS\u201d, afirm\u00f3.<\/p>\n<p>Con esa postura, el diputado coloca el tema del acceso a bienes comunes en el centro del debate sobre el desarrollo tur\u00edstico.<\/p>\n<\/div>\n<hr class=\"noCss\" \/>\u00a0<\/p>\n","protected":false},"excerpt":{"rendered":"<p>\u200b Temas relacionados: desorden inmobiliario, Eugenio Cede\u00f1o, Frank Rainieri, PRM, regi\u00f3n Este 25 abril, 2026Por R.A. Deja un comentario El diputado Eugenio Cede\u00f1o, del oficialista PRM, ha respondido a las cr\u00edticas del empresario Frank Rainieri sobre el crecimiento desordenado en las zonas tur\u00edsticas, responsabilizando el legislador directamente al sector hotelero de la situaci\u00f3n actual. A [&hellip;]<\/p>\n","protected":false},"author":1,"featured_media":24260,"comment_status":"open","ping_status":"open","sticky":false,"template":"","format":"standard","meta":{"amp_status":"","footnotes":""},"categories":[10],"tags":[],"class_list":["post-24867","post","type-post","status-publish","format-standard","has-post-thumbnail","hentry","category-food-travel"],"_links":{"self":[{"href":"https:\/\/ermdigital.com\/index.php?rest_route=\/wp\/v2\/posts\/24867","targetHints":{"allow":["GET"]}}],"collection":[{"href":"https:\/\/ermdigital.com\/index.php?rest_route=\/wp\/v2\/posts"}],"about":[{"href":"https:\/\/ermdigital.com\/index.php?rest_route=\/wp\/v2\/types\/post"}],"author":[{"embeddable":true,"href":"https:\/\/ermdigital.com\/index.php?rest_route=\/wp\/v2\/users\/1"}],"replies":[{"embeddable":true,"href":"https:\/\/ermdigital.com\/index.php?rest_route=%2Fwp%2Fv2%2Fcomments&post=24867"}],"version-history":[{"count":0,"href":"https:\/\/ermdigital.com\/index.php?rest_route=\/wp\/v2\/posts\/24867\/revisions"}],"wp:featuredmedia":[{"embeddable":true,"href":"https:\/\/ermdigital.com\/index.php?rest_route=\/wp\/v2\/media\/24260"}],"wp:attachment":[{"href":"https:\/\/ermdigital.com\/index.php?rest_route=%2Fwp%2Fv2%2Fmedia&parent=24867"}],"wp:term":[{"taxonomy":"category","embeddable":true,"href":"https:\/\/ermdigital.com\/index.php?rest_route=%2Fwp%2Fv2%2Fcategories&post=24867"},{"taxonomy":"post_tag","embeddable":true,"href":"https:\/\/ermdigital.com\/index.php?rest_route=%2Fwp%2Fv2%2Ftags&post=24867"}],"curies":[{"name":"wp","href":"https:\/\/api.w.org\/{rel}","templated":true}]}}