{"id":24786,"date":"2026-04-26T13:45:55","date_gmt":"2026-04-26T17:45:55","guid":{"rendered":"https:\/\/ermdigital.com\/index.php\/2026\/04\/26\/pld-dice-que-el-gobierno-obliga-a-parte-de-la-poblacion-a-hacer-ayuno-intermitente\/"},"modified":"2026-04-26T13:45:55","modified_gmt":"2026-04-26T17:45:55","slug":"pld-dice-que-el-gobierno-obliga-a-parte-de-la-poblacion-a-hacer-ayuno-intermitente","status":"publish","type":"post","link":"https:\/\/ermdigital.com\/?p=24786","title":{"rendered":"PLD dice que el Gobierno obliga a parte de la poblaci\u00f3n a hacer \u201cayuno intermitente\u201d\u00a0"},"content":{"rendered":"<p>&lt;![CDATA[<\/p>\n<p>El miembro del Comit\u00e9 Pol\u00edtico del <b>Partido de la Liberaci\u00f3n Dominicana<\/b> (PLD), <b>Francisco Javier Garc\u00eda<\/b>, asegur\u00f3 que el gobierno del <b>Partido Revolucionario Moderno <\/b>(PRM) ha generado que parte de la poblaci\u00f3n dominicana tenga que acudir al llamado \u201c<b>ayuno intermitente<\/b>\u201d, como consecuencia ante la falta de recursos para cubrir sus necesidades alimenticias b\u00e1sicas.<\/p>\n<p><a href=\"https:\/\/listindiario.com\/la-republica\/gobierno\/20260426\/pld-critica-gestion-prm-denuncia-deterioro-economico-pais_903319.html\">wf_cms.rss.read_more<\/a><\/p>\n<p>]]&gt;<\/p>\n<p>\u200bEl dirigente pol\u00edtico record\u00f3 que, durante los gobiernos del PLD, seg\u00fan expres\u00f3, las familias pod\u00edan alimentarse tres veces al d\u00eda, mientras que ahora como mucho \u201cmucha gente puede hacerlo una vez\u201d.\u00a0\u00a0Gobierno\u00a0<\/p>\n","protected":false},"excerpt":{"rendered":"<p>&lt;![CDATA[ El miembro del Comit\u00e9 Pol\u00edtico del Partido de la Liberaci\u00f3n Dominicana (PLD), Francisco Javier Garc\u00eda, asegur\u00f3 que el gobierno del Partido Revolucionario Moderno (PRM) ha generado que parte de la poblaci\u00f3n dominicana tenga que acudir al llamado \u201cayuno intermitente\u201d, como consecuencia ante la falta de recursos para cubrir sus necesidades alimenticias b\u00e1sicas. wf_cms.rss.read_more ]]&gt; [&hellip;]<\/p>\n","protected":false},"author":1,"featured_media":24787,"comment_status":"open","ping_status":"open","sticky":false,"template":"","format":"standard","meta":{"amp_status":"","footnotes":""},"categories":[5],"tags":[],"class_list":["post-24786","post","type-post","status-publish","format-standard","has-post-thumbnail","hentry","category-politica"],"_links":{"self":[{"href":"https:\/\/ermdigital.com\/index.php?rest_route=\/wp\/v2\/posts\/24786","targetHints":{"allow":["GET"]}}],"collection":[{"href":"https:\/\/ermdigital.com\/index.php?rest_route=\/wp\/v2\/posts"}],"about":[{"href":"https:\/\/ermdigital.com\/index.php?rest_route=\/wp\/v2\/types\/post"}],"author":[{"embeddable":true,"href":"https:\/\/ermdigital.com\/index.php?rest_route=\/wp\/v2\/users\/1"}],"replies":[{"embeddable":true,"href":"https:\/\/ermdigital.com\/index.php?rest_route=%2Fwp%2Fv2%2Fcomments&post=24786"}],"version-history":[{"count":0,"href":"https:\/\/ermdigital.com\/index.php?rest_route=\/wp\/v2\/posts\/24786\/revisions"}],"wp:featuredmedia":[{"embeddable":true,"href":"https:\/\/ermdigital.com\/index.php?rest_route=\/wp\/v2\/media\/24787"}],"wp:attachment":[{"href":"https:\/\/ermdigital.com\/index.php?rest_route=%2Fwp%2Fv2%2Fmedia&parent=24786"}],"wp:term":[{"taxonomy":"category","embeddable":true,"href":"https:\/\/ermdigital.com\/index.php?rest_route=%2Fwp%2Fv2%2Fcategories&post=24786"},{"taxonomy":"post_tag","embeddable":true,"href":"https:\/\/ermdigital.com\/index.php?rest_route=%2Fwp%2Fv2%2Ftags&post=24786"}],"curies":[{"name":"wp","href":"https:\/\/api.w.org\/{rel}","templated":true}]}}