{"id":24784,"date":"2026-04-26T13:54:59","date_gmt":"2026-04-26T17:54:59","guid":{"rendered":"https:\/\/ermdigital.com\/index.php\/2026\/04\/26\/inespre-anuncia-10-grandes-ferias-con-ofertas-especiales-por-el-mes-de-las-madres\/"},"modified":"2026-04-26T13:54:59","modified_gmt":"2026-04-26T17:54:59","slug":"inespre-anuncia-10-grandes-ferias-con-ofertas-especiales-por-el-mes-de-las-madres","status":"publish","type":"post","link":"https:\/\/ermdigital.com\/?p=24784","title":{"rendered":"Inespre anuncia 10 grandes ferias con ofertas especiales por el mes de las madres\u00a0"},"content":{"rendered":"<p>&lt;![CDATA[<\/p>\n<p>El <b>Instituto de Estabilizaci\u00f3n de Precios<\/b> (Inespre) anunci\u00f3 la realizaci\u00f3n de 10 grandes ferias con motivo del mes dedicado a las madres.<\/p>\n<p><a href=\"https:\/\/listindiario.com\/la-republica\/20260426\/inespre-anuncia-10-grandes-ferias-ofertas-especiales-mes-madres_903321.html\">wf_cms.rss.read_more<\/a><\/p>\n<p>]]&gt;<\/p>\n<p>\u200bLa informaci\u00f3n fue ofrecida por el director de la entidad, David Herrera D\u00edaz, quien explic\u00f3 que el programa especial denominado \u201cInespre est\u00e1 de Madre\u201d iniciar\u00e1 el pr\u00f3ximo jueves 30 de abril en el municipio de Santo Domingo Oeste, donde se extender\u00e1 hasta el 1 de mayo.\u00a0\u00a0La Rep\u00fablica\u00a0<\/p>\n","protected":false},"excerpt":{"rendered":"<p>&lt;![CDATA[ El Instituto de Estabilizaci\u00f3n de Precios (Inespre) anunci\u00f3 la realizaci\u00f3n de 10 grandes ferias con motivo del mes dedicado a las madres. wf_cms.rss.read_more ]]&gt; \u200bLa informaci\u00f3n fue ofrecida por el director de la entidad, David Herrera D\u00edaz, quien explic\u00f3 que el programa especial denominado \u201cInespre est\u00e1 de Madre\u201d iniciar\u00e1 el pr\u00f3ximo jueves 30 de [&hellip;]<\/p>\n","protected":false},"author":1,"featured_media":24785,"comment_status":"open","ping_status":"open","sticky":false,"template":"","format":"standard","meta":{"amp_status":"","footnotes":""},"categories":[5],"tags":[],"class_list":["post-24784","post","type-post","status-publish","format-standard","has-post-thumbnail","hentry","category-politica"],"_links":{"self":[{"href":"https:\/\/ermdigital.com\/index.php?rest_route=\/wp\/v2\/posts\/24784","targetHints":{"allow":["GET"]}}],"collection":[{"href":"https:\/\/ermdigital.com\/index.php?rest_route=\/wp\/v2\/posts"}],"about":[{"href":"https:\/\/ermdigital.com\/index.php?rest_route=\/wp\/v2\/types\/post"}],"author":[{"embeddable":true,"href":"https:\/\/ermdigital.com\/index.php?rest_route=\/wp\/v2\/users\/1"}],"replies":[{"embeddable":true,"href":"https:\/\/ermdigital.com\/index.php?rest_route=%2Fwp%2Fv2%2Fcomments&post=24784"}],"version-history":[{"count":0,"href":"https:\/\/ermdigital.com\/index.php?rest_route=\/wp\/v2\/posts\/24784\/revisions"}],"wp:featuredmedia":[{"embeddable":true,"href":"https:\/\/ermdigital.com\/index.php?rest_route=\/wp\/v2\/media\/24785"}],"wp:attachment":[{"href":"https:\/\/ermdigital.com\/index.php?rest_route=%2Fwp%2Fv2%2Fmedia&parent=24784"}],"wp:term":[{"taxonomy":"category","embeddable":true,"href":"https:\/\/ermdigital.com\/index.php?rest_route=%2Fwp%2Fv2%2Fcategories&post=24784"},{"taxonomy":"post_tag","embeddable":true,"href":"https:\/\/ermdigital.com\/index.php?rest_route=%2Fwp%2Fv2%2Ftags&post=24784"}],"curies":[{"name":"wp","href":"https:\/\/api.w.org\/{rel}","templated":true}]}}