{"id":24782,"date":"2026-04-26T13:58:51","date_gmt":"2026-04-26T17:58:51","guid":{"rendered":"https:\/\/ermdigital.com\/index.php\/2026\/04\/26\/abogado-denuncia-detencion-arbitraria-de-familiar-de-imputado-en-muerte-del-chofer-deivy-abreu\/"},"modified":"2026-04-26T13:58:51","modified_gmt":"2026-04-26T17:58:51","slug":"abogado-denuncia-detencion-arbitraria-de-familiar-de-imputado-en-muerte-del-chofer-deivy-abreu","status":"publish","type":"post","link":"https:\/\/ermdigital.com\/?p=24782","title":{"rendered":"Abogado denuncia detenci\u00f3n arbitraria de familiar de imputado en muerte del chofer Deivy Abreu\u00a0"},"content":{"rendered":"<p>&lt;![CDATA[<\/p>\n<p>El abogado Carlos Villanueva, representante legal de dos implicados en el caso de Deivy Carlos Abreu Quezada, chofer de cami\u00f3n recolector de basura que perdi\u00f3 la vida en el parqueo del Palacio de Justicia de Santiago, denunci\u00f3 supuestas irregularidades en el proceso de investigaci\u00f3n y actuaci\u00f3n de las autoridades.<\/p>\n<p><a href=\"https:\/\/listindiario.com\/la-republica\/provincias\/20260426\/abogado-denuncia-detencion-arbitraria-familiar-imputado-caso-muerte-chofer-santiago_903318.html\">wf_cms.rss.read_more<\/a><\/p>\n<p>]]&gt;<\/p>\n<p>\u200bEl jurista afirm\u00f3 que uno de los se\u00f1alados fue sometido sin que existan pruebas que lo vinculen directamente con los hechos, indicando que no hay evidencias ni registros que confirmen su presencia en el lugar al momento del incidente.\u00a0\u00a0Provincias\u00a0<\/p>\n","protected":false},"excerpt":{"rendered":"<p>&lt;![CDATA[ El abogado Carlos Villanueva, representante legal de dos implicados en el caso de Deivy Carlos Abreu Quezada, chofer de cami\u00f3n recolector de basura que perdi\u00f3 la vida en el parqueo del Palacio de Justicia de Santiago, denunci\u00f3 supuestas irregularidades en el proceso de investigaci\u00f3n y actuaci\u00f3n de las autoridades. wf_cms.rss.read_more ]]&gt; \u200bEl jurista afirm\u00f3 [&hellip;]<\/p>\n","protected":false},"author":1,"featured_media":24783,"comment_status":"open","ping_status":"open","sticky":false,"template":"","format":"standard","meta":{"amp_status":"","footnotes":""},"categories":[5],"tags":[],"class_list":["post-24782","post","type-post","status-publish","format-standard","has-post-thumbnail","hentry","category-politica"],"_links":{"self":[{"href":"https:\/\/ermdigital.com\/index.php?rest_route=\/wp\/v2\/posts\/24782","targetHints":{"allow":["GET"]}}],"collection":[{"href":"https:\/\/ermdigital.com\/index.php?rest_route=\/wp\/v2\/posts"}],"about":[{"href":"https:\/\/ermdigital.com\/index.php?rest_route=\/wp\/v2\/types\/post"}],"author":[{"embeddable":true,"href":"https:\/\/ermdigital.com\/index.php?rest_route=\/wp\/v2\/users\/1"}],"replies":[{"embeddable":true,"href":"https:\/\/ermdigital.com\/index.php?rest_route=%2Fwp%2Fv2%2Fcomments&post=24782"}],"version-history":[{"count":0,"href":"https:\/\/ermdigital.com\/index.php?rest_route=\/wp\/v2\/posts\/24782\/revisions"}],"wp:featuredmedia":[{"embeddable":true,"href":"https:\/\/ermdigital.com\/index.php?rest_route=\/wp\/v2\/media\/24783"}],"wp:attachment":[{"href":"https:\/\/ermdigital.com\/index.php?rest_route=%2Fwp%2Fv2%2Fmedia&parent=24782"}],"wp:term":[{"taxonomy":"category","embeddable":true,"href":"https:\/\/ermdigital.com\/index.php?rest_route=%2Fwp%2Fv2%2Fcategories&post=24782"},{"taxonomy":"post_tag","embeddable":true,"href":"https:\/\/ermdigital.com\/index.php?rest_route=%2Fwp%2Fv2%2Ftags&post=24782"}],"curies":[{"name":"wp","href":"https:\/\/api.w.org\/{rel}","templated":true}]}}