{"id":24779,"date":"2026-04-26T15:03:27","date_gmt":"2026-04-26T19:03:27","guid":{"rendered":"https:\/\/ermdigital.com\/index.php\/2026\/04\/26\/danilo-medina-que-nadie-espere-que-el-pld-le-va-a-endosar-su-fuerza-a-ningun-partido-2\/"},"modified":"2026-04-26T15:03:27","modified_gmt":"2026-04-26T19:03:27","slug":"danilo-medina-que-nadie-espere-que-el-pld-le-va-a-endosar-su-fuerza-a-ningun-partido-2","status":"publish","type":"post","link":"https:\/\/ermdigital.com\/?p=24779","title":{"rendered":"Danilo Medina: \u201cQue nadie espere que el PLD le va a endosar su fuerza a ning\u00fan partido\u201d\u00a0"},"content":{"rendered":"<p>&lt;![CDATA[<\/p>\n<p>El expresidente de la Rep\u00fablica y presidente del <b>Partido de la Liberaci\u00f3n Dominicana <\/b>(PLD), <b>Danilo Medina<\/b>, reiter\u00f3 su postura frente a posibles alianzas electorales, al asegurar que la organizaci\u00f3n no ceder\u00e1 su fuerza pol\u00edtica a otras agrupaciones.<\/p>\n<p><a href=\"https:\/\/listindiario.com\/la-republica\/politica\/20260426\/danilo-medina-nadie-espere-pld-le-endosar-fuerza-ningun-partido_903328.html\">wf_cms.rss.read_more<\/a><\/p>\n<p>]]&gt;<\/p>\n<p>\u200bAl ser cuestionado por la prensa local, Medina se refiri\u00f3 a los rumores sobre eventuales pactos, dejando clara la posici\u00f3n del partido.\u00a0\u00a0Pol\u00edtica\u00a0<\/p>\n","protected":false},"excerpt":{"rendered":"<p>&lt;![CDATA[ El expresidente de la Rep\u00fablica y presidente del Partido de la Liberaci\u00f3n Dominicana (PLD), Danilo Medina, reiter\u00f3 su postura frente a posibles alianzas electorales, al asegurar que la organizaci\u00f3n no ceder\u00e1 su fuerza pol\u00edtica a otras agrupaciones. wf_cms.rss.read_more ]]&gt; \u200bAl ser cuestionado por la prensa local, Medina se refiri\u00f3 a los rumores sobre eventuales [&hellip;]<\/p>\n","protected":false},"author":1,"featured_media":24556,"comment_status":"open","ping_status":"open","sticky":false,"template":"","format":"standard","meta":{"amp_status":"","footnotes":""},"categories":[5],"tags":[],"class_list":["post-24779","post","type-post","status-publish","format-standard","has-post-thumbnail","hentry","category-politica"],"_links":{"self":[{"href":"https:\/\/ermdigital.com\/index.php?rest_route=\/wp\/v2\/posts\/24779","targetHints":{"allow":["GET"]}}],"collection":[{"href":"https:\/\/ermdigital.com\/index.php?rest_route=\/wp\/v2\/posts"}],"about":[{"href":"https:\/\/ermdigital.com\/index.php?rest_route=\/wp\/v2\/types\/post"}],"author":[{"embeddable":true,"href":"https:\/\/ermdigital.com\/index.php?rest_route=\/wp\/v2\/users\/1"}],"replies":[{"embeddable":true,"href":"https:\/\/ermdigital.com\/index.php?rest_route=%2Fwp%2Fv2%2Fcomments&post=24779"}],"version-history":[{"count":0,"href":"https:\/\/ermdigital.com\/index.php?rest_route=\/wp\/v2\/posts\/24779\/revisions"}],"wp:featuredmedia":[{"embeddable":true,"href":"https:\/\/ermdigital.com\/index.php?rest_route=\/wp\/v2\/media\/24556"}],"wp:attachment":[{"href":"https:\/\/ermdigital.com\/index.php?rest_route=%2Fwp%2Fv2%2Fmedia&parent=24779"}],"wp:term":[{"taxonomy":"category","embeddable":true,"href":"https:\/\/ermdigital.com\/index.php?rest_route=%2Fwp%2Fv2%2Fcategories&post=24779"},{"taxonomy":"post_tag","embeddable":true,"href":"https:\/\/ermdigital.com\/index.php?rest_route=%2Fwp%2Fv2%2Ftags&post=24779"}],"curies":[{"name":"wp","href":"https:\/\/api.w.org\/{rel}","templated":true}]}}