{"id":24730,"date":"2026-04-24T11:15:20","date_gmt":"2026-04-24T15:15:20","guid":{"rendered":"https:\/\/ermdigital.com\/index.php\/2026\/04\/24\/lideres-religiosos-y-empresariales-piden-ordenar-el-desarrollo-de-punta-cana\/"},"modified":"2026-04-24T11:15:20","modified_gmt":"2026-04-24T15:15:20","slug":"lideres-religiosos-y-empresariales-piden-ordenar-el-desarrollo-de-punta-cana","status":"publish","type":"post","link":"https:\/\/ermdigital.com\/?p=24730","title":{"rendered":"L\u00edderes religiosos y empresariales piden ordenar el desarrollo de Punta Cana"},"content":{"rendered":"<p><em>El obispo Jes\u00fas Castro Marte y el empresario Frank Rainieri coincidieron en la necesidad de fortalecer la supervisi\u00f3n para garantizar un crecimiento urbano ordenado y sostenible.<\/em><\/p>\n<p>El crecimiento de la regi\u00f3n Este del pa\u00eds es contundente. Sin embargo, el obispo de la Di\u00f3cesis de Nuestra Se\u00f1ora de la Altagracia, Jes\u00fas Castro Marte, expres\u00f3 su preocupaci\u00f3n por el acelerado desarrollo urban\u00edstico en la zona de Ver\u00f3n\u2013Punta Cana, al precisar que \u00e9ste no se estar\u00eda realizando con la planificaci\u00f3n establecida en la Ley No. 368-22 sobre Ordenamiento Territorial, Uso de Suelo y Asentamientos Humanos.<\/p>\n<p><img decoding=\"async\" loading=\"lazy\" class=\"alignnone size-medium wp-image-25708\" src=\"https:\/\/adompretur.com\/wp-content\/uploads\/2026\/04\/Castro-Marte-obispo-300x298.jpeg\" alt=\"\" width=\"300\" height=\"298\"><\/p>\n<p><em>El obispo Jes\u00fas Castro Marte. Fuente externa\u00a0<\/em><\/p>\n<p data-start=\"363\" data-end=\"837\">A trav\u00e9s de su cuenta en la red social X, el prelado aclar\u00f3 que no se opone \u201cjam\u00e1s\u201d al desarrollo econ\u00f3mico ni tur\u00edstico de la zona, pero se\u00f1al\u00f3 que las autoridades competentes deben garantizar el cumplimiento estricto del marco legal por parte de los desarrolladores inmobiliarios, tanto a nivel local como nacional y regional.<\/p>\n<p data-start=\"839\" data-end=\"1247\">Castro Marte tambi\u00e9n llam\u00f3 la atenci\u00f3n sobre la importancia de proteger la inversi\u00f3n extranjera, advirtiendo que en el sector suelen aparecer falsos promotores inmobiliarios que estafan a personas que invierten sus ahorros o recurren a financiamientos bancarios para adquirir viviendas. Se\u00f1al\u00f3 que la seguridad jur\u00eddica es un pilar fundamental para mantener la confianza en el pa\u00eds como destino de inversi\u00f3n.<\/p>\n<p data-start=\"839\" data-end=\"1247\"><img decoding=\"async\" loading=\"lazy\" class=\"alignnone size-medium wp-image-25710\" src=\"https:\/\/adompretur.com\/wp-content\/uploads\/2026\/04\/Crecmiento-urbanistico-Punta-Cana-Veron-300x225.png\" alt=\"\" width=\"300\" height=\"225\"><\/p>\n<p data-start=\"1249\" data-end=\"1429\">\u201cLa seguridad jur\u00eddica para las inversiones de capitales sanos debe prevalecer ante todo y por encima de todo, nos mantiene en altos est\u00e1ndares como marca pa\u00eds\u201d, expres\u00f3 el obispo.<\/p>\n<p><strong>Planificaci\u00f3n y la sostenibilidad ambiental <\/strong><\/p>\n<p>Las declaraciones del religioso se producen en un contexto en el que tambi\u00e9n figuras del sector tur\u00edstico han manifestado inquietudes similares sobre el ritmo de crecimiento en Punta Cana, particularmente en torno a la expansi\u00f3n inmobiliaria y hotelera sin suficiente regulaci\u00f3n.<\/p>\n<p><img decoding=\"async\" loading=\"lazy\" class=\"alignnone size-medium wp-image-25709\" src=\"https:\/\/adompretur.com\/wp-content\/uploads\/2026\/04\/Frank-Rainieri-en-DATE-2026-300x186.jpeg\" alt=\"\" width=\"300\" height=\"186\"><\/p>\n<p><em>El empresario Frank Rainieri. Fuente externa\u00a0<\/em><\/p>\n<p data-start=\"1764\" data-end=\"2198\">En ese orden, el empresario tur\u00edstico Frank Rainieri, presidente del consejo de administraci\u00f3n del Grupo Puntacana, advirti\u00f3 en esta semana sobre los riesgos de un desarrollo desordenado en la zona e hizo \u00e9nfasis en la importancia de preservar la planificaci\u00f3n, la sostenibilidad ambiental y la infraestructura adecuada para sostener el crecimiento del principal destino tur\u00edstico del pa\u00eds.<\/p>\n<p data-start=\"1764\" data-end=\"2198\"><img decoding=\"async\" loading=\"lazy\" class=\"alignnone size-medium wp-image-25711\" src=\"https:\/\/adompretur.com\/wp-content\/uploads\/2026\/04\/Crecmiento-urbanistico-Punta-Cana-Veron2-300x188.jpg\" alt=\"\" width=\"300\" height=\"188\"><\/p>\n<p data-start=\"2200\" data-end=\"2495\">El Grupo Puntacana, que ha sido uno de los principales actores en el desarrollo tur\u00edstico de la regi\u00f3n, tambi\u00e9n ha sido parte activa de los debates sobre el futuro del destino, en medio de la expansi\u00f3n acelerada que vive Ver\u00f3n\u2013Punta Cana y sus alrededores.<\/p>\n<p>Durante la feria tur\u00edstica Dominican Annual Tourism Exchange (DATE) 2026, Rainieri calific\u00f3 como insostenible el desarrollo sin un plan de ordenamiento territorial, cuya dimensi\u00f3n catastral de Punta Cana supera incluso al Gran Santo Domingo.<\/p>\n<p>El empresario expres\u00f3 que el crecimiento urbano, especialmente el vinculado al turismo, debe realizarse con l\u00edmites y responsabilidad.<\/p>\n<p data-start=\"2497\" data-end=\"2737\" data-is-last-node=\"\" data-is-only-node=\"\">Las preocupaciones del liderazgo religioso como del sector empresarial est\u00e1n centradas en la necesidad de lograr que el crecimiento tur\u00edstico e inmobiliario de la zona se mantenga dentro de un marco legal, ordenado y sostenible.<\/p>\n<p>\u00a0<\/p>\n<p>\u00a0<\/p>\n<p>La entrada <a href=\"https:\/\/adompretur.com\/2026\/04\/24\/25707\/\">L\u00edderes religiosos y empresariales piden ordenar el desarrollo de Punta Cana<\/a> se public\u00f3 primero en <a href=\"https:\/\/adompretur.com\/\">ADOMPRETUR<\/a>.<\/p>\n<p>\u200bEl obispo Jes\u00fas Castro Marte y el empresario Frank Rainieri coincidieron en la necesidad de fortalecer la supervisi\u00f3n para garantizar un crecimiento urbano ordenado y sostenible. El crecimiento de la regi\u00f3n Este del pa\u00eds es contundente. Sin embargo, el obispo de la Di\u00f3cesis de Nuestra Se\u00f1ora de la Altagracia, Jes\u00fas Castro Marte, expres\u00f3 su preocupaci\u00f3n<br \/>\nLa entrada L\u00edderes religiosos y empresariales piden ordenar el desarrollo de Punta Cana se public\u00f3 primero en ADOMPRETUR.\u00a0\u00a0Destinos, Noticias, RD, Turismo Inmobiliario\u00a0<\/p>\n","protected":false},"excerpt":{"rendered":"<p>El obispo Jes\u00fas Castro Marte y el empresario Frank Rainieri coincidieron en la necesidad de fortalecer la supervisi\u00f3n para garantizar un crecimiento urbano ordenado y sostenible. El crecimiento de la regi\u00f3n Este del pa\u00eds es contundente. Sin embargo, el obispo de la Di\u00f3cesis de Nuestra Se\u00f1ora de la Altagracia, Jes\u00fas Castro Marte, expres\u00f3 su preocupaci\u00f3n [&hellip;]<\/p>\n","protected":false},"author":1,"featured_media":24731,"comment_status":"open","ping_status":"open","sticky":false,"template":"","format":"standard","meta":{"amp_status":"","footnotes":""},"categories":[9],"tags":[],"class_list":["post-24730","post","type-post","status-publish","format-standard","has-post-thumbnail","hentry","category-espectaculo"],"_links":{"self":[{"href":"https:\/\/ermdigital.com\/index.php?rest_route=\/wp\/v2\/posts\/24730","targetHints":{"allow":["GET"]}}],"collection":[{"href":"https:\/\/ermdigital.com\/index.php?rest_route=\/wp\/v2\/posts"}],"about":[{"href":"https:\/\/ermdigital.com\/index.php?rest_route=\/wp\/v2\/types\/post"}],"author":[{"embeddable":true,"href":"https:\/\/ermdigital.com\/index.php?rest_route=\/wp\/v2\/users\/1"}],"replies":[{"embeddable":true,"href":"https:\/\/ermdigital.com\/index.php?rest_route=%2Fwp%2Fv2%2Fcomments&post=24730"}],"version-history":[{"count":0,"href":"https:\/\/ermdigital.com\/index.php?rest_route=\/wp\/v2\/posts\/24730\/revisions"}],"wp:featuredmedia":[{"embeddable":true,"href":"https:\/\/ermdigital.com\/index.php?rest_route=\/wp\/v2\/media\/24731"}],"wp:attachment":[{"href":"https:\/\/ermdigital.com\/index.php?rest_route=%2Fwp%2Fv2%2Fmedia&parent=24730"}],"wp:term":[{"taxonomy":"category","embeddable":true,"href":"https:\/\/ermdigital.com\/index.php?rest_route=%2Fwp%2Fv2%2Fcategories&post=24730"},{"taxonomy":"post_tag","embeddable":true,"href":"https:\/\/ermdigital.com\/index.php?rest_route=%2Fwp%2Fv2%2Ftags&post=24730"}],"curies":[{"name":"wp","href":"https:\/\/api.w.org\/{rel}","templated":true}]}}