{"id":24728,"date":"2026-04-24T14:43:27","date_gmt":"2026-04-24T18:43:27","guid":{"rendered":"https:\/\/ermdigital.com\/index.php\/2026\/04\/24\/impacto-mediatico-de-date-2026-reafirma-su-perfil-de-gran-cita-de-negocios-del-turismo-rd\/"},"modified":"2026-04-24T14:43:27","modified_gmt":"2026-04-24T18:43:27","slug":"impacto-mediatico-de-date-2026-reafirma-su-perfil-de-gran-cita-de-negocios-del-turismo-rd","status":"publish","type":"post","link":"https:\/\/ermdigital.com\/?p=24728","title":{"rendered":"Impacto medi\u00e1tico de DATE 2026, reafirma su perfil de Gran Cita de Negocios del Turismo RD"},"content":{"rendered":"<p><strong>La presidenta de ADOMPRETUR, Sarah Hern\u00e1ndez, al tiempo de saludar DATE 2026, felicit\u00f3 la amplia cobertura de los medios y periodistas, lo estructurado de su programa de presentaciones y citas de negocios<\/strong>.<\/p>\n<p><strong>PUNTA CANA.<\/strong> <strong>Dominican Annual Exchange Tourism<\/strong>\u00a0(DATE) 2026, la\u00a0feria tur\u00edstica\u00a0m\u00e1s importante para el sector hotelero \u00a0y su montaje y dinamismo, documentado ampliamente por los medios de comunicaci\u00f3n, las redes sociales y los miembros y directivos de la Asociaci\u00f3n Dominicana de Prensa Tur\u00edstica (ADOMPRETUR).<\/p>\n<p>El encuentro anual de negocios de ASONAHORES ratifica su trascendencia y los medios despliegan sus novedades, ADOMPRETUR celebra su edici\u00f3n 2026 y considera que los medios han cumplido un rol fundamental para sustentar la imagen y el dinamismo de la industria.<\/p>\n<p><a href=\"https:\/\/adompretur.com\/wp-content\/uploads\/2026\/04\/Banreservas-dos-copia.png\"><img decoding=\"async\" loading=\"lazy\" width=\"696\" height=\"381\" src=\"https:\/\/adompretur.com\/wp-content\/uploads\/2026\/04\/Banreservas-dos-copia.png\" class=\"attachment-large size-large\" alt=\"\"><\/a><br \/>\n<a href=\"https:\/\/adompretur.com\/wp-content\/uploads\/2026\/04\/Banreservas-dos.png\"><img decoding=\"async\" loading=\"lazy\" width=\"696\" height=\"381\" src=\"https:\/\/adompretur.com\/wp-content\/uploads\/2026\/04\/Banreservas-dos.png\" class=\"attachment-large size-large\" alt=\"\"><\/a><br \/>\n<a href=\"https:\/\/adompretur.com\/wp-content\/uploads\/2026\/04\/Banreservas-en-Date-2026-copia.png\"><img decoding=\"async\" loading=\"lazy\" width=\"696\" height=\"305\" src=\"https:\/\/adompretur.com\/wp-content\/uploads\/2026\/04\/Banreservas-en-Date-2026-copia-1024x449.png\" class=\"attachment-large size-large\" alt=\"\"><\/a><br \/>\n<a href=\"https:\/\/adompretur.com\/wp-content\/uploads\/2026\/04\/Captura-de-pantalla-2026-04-24-140302-copia.png\"><img decoding=\"async\" loading=\"lazy\" width=\"696\" height=\"366\" src=\"https:\/\/adompretur.com\/wp-content\/uploads\/2026\/04\/Captura-de-pantalla-2026-04-24-140302-copia.png\" class=\"attachment-large size-large\" alt=\"\"><\/a><br \/>\n<a href=\"https:\/\/adompretur.com\/wp-content\/uploads\/2026\/04\/Ejecutivos-turisticos-en-DATE-2026-copia.png\"><img decoding=\"async\" loading=\"lazy\" width=\"696\" height=\"421\" src=\"https:\/\/adompretur.com\/wp-content\/uploads\/2026\/04\/Ejecutivos-turisticos-en-DATE-2026-copia.png\" class=\"attachment-large size-large\" alt=\"\"><\/a><br \/>\n<a href=\"https:\/\/adompretur.com\/wp-content\/uploads\/2026\/04\/Pabellones-y-publico-en-DATE-2026-copia.png\"><img decoding=\"async\" loading=\"lazy\" width=\"696\" height=\"469\" src=\"https:\/\/adompretur.com\/wp-content\/uploads\/2026\/04\/Pabellones-y-publico-en-DATE-2026-copia.png\" class=\"attachment-large size-large\" alt=\"\"><\/a><br \/>\n<a href=\"https:\/\/adompretur.com\/wp-content\/uploads\/2026\/04\/Pabellones-y-publico-en-DATE-2026.png\"><img decoding=\"async\" loading=\"lazy\" width=\"696\" height=\"469\" src=\"https:\/\/adompretur.com\/wp-content\/uploads\/2026\/04\/Pabellones-y-publico-en-DATE-2026.png\" class=\"attachment-large size-large\" alt=\"\"><\/a><br \/>\n<a href=\"https:\/\/adompretur.com\/wp-content\/uploads\/2026\/04\/Presidente-Asonahores-inaugura-Date-2026.png\"><img decoding=\"async\" loading=\"lazy\" width=\"696\" height=\"351\" src=\"https:\/\/adompretur.com\/wp-content\/uploads\/2026\/04\/Presidente-Asonahores-inaugura-Date-2026.png\" class=\"attachment-large size-large\" alt=\"\"><\/a><\/p>\n<p>Sus datos son abrumadores y reflejan la fuerza imparable de la industria:<\/p>\n<p>DATE 2026 (ASONAHORES) \u2014 cifras redondas estimadas<\/p>\n<ul>\n<li><strong>+300 compradores internacionales<\/strong><\/li>\n<li><strong>+120 empresas\/suplidores tur\u00edsticos<\/strong> (stands)<\/li>\n<li><strong>+400 empresas participantes en total<\/strong> (ecosistema tur\u00edstico)<\/li>\n<li><strong>Miles de citas de negocios (\u22488,000 \u2013 9,000)<\/strong> (en l\u00ednea con la tendencia reciente)<\/li>\n<li><strong>Evento de 3 d\u00edas<\/strong> (22\u201324 abril 2026, Punta Cana)<\/li>\n<\/ul>\n<p>Para entender la magnitud (referencia 2025)<\/p>\n<ul>\n<li>+8,300 citas de negocios<\/li>\n<li>\u2248330 compradores internacionales<\/li>\n<li>\u2248280 empresas compradoras\/turoperadores<\/li>\n<li>\u2248120\u2013123 stands<\/li>\n<li>\u2248800+ participantes totales<\/li>\n<\/ul>\n<figure aria-describedby=\"caption-attachment-25731\" class=\"wp-caption aligncenter\"><img decoding=\"async\" loading=\"lazy\" class=\"wp-image-25731\" src=\"https:\/\/adompretur.com\/wp-content\/uploads\/2026\/04\/Captura-de-pantalla-2026-04-24-135720-2.png\" alt=\"\" width=\"417\" height=\"381\"><figcaption class=\"wp-caption-text\">Ejecutivos de Asonahores en la apertura de DATE 2026.<\/figcaption><\/figure>\n<p><strong>DATE 2026<\/strong>: Mantiene escala similar o ligeramente superior a 2025; sigue movi\u00e9ndose en el rango de 8 mil a 9 mil reuniones de negocios y re\u00fane varios cientos de compradores internacionales clave.<\/p>\n<p>Consolida un ecosistema de m\u00e1s de 400 empresas del sector tur\u00edstico dominicano. Es una feria de cientos de empresas, cientos de compradores internacionales y miles de reuniones de negocios, considerada la principal plataforma comercial del turismo dominicano.<\/p>\n<figure aria-describedby=\"caption-attachment-24853\" class=\"wp-caption aligncenter\"><img decoding=\"async\" loading=\"lazy\" class=\"wp-image-24853\" src=\"https:\/\/adompretur.com\/wp-content\/uploads\/2026\/03\/Sarah-Hernandez-2.jpeg\" alt=\"\" width=\"416\" height=\"264\"><figcaption class=\"wp-caption-text\">La presidenta de ADOMPRETUR, Sarah Hern\u00e1ndez.<\/figcaption><\/figure>\n<p>La presidenta de ADOMPRETUR, Sarah Hern\u00e1ndez, al tiempo de saludar DATE 2026, felicit\u00f3 la amplia cobertura de los medios y periodistas, lo estructurado de su programa de presentaciones y citas de negocios.<\/p>\n<p>Resumen (parcial) de publicaciones en torno a <strong>DATE 2026:<\/strong><\/p>\n<\/p>\n<p><a href=\"https:\/\/adompretur.com\/2026\/04\/22\/date-2026-una-cita-de-negocios-que-dinamiza-el-turismo-dominicano\/\" target=\"_blank\" rel=\"nofollow noopener\" data-saferedirecturl=\"https:\/\/www.google.com\/url?q=https:\/\/adompretur.com\/2026\/04\/22\/date-2026-una-cita-de-negocios-que-dinamiza-el-turismo-dominicano\/&amp;source=gmail&amp;ust=1777144544767000&amp;usg=AOvVaw21zJrQWNtEV2OQixFo3PU2\">DATE 2026: una cita de negocios que dinamiza el turismo dominicano | ADOMPRETUR<\/a><\/p>\n<p><a href=\"https:\/\/adompretur.com\/2026\/04\/22\/el-date-2026-marca-un-hito-proyectan-12-millones-de-visitantes-este-ano\/\" target=\"_blank\" rel=\"nofollow noopener\" data-saferedirecturl=\"https:\/\/www.google.com\/url?q=https:\/\/adompretur.com\/2026\/04\/22\/el-date-2026-marca-un-hito-proyectan-12-millones-de-visitantes-este-ano\/&amp;source=gmail&amp;ust=1777144544767000&amp;usg=AOvVaw0T8mipIpKe9dGEyDI1Fdjl\">El DATE 2026 marca un hito: Proyectan 12 millones de visitantes este a\u00f1o | ADOMPRETUR<\/a><\/p>\n<p><a href=\"https:\/\/adompretur.com\/2026\/04\/23\/republica-dominicana-fortalece-su-liderazgo-turistico-en-mercados-clave\/\" target=\"_blank\" rel=\"nofollow noopener\" data-saferedirecturl=\"https:\/\/www.google.com\/url?q=https:\/\/adompretur.com\/2026\/04\/23\/republica-dominicana-fortalece-su-liderazgo-turistico-en-mercados-clave\/&amp;source=gmail&amp;ust=1777144544767000&amp;usg=AOvVaw1R0sthK4ozHpm8-lBo25nV\">Rep\u00fablica Dominicana fortalece su liderazgo tur\u00edstico en mercados clave | ADOMPRETUR<\/a><\/p>\n<p><a href=\"https:\/\/adompretur.com\/2026\/04\/23\/coral-hospitality-corp-expandira-su-oferta-con-nuevas-propiedades-en-rd\/\" target=\"_blank\" rel=\"nofollow noopener\" data-saferedirecturl=\"https:\/\/www.google.com\/url?q=https:\/\/adompretur.com\/2026\/04\/23\/coral-hospitality-corp-expandira-su-oferta-con-nuevas-propiedades-en-rd\/&amp;source=gmail&amp;ust=1777144544767000&amp;usg=AOvVaw2w0iS8OLv5k6v7oIyASNsZ\">Coral Hospitality Corp expandir\u00e1 su oferta con nuevas propiedades en RD | ADOMPRETUR<\/a><\/p>\n<div><a href=\"https:\/\/adompretur.com\/2026\/04\/24\/banreservas-apoya-la-expansion-del-turismo-en-date-2026\/\" target=\"_blank\" rel=\"nofollow noopener\" data-saferedirecturl=\"https:\/\/www.google.com\/url?q=https:\/\/adompretur.com\/2026\/04\/24\/banreservas-apoya-la-expansion-del-turismo-en-date-2026\/&amp;source=gmail&amp;ust=1777144544767000&amp;usg=AOvVaw1uwe3aiYn_wGmw0fcX3NJR\">Banreservas apoya expansi\u00f3n del turismo en DATE 2026 | ADOMPRETUR<\/a><\/div>\n<div dir=\"ltr\"><a href=\"https:\/\/adompretur.com\/2026\/04\/24\/banco-popular-consolida-su-respaldo-al-sector-turismo-durante-date-2026\/\" target=\"_blank\" rel=\"nofollow noopener\" data-saferedirecturl=\"https:\/\/www.google.com\/url?q=https:\/\/adompretur.com\/2026\/04\/24\/banco-popular-consolida-su-respaldo-al-sector-turismo-durante-date-2026\/&amp;source=gmail&amp;ust=1777144544767000&amp;usg=AOvVaw0CMTjw4J-hx198N7BdYvhC\">Banco Popular consolida su respaldo al sector turismo durante DATE 2026 | ADOMPRETUR<\/a><\/div>\n<p><a href=\"https:\/\/www.artripjournal.com\/tag\/date2026\/\">https:\/\/www.artripjournal.com\/tag\/date2026\/<\/a><\/p>\n<p><a href=\"https:\/\/www.arecoa.com\/destinos\/2026\/04\/23\/collado-date-2026-encuentra-al-turismo-de-rd-en-su-mejor-momento\/\">https:\/\/www.arecoa.com\/destinos\/2026\/04\/23\/collado-date-2026-encuentra-al-turismo-de-rd-en-su-mejor-momento\/<\/a><\/p>\n<p><a href=\"https:\/\/deultimominuto.net\/economia\/date-2026-fortalece\/\">https:\/\/deultimominuto.net\/economia\/date-2026-fortalece\/<\/a><\/p>\n<p><a href=\"https:\/\/elnuevodiario.com.do\/banreservas-apuesta-en-date-2026-por-la-diversificacion-del-turismo-dominicano\/#google_vignette\">https:\/\/elnuevodiario.com.do\/banreservas-apuesta-en-date-2026-por-la-diversificacion-del-turismo-dominicano\/#google_vignette<\/a><\/p>\n<p><a href=\"https:\/\/noticias.mitur.gob.do\/noticias\/date-2026-proyecta-nuevas-inversiones-y-expansion-del-turismo-nacional\/\">https:\/\/noticias.mitur.gob.do\/noticias\/date-2026-proyecta-nuevas-inversiones-y-expansion-del-turismo-nacional\/<\/a><\/p>\n<p><a href=\"https:\/\/www.diariolibre.com\/economia\/turismo\/2026\/04\/22\/inauguran-feria-turistica-date-2026-con-mas-de-8000-citas-de-negocios\/3510669\">https:\/\/www.diariolibre.com\/economia\/turismo\/2026\/04\/22\/inauguran-feria-turistica-date-2026-con-mas-de-8000-citas-de-negocios\/3510669<\/a><\/p>\n<p><a href=\"https:\/\/www.infobae.com\/republica-dominicana\/2026\/04\/22\/el-sector-turistico-de-republica-dominicana-consolida-su-crecimiento-internacional-en-date-2026\/\">https:\/\/www.infobae.com\/republica-dominicana\/2026\/04\/22\/el-sector-turistico-de-republica-dominicana-consolida-su-crecimiento-internacional-en-date-2026\/<\/a><\/p>\n<p><a href=\"https:\/\/www.infobae.com\/republica-dominicana\/2026\/04\/22\/el-sector-turistico-de-republica-dominicana-consolida-su-crecimiento-internacional-en-date-2026\/\">https:\/\/www.infobae.com\/republica-dominicana\/2026\/04\/22\/el-sector-turistico-de-republica-dominicana-consolida-su-crecimiento-internacional-en-date-2026\/<\/a><\/p>\n<p><a href=\"https:\/\/noticiassin.com\/pais\/turismo\/2026\/04\/22\/david-collado-inaugura-date-2026-y-destaca-auge-turistico-rd-1984503\/\">https:\/\/noticiassin.com\/pais\/turismo\/2026\/04\/22\/david-collado-inaugura-date-2026-y-destaca-auge-turistico-rd-1984503\/<\/a><\/p>\n<p><a href=\"https:\/\/resumenturismo.com\/tag\/date-2026\/\">https:\/\/resumenturismo.com\/tag\/date-2026\/<\/a><\/p>\n<p><a href=\"https:\/\/www.dailymotion.com\/video\/xa6cftc\">https:\/\/www.dailymotion.com\/video\/xa6cftc<\/a><\/p>\n<p><a href=\"https:\/\/almomento.net\/asonahores-inicia-date-2026-destaca-crecimiento-turismo-rd\/\">https:\/\/almomento.net\/asonahores-inicia-date-2026-destaca-crecimiento-turismo-rd\/<\/a><\/p>\n<p><a href=\"https:\/\/diariodigitalrd.com\/2026\/04\/22\/inauguran-date-2026-con-alerta-turismo-crece-con-desafios-estructurales.html\/\">https:\/\/diariodigitalrd.com\/2026\/04\/22\/inauguran-date-2026-con-alerta-turismo-crece-con-desafios-estructurales.html\/<\/a><\/p>\n<p><a href=\"https:\/\/elnacional.com.do\/mas-de-8000-citas-de-negocios-en-date-2026\/\">https:\/\/elnacional.com.do\/mas-de-8000-citas-de-negocios-en-date-2026\/<\/a><\/p>\n<p><a href=\"https:\/\/elnacional.com.do\/mas-de-8000-citas-de-negocios-en-date-2026\/\">https:\/\/elnacional.com.do\/mas-de-8000-citas-de-negocios-en-date-2026\/<\/a><\/p>\n<p><a href=\"https:\/\/bavarodigital.net\/asonahores-lidera-apertura-de-date-2026-con-enfoque-en-crecimiento-y-desafios-del-turismo\/\">https:\/\/bavarodigital.net\/asonahores-lidera-apertura-de-date-2026-con-enfoque-en-crecimiento-y-desafios-del-turismo\/<\/a><\/p>\n<p><a href=\"https:\/\/7dias.com.do\/2026\/04\/23\/banreservas-apuesta-en-date-2026-por-la-diversificacion-del-turismo-dominicano\/\">https:\/\/7dias.com.do\/2026\/04\/23\/banreservas-apuesta-en-date-2026-por-la-diversificacion-del-turismo-dominicano\/<\/a><\/p>\n<p><a href=\"https:\/\/eldinero.com.do\/362728\/asonahores-inaugura-date-2026-destacando-crecimiento-empleo-y-retos-clave-del-turismo\/\">https:\/\/eldinero.com.do\/362728\/asonahores-inaugura-date-2026-destacando-crecimiento-empleo-y-retos-clave-del-turismo\/<\/a><\/p>\n<p><a href=\"https:\/\/www.elcaribe.com.do\/panorama\/dinero\/banreservas-apuesta-en-date-2026-por-la-diversificacion-del-turismo-dominicano\/\">https:\/\/www.elcaribe.com.do\/panorama\/dinero\/banreservas-apuesta-en-date-2026-por-la-diversificacion-del-turismo-dominicano\/<\/a><\/p>\n<p><a href=\"https:\/\/www.ladevi.info\/negocios\/dominican-annual-tourism-exchange-date-la-edicion-2026-dinamiza-el-turismo-republica-dominicana-n99268\">https:\/\/www.ladevi.info\/negocios\/dominican-annual-tourism-exchange-date-la-edicion-2026-dinamiza-el-turismo-republica-dominicana-n99268<\/a><\/p>\n<p><a href=\"https:\/\/acento.com.do\/turismo\/hyatt-suma-dos-nuevos-resorts-en-punta-cana-en-2026-y-apunta-a-20000-habitaciones-en-el-pais-9665706.html\">https:\/\/acento.com.do\/turismo\/hyatt-suma-dos-nuevos-resorts-en-punta-cana-en-2026-y-apunta-a-20000-habitaciones-en-el-pais-9665706.html<\/a><\/p>\n<p><a href=\"https:\/\/acento.com.do\/turismo\/asonahores-se-alia-con-portal-privado-de-empleo-para-cubrir-vacantes-en-hoteles-y-servicios-9665603.html\">https:\/\/acento.com.do\/turismo\/asonahores-se-alia-con-portal-privado-de-empleo-para-cubrir-vacantes-en-hoteles-y-servicios-9665603.html<\/a><\/p>\n<p><a href=\"https:\/\/acento.com.do\/turismo\/asonahores-pide-acelerar-el-ordenamiento-territorial-y-regular-la-renta-corta-para-un-crecimiento-turistico-con-responsabilidad-2-9666340.html\">https:\/\/acento.com.do\/turismo\/asonahores-pide-acelerar-el-ordenamiento-territorial-y-regular-la-renta-corta-para-un-crecimiento-turistico-con-responsabilidad-2-9666340.html<\/a><\/p>\n<p><a href=\"https:\/\/diariodigitalrd.com\/2026\/04\/22\/inauguran-date-2026-con-alerta-turismo-crece-con-desafios-estructurales.html\/\">Ina https:\/\/acento.com.do\/turismo\/impulsa-el-sello-qualitur-la-competitividad-del-turismo-dominicano-en-el-mercado-internacional-9665238.htmluguran DATE 2026 con alerta turismo crece con desaf\u00edos estructurales\u00a0 | DiarioDigitalRD<\/a><\/p>\n<p><a href=\"https:\/\/www.hosteltur.com\/174891_date-2026-refuerza-su-papel-como-principal-plataforma-de-negocios-turisticos-de-republica-dominicana.html\">https:\/\/www.hosteltur.com\/174891_date-2026-refuerza-su-papel-como-principal-plataforma-de-negocios-turisticos-de-republica-dominicana.html<\/a><\/p>\n<p><a href=\"https:\/\/recorriendoconsalvador.com\/2026\/04\/22\/hoy-inicia-date-2026-con-grandes-expectativas\/\">https:\/\/recorriendoconsalvador.com\/2026\/04\/22\/hoy-inicia-date-2026-con-grandes-expectativas\/<\/a><\/p>\n<p><a href=\"https:\/\/puntacana-bavaro.com\/editorial\/editorial-date-2026-mostrara-el-exitoso-presente-del-turismo-dominicano\/\">https:\/\/puntacana-bavaro.com\/editorial\/editorial-date-2026-mostrara-el-exitoso-presente-del-turismo-dominicano\/<\/a><\/p>\n<p><a href=\"https:\/\/www.artripjournal.com\/tag\/date2026\/\">https:\/\/www.artripjournal.com\/tag\/date2026\/<\/a><\/p>\n<p><u><a href=\"https:\/\/www.diariolibre.com\/revista\/sociales\/2026\/02\/25\/asonahores-anuncia-detalles-del-date-2026\/3448955?utm_source=relacionadas&amp;utm_medium=nota&amp;utm_campaign=relacionadas\">Asonahores revela detalles sobre el Date 2026<\/a><\/u><\/p>\n<p><u><a href=\"https:\/\/www.diariolibre.com\/economia\/turismo\/2026\/03\/05\/deficit-de-personal-calificado-en-turismo-por-crecimiento-hotelero\/3458682?utm_source=relacionadas&amp;utm_medium=nota&amp;utm_campaign=relacionadas\">Crecimiento hotelero en la regi\u00f3n este genera d\u00e9ficit de personal calificado en el sector tur\u00edstico<\/a><\/u><\/p>\n<p>La entrada <a href=\"https:\/\/adompretur.com\/2026\/04\/24\/impacto-mediatico-de-date-2026-reafirma-su-perfil-de-gran-cita-de-negocios-del-turismo-rd\/\">Impacto medi\u00e1tico de DATE 2026, reafirma su perfil de Gran Cita de Negocios del Turismo RD<\/a> se public\u00f3 primero en <a href=\"https:\/\/adompretur.com\/\">ADOMPRETUR<\/a>.<\/p>\n<p>\u200bLa presidenta de ADOMPRETUR, Sarah Hern\u00e1ndez, al tiempo de saludar DATE 2026, felicit\u00f3 la amplia cobertura de los medios y periodistas, lo estructurado de su programa de presentaciones y citas de negocios. PUNTA CANA. Dominican Annual Exchange Tourism\u00a0(DATE) 2026, la\u00a0feria tur\u00edstica\u00a0m\u00e1s importante para el sector hotelero \u00a0y su montaje y dinamismo, documentado ampliamente por los<br \/>\nLa entrada Impacto medi\u00e1tico de DATE 2026, reafirma su perfil de Gran Cita de Negocios del Turismo RD se public\u00f3 primero en ADOMPRETUR.\u00a0\u00a0Noticias, portada, DATE 2026, IMPACTO MEDIATICO\u00a0<\/p>\n","protected":false},"excerpt":{"rendered":"<p>La presidenta de ADOMPRETUR, Sarah Hern\u00e1ndez, al tiempo de saludar DATE 2026, felicit\u00f3 la amplia cobertura de los medios y periodistas, lo estructurado de su programa de presentaciones y citas de negocios. PUNTA CANA. Dominican Annual Exchange Tourism\u00a0(DATE) 2026, la\u00a0feria tur\u00edstica\u00a0m\u00e1s importante para el sector hotelero \u00a0y su montaje y dinamismo, documentado ampliamente por los [&hellip;]<\/p>\n","protected":false},"author":1,"featured_media":24729,"comment_status":"open","ping_status":"open","sticky":false,"template":"","format":"standard","meta":{"amp_status":"","footnotes":""},"categories":[9],"tags":[],"class_list":["post-24728","post","type-post","status-publish","format-standard","has-post-thumbnail","hentry","category-espectaculo"],"_links":{"self":[{"href":"https:\/\/ermdigital.com\/index.php?rest_route=\/wp\/v2\/posts\/24728","targetHints":{"allow":["GET"]}}],"collection":[{"href":"https:\/\/ermdigital.com\/index.php?rest_route=\/wp\/v2\/posts"}],"about":[{"href":"https:\/\/ermdigital.com\/index.php?rest_route=\/wp\/v2\/types\/post"}],"author":[{"embeddable":true,"href":"https:\/\/ermdigital.com\/index.php?rest_route=\/wp\/v2\/users\/1"}],"replies":[{"embeddable":true,"href":"https:\/\/ermdigital.com\/index.php?rest_route=%2Fwp%2Fv2%2Fcomments&post=24728"}],"version-history":[{"count":0,"href":"https:\/\/ermdigital.com\/index.php?rest_route=\/wp\/v2\/posts\/24728\/revisions"}],"wp:featuredmedia":[{"embeddable":true,"href":"https:\/\/ermdigital.com\/index.php?rest_route=\/wp\/v2\/media\/24729"}],"wp:attachment":[{"href":"https:\/\/ermdigital.com\/index.php?rest_route=%2Fwp%2Fv2%2Fmedia&parent=24728"}],"wp:term":[{"taxonomy":"category","embeddable":true,"href":"https:\/\/ermdigital.com\/index.php?rest_route=%2Fwp%2Fv2%2Fcategories&post=24728"},{"taxonomy":"post_tag","embeddable":true,"href":"https:\/\/ermdigital.com\/index.php?rest_route=%2Fwp%2Fv2%2Ftags&post=24728"}],"curies":[{"name":"wp","href":"https:\/\/api.w.org\/{rel}","templated":true}]}}