{"id":24724,"date":"2026-04-24T15:34:20","date_gmt":"2026-04-24T19:34:20","guid":{"rendered":"https:\/\/ermdigital.com\/index.php\/2026\/04\/24\/panaca-rd-ofrecio-recorrido-experiencial-en-date-2026\/"},"modified":"2026-04-24T15:34:20","modified_gmt":"2026-04-24T19:34:20","slug":"panaca-rd-ofrecio-recorrido-experiencial-en-date-2026","status":"publish","type":"post","link":"https:\/\/ermdigital.com\/?p=24724","title":{"rendered":"Panaca RD ofreci\u00f3 recorrido experiencial en DATE 2026"},"content":{"rendered":"<p><em>Jorge Ballen, presidente de Panaca Rep\u00fablica Dominicana, destac\u00f3 la importancia de generar espacios que fomenten la interacci\u00f3n entre los distintos actores del sector, al tiempo que promuevan propuestas innovadoras que fortalezcan la competitividad del destino dominicano.<\/em><\/p>\n<p>Por su enfoque en el turismo experiencial, educativo y sostenible, Panaca Rep\u00fablica Dominicana se ha posicionado como un espacio fant\u00e1stico que integra la cultura rural, la interacci\u00f3n con la naturaleza y el entretenimiento familiar, ofreciendo a los hu\u00e9spedes\u00a0 vivencias aut\u00e9nticas que resaltan la esencia del campo y la identidad dominicana.<\/p>\n<p>En ese contexto, el parque fue el escenario de la preapertura oficial de la feria Dominican Annual Tourism Exchange (DATE) 2026, reafirmando su apuesta por el turismo experiencial como valor diferenciador dentro de la oferta tur\u00edstica nacional.<\/p>\n<p>Esta actividad form\u00f3 parte de la agenda previa de la actividad organizada por la Asociaci\u00f3n de Hoteles y Turismo de la Rep\u00fablica Dominicana (Asonahores), considerado el principal encuentro de negocios del sector tur\u00edstico del pa\u00eds, donde convergen tour operadores, agencias de viajes, aerol\u00edneas, cadenas hoteleras e inversionistas internacionales.<\/p>\n<p><img loading=\"lazy\" decoding=\"async\" class=\"alignnone size-medium wp-image-25741\" src=\"https:\/\/adompretur.com\/wp-content\/uploads\/2026\/04\/Panaca-RD-Date-2026-300x200.jpeg\" alt=\"\" width=\"300\" height=\"200\"><\/p>\n<p><em>Ejecutivos de Panaca junto a directivos de Asonahores. Fuente externa\u00a0<\/em><\/p>\n<p data-start=\"814\" data-end=\"1108\">Durante el encuentro, Jorge Ballen, presidente de Panaca Rep\u00fablica Dominicana, destac\u00f3 la importancia de generar espacios que fomenten la interacci\u00f3n entre los distintos actores del sector, al tiempo que promuevan propuestas innovadoras que fortalezcan la competitividad del destino dominicano.<\/p>\n<p data-start=\"1110\" data-end=\"1484\">La actividad cont\u00f3 con la participaci\u00f3n de representantes del Ministerio de Turismo, directivos de Asonahores, ejecutivos del Banco BHD, la agencia de turoperaci\u00f3n Amstar, as\u00ed como una amplia delegaci\u00f3n de prensa nacional e internacional que dio cobertura a la feria que culmina este viernes 24 de abril.<\/p>\n<p data-start=\"1486\" data-end=\"1735\"><strong>Recorrido interactivo <\/strong><\/p>\n<p>Como parte de la experiencia, Panaca RD ofreci\u00f3 a los invitados una propuesta inmersiva que combin\u00f3 cultura, entretenimiento y hospitalidad, resaltando el potencial del turismo vivencial como eje clave para diversificar la oferta tur\u00edstica del pa\u00eds.<\/p>\n<p data-start=\"1737\" data-end=\"2007\">Los asistentes realizaron un recorrido interactivo por las instalaciones del parque, incluyendo sus aulas vivas, exhibiciones en el Ovej\u00f3domo y el espect\u00e1culo insignia <em data-start=\"1905\" data-end=\"1926\">Traves\u00eda World Show<\/em>, considerada una de las producciones ecuestres m\u00e1s destacadas de Am\u00e9rica Latina.<\/p>\n<p data-start=\"2009\" data-end=\"2231\">La jornada concluy\u00f3 con la tradicional Fiesta Dominicana, amenizada por presentaciones art\u00edsticas y m\u00fasica en vivo, junto a una muestra gastron\u00f3mica en el Restaurante Trapiche, que puso en valor la riqueza gastron\u00f3mica del pa\u00eds.<\/p>\n<p data-start=\"2233\" data-end=\"2525\">\n<p>La entrada <a href=\"https:\/\/adompretur.com\/2026\/04\/24\/panaca-rd-ofrecio-recorrido-experiencial-en-date-2026\/\">Panaca RD ofreci\u00f3 recorrido experiencial en DATE 2026<\/a> se public\u00f3 primero en <a href=\"https:\/\/adompretur.com\/\">ADOMPRETUR<\/a>.<\/p>\n<p>\u200bJorge Ballen, presidente de Panaca Rep\u00fablica Dominicana, destac\u00f3 la importancia de generar espacios que fomenten la interacci\u00f3n entre los distintos actores del sector, al tiempo que promuevan propuestas innovadoras que fortalezcan la competitividad del destino dominicano. Por su enfoque en el turismo experiencial, educativo y sostenible, Panaca Rep\u00fablica Dominicana se ha posicionado como un espacio<br \/>\nLa entrada Panaca RD ofreci\u00f3 recorrido experiencial en DATE 2026 se public\u00f3 primero en ADOMPRETUR.\u00a0\u00a0Cultura y Turismo, Destinos, Eventos, Gastronom\u00eda, RD\u00a0<\/p>\n","protected":false},"excerpt":{"rendered":"<p>Jorge Ballen, presidente de Panaca Rep\u00fablica Dominicana, destac\u00f3 la importancia de generar espacios que fomenten la interacci\u00f3n entre los distintos actores del sector, al tiempo que promuevan propuestas innovadoras que fortalezcan la competitividad del destino dominicano. Por su enfoque en el turismo experiencial, educativo y sostenible, Panaca Rep\u00fablica Dominicana se ha posicionado como un espacio [&hellip;]<\/p>\n","protected":false},"author":1,"featured_media":24725,"comment_status":"open","ping_status":"open","sticky":false,"template":"","format":"standard","meta":{"amp_status":"","footnotes":""},"categories":[9],"tags":[],"class_list":["post-24724","post","type-post","status-publish","format-standard","has-post-thumbnail","hentry","category-espectaculo"],"_links":{"self":[{"href":"https:\/\/ermdigital.com\/index.php?rest_route=\/wp\/v2\/posts\/24724","targetHints":{"allow":["GET"]}}],"collection":[{"href":"https:\/\/ermdigital.com\/index.php?rest_route=\/wp\/v2\/posts"}],"about":[{"href":"https:\/\/ermdigital.com\/index.php?rest_route=\/wp\/v2\/types\/post"}],"author":[{"embeddable":true,"href":"https:\/\/ermdigital.com\/index.php?rest_route=\/wp\/v2\/users\/1"}],"replies":[{"embeddable":true,"href":"https:\/\/ermdigital.com\/index.php?rest_route=%2Fwp%2Fv2%2Fcomments&post=24724"}],"version-history":[{"count":0,"href":"https:\/\/ermdigital.com\/index.php?rest_route=\/wp\/v2\/posts\/24724\/revisions"}],"wp:featuredmedia":[{"embeddable":true,"href":"https:\/\/ermdigital.com\/index.php?rest_route=\/wp\/v2\/media\/24725"}],"wp:attachment":[{"href":"https:\/\/ermdigital.com\/index.php?rest_route=%2Fwp%2Fv2%2Fmedia&parent=24724"}],"wp:term":[{"taxonomy":"category","embeddable":true,"href":"https:\/\/ermdigital.com\/index.php?rest_route=%2Fwp%2Fv2%2Fcategories&post=24724"},{"taxonomy":"post_tag","embeddable":true,"href":"https:\/\/ermdigital.com\/index.php?rest_route=%2Fwp%2Fv2%2Ftags&post=24724"}],"curies":[{"name":"wp","href":"https:\/\/api.w.org\/{rel}","templated":true}]}}