{"id":24606,"date":"2026-04-26T05:53:00","date_gmt":"2026-04-26T09:53:00","guid":{"rendered":"https:\/\/ermdigital.com\/index.php\/2026\/04\/26\/carlos-batista-matos-recibe-emotivo-homenaje-en-ultima-misa-memorial\/"},"modified":"2026-04-26T05:53:00","modified_gmt":"2026-04-26T09:53:00","slug":"carlos-batista-matos-recibe-emotivo-homenaje-en-ultima-misa-memorial","status":"publish","type":"post","link":"https:\/\/ermdigital.com\/?p=24606","title":{"rendered":"Carlos Batista Matos recibe emotivo homenaje en \u00faltima misa memorial"},"content":{"rendered":"<p>Las l\u00e1grimas y la emoci\u00f3n marcaron la <strong>\u00faltima misa<\/strong> en memoria del reconocido periodista y productor de televisi\u00f3n <strong>Carlos Batista Matos<\/strong>, celebrada la noche de este s\u00e1bado 25 de abril en la <strong>parroquia San Judas Tadeo<\/strong>, ubicada en el sector Naco, Distrito Nacional.<\/p>\n<p><strong>Familiares<\/strong>, amigos y figuras del medio art\u00edstico y period\u00edstico se reunieron para rendir tributo al comunicador, recordado como \u201c<strong>El m\u00e1s caro<\/strong> de la\u00a0<strong>televisi\u00f3n dominicana<\/strong>\u201d, t\u00edtulo con el que \u00e9l mismo se identificaba durante su exitosa trayectoria en los medios nacionales.<\/p>\n<p>La misa fue organizada por sus <strong>familiares<\/strong>, entre ellos sus hijos, as\u00ed como por sus exparejas\u00a0<strong>Belkis Concepci\u00f3n<\/strong> y <strong>Carolina Valenzuela<\/strong>, quienes acompa\u00f1aron durante a\u00f1os al veterano comunicador.<\/p>\n<ul>\n<li>El <strong>recordatorio entregado<\/strong> a los presentes consisti\u00f3 en una corbata con una cruz, sello que lo identific\u00f3 en toda su carrera. El <strong>padre Eulogio<\/strong>, durante el oficio de la ceremonia religiosa, se refiri\u00f3 a la calidad humana del comunicador que por d\u00e9cadas fue el conductor del programa \"Con los famosos\" por Color Visi\u00f3n, canal 9.<\/li>\n<li>Adem\u00e1s, fue el creador del Bulevar de las Estrellas.<\/li>\n<\/ul>\n<figure class=\"inline-block\">\n<div class=\"expand-img-placeholder\"><img loading=\"lazy\" decoding=\"async\" src=\"https:\/\/resources.diariolibre.com\/images\/expand.svg\" alt=\"Expandir imagen\" width=\"20\" height=\"20\"><span class=\"rutaimagenoriginal-placeholder\">https:\/\/resources.diariolibre.com\/images\/2026\/04\/26\/d9248f9d-f4ba-425d-a64f-adc5f6f01b25-8019fa11.jpeg<\/span><\/div>\n<p><img decoding=\"async\" loading=\"lazy\" src=\"https:\/\/resources.diariolibre.com\/images\/2026\/04\/26\/d9248f9d-f4ba-425d-a64f-adc5f6f01b25-8019fa11.jpeg\" width=\"auto\" height=\"350\" alt=\"Infograf\u00eda\" class=\"mx-auto\"><figcaption><span>Imagen del recordatorio en forma de corbata entregado a los presentes durante la misa.<\/span><span> (<strong>FUENTE EXTERNA<\/strong>)<\/span><\/figcaption><\/figure>\n<p>Uno de los momentos m\u00e1s llamativos al cierre de la actividad fue la entrega de un <strong>souvenir conmemorativo<\/strong> consistente en una <strong>mini corbata<\/strong> en relieve acompa\u00f1ada de un <strong>mensaje cristiano<\/strong>. Batista Matos era conocido por su elegancia y estilo particular.<\/p>\n<p>Sus <strong>familiares<\/strong> <strong>Carolina Valenzuela<\/strong>, <strong>Belkis Concepci\u00f3n<\/strong>, Carla Batista, V\u00edctor Minaya, Fausto Parra y otros <strong>familiares<\/strong> mostraron su pesar.\u00a0<strong>Carlos Batista Matos<\/strong> <strong>falleci\u00f3<\/strong> el pasado 13 de abril de 2026, noticia que provoc\u00f3 gran <strong>consternaci\u00f3n<\/strong> en el mundo art\u00edstico, period\u00edstico y televisivo de la Rep\u00fablica Dominicana.<\/p>\n<div class=\"w-full pt-2 float-left inside-related\">    <span class=\"border-b border-black pb-3 mb-4 block\"><strong>RELACIONADAS<\/strong><\/span>                <\/p>\n<article class=\"flex flex-wrap border-b pb-4 mb-3 inline-block\">\n<div class=\"xl:w-2\/12 w-4\/12\">\n<figure class=\"mb-0\">                                                    <a href=\"https:\/\/www.diariolibre.com\/revista\/cultura\/2026\/04\/16\/sepultan-restos-de-carlos-batista\/3504785?utm_source=relacionadas&amp;utm_medium=nota&amp;utm_campaign=relacionadas\" title=\"                                                                                                                            \">                                                                <img decoding=\"async\" loading=\"lazy\" src=\"https:\/\/resources.diariolibre.com\/images\/2026\/04\/16\/sepultan-restos-de-carlos-batista-61ac360e-focus-min0.01-min0.21-149-99.jpg\" width=\"149\" height=\"99\" title=\"Dan el \u00faltimo adi\u00f3s a Carlos Batista y recuerdan su legado\" alt=\"Dan el \u00faltimo adi\u00f3s a Carlos Batista y recuerdan su legado\" class=\"object-cover\">                                                            <\/a>                                            <\/figure>\n<\/p><\/div>\n<div class=\"xl:w-10\/12 w-8\/12 pl-3\">\n<div class=\"text-md mb-2 meta\">                        <a href=\"https:\/\/www.diariolibre.com\/revista\/cultura\" title=\"Cultura\">Cultura<\/a>                    <\/div>\n<h2><a href=\"https:\/\/www.diariolibre.com\/revista\/cultura\/2026\/04\/16\/sepultan-restos-de-carlos-batista\/3504785?utm_source=relacionadas&amp;utm_medium=nota&amp;utm_campaign=relacionadas\" title=\"Dan el \u00faltimo adi\u00f3s a Carlos Batista y recuerdan su legado\">Dan el \u00faltimo adi\u00f3s a Carlos Batista y recuerdan su legado<\/a><\/h2>\n<\/p><\/div>\n<\/article>\n<article class=\"flex flex-wrap border-b pb-4 mb-3 inline-block\">\n<div class=\"xl:w-2\/12 w-4\/12\">\n<figure class=\"mb-0\">                                                    <a href=\"https:\/\/www.diariolibre.com\/revista\/musica\/2026\/04\/15\/anthony-santos-despide-a-carlos-batista-matos\/3503129?utm_source=relacionadas&amp;utm_medium=nota&amp;utm_campaign=relacionadas\" title=\"                                                                                                                            \">                                                                <img decoding=\"async\" loading=\"lazy\" src=\"https:\/\/resources.diariolibre.com\/images\/2026\/04\/15\/anthony-santos-despide-a-carlos-batista-matos-bf257410-focus-min0.06-0.47-149-99.jpg\" width=\"149\" height=\"99\" title=\"Anthony Santos despide a Carlos Batista Matos con emotivo mensaje\" alt=\"Anthony Santos despide a Carlos Batista Matos con emotivo mensaje\" class=\"object-cover\">                                                            <\/a>                                            <\/figure>\n<\/p><\/div>\n<div class=\"xl:w-10\/12 w-8\/12 pl-3\">\n<div class=\"text-md mb-2 meta\">                        <a href=\"https:\/\/www.diariolibre.com\/revista\/musica\" title=\"M\u00fasica\">M\u00fasica<\/a>                    <\/div>\n<h2><a href=\"https:\/\/www.diariolibre.com\/revista\/musica\/2026\/04\/15\/anthony-santos-despide-a-carlos-batista-matos\/3503129?utm_source=relacionadas&amp;utm_medium=nota&amp;utm_campaign=relacionadas\" title=\"Anthony Santos despide a Carlos Batista Matos con emotivo mensaje\">Anthony Santos despide a Carlos Batista Matos con emotivo mensaje<\/a><\/h2>\n<\/p><\/div>\n<\/article><\/div>\n<p>Al\u00a0<strong>homenaje<\/strong>\u00a0asistieron\u00a0<strong>personalidades<\/strong>\u00a0del \u00e1mbito de la comunicaci\u00f3n y la\u00a0<strong>producci\u00f3n televisiva<\/strong>.<\/p>\n<figure class=\"inline-block\">\n<div class=\"expand-img-placeholder\"><img loading=\"lazy\" decoding=\"async\" src=\"https:\/\/resources.diariolibre.com\/images\/expand.svg\" alt=\"Expandir imagen\" width=\"20\" height=\"20\"><span class=\"rutaimagenoriginal-placeholder\">https:\/\/resources.diariolibre.com\/images\/2026\/04\/26\/carlos-batista-matos-2-353ee9c8.jpg<\/span><\/div>\n<p><img decoding=\"async\" loading=\"lazy\" src=\"https:\/\/resources.diariolibre.com\/images\/2026\/04\/26\/carlos-batista-matos-2-353ee9c8.jpg\" width=\"auto\" height=\"350\" alt=\"Infograf\u00eda\" class=\"mx-auto\"><figcaption><span>El comunicador Carlos Batista Matos.<\/span><span> (<strong>FUENTE EXTERNA<\/strong>)<\/span><\/figcaption><\/figure>\n<p><strong>Carlos Batista Matos<\/strong>\u00a0fue sepultado el pasado 16 de abril en el\u00a0<strong>cementerio Puerta del Cielo<\/strong>, en La Cuaba, municipio Pedro Brand, donde\u00a0<strong>familiares<\/strong>\u00a0y amigos colocaron decenas de <strong>corbatas<\/strong> sobre su ata\u00fad como parte de las honras f\u00fanebres.<\/p>\n<p>Adem\u00e1s de su trayectoria en los medios, Batista Matos tambi\u00e9n tuvo participaci\u00f3n en la vida p\u00fablica como <strong>exregidor del PRD<\/strong>, raz\u00f3n por la cual recibi\u00f3\u00a0<strong>homenajes institucionales<\/strong>\u00a0por parte del Ayuntamiento del Distrito Nacional.<\/p>\n<p>Su\u00a0<strong>partida<\/strong>\u00a0ha generado numerosas muestras de cari\u00f1o y reconocimiento, dejando un <strong>vac\u00edo<\/strong> en la <strong>comunicaci\u00f3n dominicana<\/strong> y en varias generaciones de televidentes que siguieron su carrera durante d\u00e9cadas.<\/p>\n<p>\u200bLas l\u00e1grimas y la emoci\u00f3n marcaron la \u00faltima misa en memoria del reconocido periodista y productor de televisi\u00f3n Carlos Batista Matos, celebrada la noche de este s\u00e1bado 25 de abril en la parroquia San Judas Tadeo, ubicada en el sector Naco, Distrito Nacional.Familiares, amigos y figuras del medio art\u00edstico y period\u00edstico se reunieron para rendir tributo al comunicador, recordado como \u201cEl m\u00e1s caro de la\u00a0televisi\u00f3n dominicana\u201d, t\u00edtulo con el que \u00e9l mismo se identificaba durante su exitosa trayectoria en los medios nacionales.La misa fue organizada por sus familiares, entre ellos sus hijos, as\u00ed como por sus exparejas\u00a0Belkis Concepci\u00f3n y Carolina Valenzuela, quienes acompa\u00f1aron durante a\u00f1os al veterano comunicador.    El recordatorio entregado a los presentes consisti\u00f3 en una corbata con una cruz, sello que lo identific\u00f3 en toda su carrera. El padre Eulogio, durante el oficio de la ceremonia religiosa, se refiri\u00f3 a la calidad humana del comunicador que por d\u00e9cadas fue el conductor del programa \"Con los famosos\" por Color Visi\u00f3n, canal 9.    Adem\u00e1s, fue el creador del Bulevar de las Estrellas.https:\/\/resources.diariolibre.com\/images\/2026\/04\/26\/d9248f9d-f4ba-425d-a64f-adc5f6f01b25-8019fa11.jpegImagen del recordatorio en forma de corbata entregado a los presentes durante la misa. (FUENTE EXTERNA)Uno de los momentos m\u00e1s llamativos al cierre de la actividad fue la entrega de un souvenir conmemorativo consistente en una mini corbata en relieve acompa\u00f1ada de un mensaje cristiano. Batista Matos era conocido por su elegancia y estilo particular.Sus familiares Carolina Valenzuela, Belkis Concepci\u00f3n, Carla Batista, V\u00edctor Minaya, Fausto Parra y otros familiares mostraron su pesar.\u00a0Carlos Batista Matos falleci\u00f3 el pasado 13 de abril de 2026, noticia que provoc\u00f3 gran consternaci\u00f3n en el mundo art\u00edstico, period\u00edstico y televisivo de la Rep\u00fablica Dominicana.    RELACIONADAS                                                                                                                                                                                                                                                                                                                                                            Cultura                                        Dan el \u00faltimo adi\u00f3s a Carlos Batista y recuerdan su legado                                                                                                                                                                                                                                                                                                                                                                                            M\u00fasica                                        Anthony Santos despide a Carlos Batista Matos con emotivo mensaje                                    Al\u00a0homenaje\u00a0asistieron\u00a0personalidades\u00a0del \u00e1mbito de la comunicaci\u00f3n y la\u00a0producci\u00f3n televisiva.https:\/\/resources.diariolibre.com\/images\/2026\/04\/26\/carlos-batista-matos-2-353ee9c8.jpgEl comunicador Carlos Batista Matos. (FUENTE EXTERNA)Carlos Batista Matos\u00a0fue sepultado el pasado 16 de abril en el\u00a0cementerio Puerta del Cielo, en La Cuaba, municipio Pedro Brand, donde\u00a0familiares\u00a0y amigos colocaron decenas de corbatas sobre su ata\u00fad como parte de las honras f\u00fanebres.Adem\u00e1s de su trayectoria en los medios, Batista Matos tambi\u00e9n tuvo participaci\u00f3n en la vida p\u00fablica como exregidor del PRD, raz\u00f3n por la cual recibi\u00f3\u00a0homenajes institucionales\u00a0por parte del Ayuntamiento del Distrito Nacional.Su\u00a0partida\u00a0ha generado numerosas muestras de cari\u00f1o y reconocimiento, dejando un vac\u00edo en la comunicaci\u00f3n dominicana y en varias generaciones de televidentes que siguieron su carrera durante d\u00e9cadas.\u00a0\u00a0Revista, Cultura, Diario Libre, Santo Domingo, Homenaje, Carlos Batista Matos, misa memorial, parroquia San Judas Tadeo\u00a0<\/p>\n","protected":false},"excerpt":{"rendered":"<p>Las l\u00e1grimas y la emoci\u00f3n marcaron la \u00faltima misa en memoria del reconocido periodista y productor de televisi\u00f3n Carlos Batista Matos, celebrada la noche de este s\u00e1bado 25 de abril en la parroquia San Judas Tadeo, ubicada en el sector Naco, Distrito Nacional. Familiares, amigos y figuras del medio art\u00edstico y period\u00edstico se reunieron para [&hellip;]<\/p>\n","protected":false},"author":1,"featured_media":24473,"comment_status":"open","ping_status":"open","sticky":false,"template":"","format":"standard","meta":{"amp_status":"","footnotes":""},"categories":[9],"tags":[],"class_list":["post-24606","post","type-post","status-publish","format-standard","has-post-thumbnail","hentry","category-espectaculo"],"_links":{"self":[{"href":"https:\/\/ermdigital.com\/index.php?rest_route=\/wp\/v2\/posts\/24606","targetHints":{"allow":["GET"]}}],"collection":[{"href":"https:\/\/ermdigital.com\/index.php?rest_route=\/wp\/v2\/posts"}],"about":[{"href":"https:\/\/ermdigital.com\/index.php?rest_route=\/wp\/v2\/types\/post"}],"author":[{"embeddable":true,"href":"https:\/\/ermdigital.com\/index.php?rest_route=\/wp\/v2\/users\/1"}],"replies":[{"embeddable":true,"href":"https:\/\/ermdigital.com\/index.php?rest_route=%2Fwp%2Fv2%2Fcomments&post=24606"}],"version-history":[{"count":0,"href":"https:\/\/ermdigital.com\/index.php?rest_route=\/wp\/v2\/posts\/24606\/revisions"}],"wp:featuredmedia":[{"embeddable":true,"href":"https:\/\/ermdigital.com\/index.php?rest_route=\/wp\/v2\/media\/24473"}],"wp:attachment":[{"href":"https:\/\/ermdigital.com\/index.php?rest_route=%2Fwp%2Fv2%2Fmedia&parent=24606"}],"wp:term":[{"taxonomy":"category","embeddable":true,"href":"https:\/\/ermdigital.com\/index.php?rest_route=%2Fwp%2Fv2%2Fcategories&post=24606"},{"taxonomy":"post_tag","embeddable":true,"href":"https:\/\/ermdigital.com\/index.php?rest_route=%2Fwp%2Fv2%2Ftags&post=24606"}],"curies":[{"name":"wp","href":"https:\/\/api.w.org\/{rel}","templated":true}]}}