{"id":24605,"date":"2026-04-26T07:18:00","date_gmt":"2026-04-26T11:18:00","guid":{"rendered":"https:\/\/ermdigital.com\/index.php\/2026\/04\/26\/fausto-polanco-asume-presidencia-de-adopae-y-se-renueva-directiva\/"},"modified":"2026-04-26T20:15:38","modified_gmt":"2026-04-27T00:15:38","slug":"fausto-polanco-asume-presidencia-de-adopae-y-se-renueva-directiva","status":"publish","type":"post","link":"https:\/\/ermdigital.com\/?p=24605","title":{"rendered":"Fausto Polanco asume presidencia de Adopae y se renueva directiva"},"content":{"rendered":"<p><strong>Adopae eligi\u00f3<\/strong> este s\u00e1bado a su <strong>nuevo Consejo Directivo<\/strong> y a los integrantes de la <strong>Comisi\u00f3n de \u00c9tica<\/strong>, durante una <strong>asamblea<\/strong> celebrada con amplia participaci\u00f3n de sus <strong>miembros<\/strong>.<\/p>\n<p>La elecci\u00f3n se realiz\u00f3 de manera un\u00e1nime y design\u00f3 como nuevo <strong>presidente<\/strong> al periodista y escritor <strong>Fausto Polanco<\/strong>, miembro fundador de la entidad y actual editor de Espect\u00e1culos del peri\u00f3dico <em>El D\u00eda.<\/em><\/p>\n<p>La <strong>nueva directiva<\/strong> tendr\u00e1 la responsabilidad de conducir la instituci\u00f3n durante los <strong>pr\u00f3ximos dos a\u00f1os<\/strong>, en una etapa enfocada en el <strong>fortalecimiento gremial<\/strong>, la capacitaci\u00f3n profesional y el impulso de nuevos proyectos vinculados al periodismo cultural y de entretenimiento en Rep\u00fablica Dominicana.<\/p>\n<h2><strong>Nueva direcci\u00f3n<\/strong> de <strong>Adopae<\/strong><\/h2>\n<figure class=\"inline-block\">\n<div class=\"expand-img-placeholder\"><img loading=\"lazy\" decoding=\"async\" src=\"https:\/\/resources.diariolibre.com\/images\/expand.svg\" alt=\"Expandir imagen\" width=\"20\" height=\"20\" \/><span class=\"rutaimagenoriginal-placeholder\">https:\/\/resources.diariolibre.com\/images\/2026\/04\/26\/p4660012-89ed62ca.jpg<\/span><\/div>\n<p><img decoding=\"async\" class=\"mx-auto\" src=\"https:\/\/resources.diariolibre.com\/images\/2026\/04\/26\/p4660012-89ed62ca.jpg\" alt=\"[object HTMLTextAreaElement]\" width=\"auto\" height=\"350\" \/><figcaption>El gremio renueva su directiva para el periodo 2026-2028.<\/figcaption><\/figure>\n<p>Adem\u00e1s de <strong>Fausto Polanco<\/strong> en la presidencia, el Consejo Directivo qued\u00f3 integrado por <strong>Jos\u00e9 Antonio Aybar<\/strong> como primer vicepresidente;\u00a0<strong>Ricardo Rodr\u00edguez Rosa<\/strong> como segundo vicepresidente;\u00a0<strong>Cristina Liriano<\/strong> en la Secretar\u00eda General y Alfonso Qui\u00f1ones como secretario de Finanzas.<\/p>\n<p>Tambi\u00e9n forman parte de la directiva <strong>Rosmery Mart\u00ednez<\/strong> como encargada de Asuntos Internacionales, <strong>Ram\u00f3n Alm\u00e1nzar<\/strong> al frente de Asuntos Interinstitucionales,\u00a0<strong>Ynmaculada Cruz<\/strong> como encargada de Relaciones P\u00fablicas y Napole\u00f3n Beras en el \u00e1rea de Educaci\u00f3n y Formaci\u00f3n Profesional.<\/p>\n<p>Completan la <strong>estructura<\/strong> <strong>Muriel Soriano<\/strong>, quien asumir\u00e1 Tecnolog\u00eda y Plataformas Digitales, y <strong>Rafael Padilla<\/strong> como encargado de Eventos y Protocolo.<\/p>\n<p>Durante la jornada tambi\u00e9n fue\u00a0<strong>designada<\/strong> como <strong>directora ejecutiva<\/strong> la periodista <strong>Yenny Polanco Lovera<\/strong>.<\/p>\n<h3>Mensaje del nuevo <strong>presidente<\/strong><\/h3>\n<figure class=\"inline-block\">\n<div class=\"expand-img-placeholder\"><img loading=\"lazy\" decoding=\"async\" src=\"https:\/\/resources.diariolibre.com\/images\/expand.svg\" alt=\"Expandir imagen\" width=\"20\" height=\"20\" \/><span class=\"rutaimagenoriginal-placeholder\">https:\/\/resources.diariolibre.com\/images\/2026\/04\/26\/p4660059-6070ac6e.jpg<\/span><\/div>\n<p><img decoding=\"async\" class=\"mx-auto\" src=\"https:\/\/resources.diariolibre.com\/images\/2026\/04\/26\/p4660059-6070ac6e.jpg\" alt=\"Infograf\u00eda\" width=\"auto\" height=\"350\" \/><figcaption>Los periodistas y fundadores de Adopae, Fausto Polanco y Severo Rivera.<\/figcaption><\/figure>\n<p>El electo <strong>presidente<\/strong>, <strong>Fausto Polanco<\/strong>, agradeci\u00f3 la confianza depositada por los <strong>miembros<\/strong> de <strong>Adopae<\/strong> y adelant\u00f3 que continuar\u00e1 trabajando a favor del fortalecimiento institucional.<\/p>\n<p>Polanco expres\u00f3 su <strong>compromiso<\/strong> de impulsar <strong>nuevas iniciativas<\/strong> en beneficio de los asociados, promover la unidad del gremio y defender el ejercicio \u00e9tico del periodismo de arte y espect\u00e1culos.<\/p>\n<ul>\n<li>De su lado, el periodista <strong>Severo Rivera<\/strong>, quien ocup\u00f3 la presidencia de la academia, destac\u00f3 los avances alcanzados durante su gesti\u00f3n y sostuvo que seguir\u00e1 trabajando para hacer m\u00e1s fuerte a <strong>Adopae<\/strong>.<\/li>\n<\/ul>\n<p>Rivera valor\u00f3 el <strong>crecimiento institucional<\/strong>, la integraci\u00f3n de nuevos <strong>miembros<\/strong> y el <strong>posicionamiento<\/strong> alcanzado por la entidad en los \u00faltimos a\u00f1os.<\/p>\n<p>La <strong>asamblea<\/strong> se desarroll\u00f3 en un ambiente de <strong>confraternidad<\/strong>, integraci\u00f3n y <strong>armon\u00eda<\/strong> entre los asistentes, se inform\u00f3 en nota de prensa.<\/p>\n<p>A la jornada acudieron representantes de distintas demarcaciones del pa\u00eds, incluyendo <strong>miembros<\/strong> procedentes de <strong>Santiago<\/strong> y <strong>El Seibo<\/strong>.<\/p>\n<h2><strong>Asamblea<\/strong> dedicada a <strong>Carlos Batista Matos<\/strong><\/h2>\n<p>La reuni\u00f3n estuvo dedicada a honrar la <strong>memoria<\/strong> del fenecido periodista y escritor <strong>Carlos Batista Matos<\/strong>, figura hist\u00f3rica de la comunicaci\u00f3n dominicana y referente del periodismo de espect\u00e1culos en el pa\u00eds.<\/p>\n<p>Los asistentes resaltaron su <strong>legado profesional<\/strong>, su trayectoria en <strong>radio<\/strong>, <strong>televisi\u00f3n<\/strong> y prensa escrita, as\u00ed como su aporte a varias generaciones de comunicadores.<\/p>\n<p>En la <strong>asamblea<\/strong> fue aprobado adem\u00e1s el ingreso del experimentado periodista <strong>Reyes Guzm\u00e1n<\/strong>, quien pasa a formar parte de la <strong>Comisi\u00f3n de \u00c9tica<\/strong>.<\/p>\n<p>Ese organismo qued\u00f3 integrado por <strong>Estuardo Arias<\/strong>,\u00a0<strong>presidente;<\/strong>\u00a0<strong>Abel Rojas, s<\/strong>ecretario y Reyes Guzm\u00e1n, Miguelina Terrero, y Fior D&#8217;aliza Taveras, miembros.<\/p>\n<p>La entidad tambi\u00e9n present\u00f3 su <strong>Comit\u00e9 de Desarrollo<\/strong> de Proyectos, conformado por <strong>Severo Rivera<\/strong>, <strong>Jos\u00e9 Tejada G\u00f3mez<\/strong> y Dar\u00edo Fern\u00e1ndez.<\/p>\n<h2>Historia de <strong>Adopae<\/strong><\/h2>\n<figure class=\"inline-block\">\n<div class=\"expand-img-placeholder\"><img loading=\"lazy\" decoding=\"async\" src=\"https:\/\/resources.diariolibre.com\/images\/expand.svg\" alt=\"Expandir imagen\" width=\"20\" height=\"20\" \/><span class=\"rutaimagenoriginal-placeholder\">https:\/\/resources.diariolibre.com\/images\/2026\/04\/26\/p4660061-f7360e6a.jpg<\/span><\/div>\n<p><img decoding=\"async\" class=\"mx-auto\" src=\"https:\/\/resources.diariolibre.com\/images\/2026\/04\/26\/p4660061-f7360e6a.jpg\" alt=\"[object HTMLTextAreaElement]\" width=\"auto\" height=\"350\" \/><figcaption>Mimbros de Adopae. (<strong>FUENTE EXTERNA<\/strong>)<\/figcaption><\/figure>\n<p><strong>Adopae<\/strong> fue creada el 6 de julio de 2022 con el <strong>objetivo<\/strong> de reunir a profesionales especializados en cobertura cultural, art\u00edstica y de entretenimiento, promover la \u00e9tica period\u00edstica y defender el ejercicio responsable de la comunicaci\u00f3n en esa \u00e1rea.<\/p>\n<p>Desde su fundaci\u00f3n, la instituci\u00f3n ha impulsado <strong>encuentros formativos<\/strong>, <strong>reconocimientos<\/strong>, <strong>debates sectoriales<\/strong> y acciones orientadas a elevar la calidad del periodismo de espect\u00e1culos en Rep\u00fablica Dominicana.<\/p>\n<p>Con la elecci\u00f3n de sus nuevas autoridades, <strong>Adopae<\/strong> inicia una <strong>nueva etapa<\/strong> en la que busca consolidar su <strong>presencia nacional<\/strong>, ampliar programas de formaci\u00f3n y adaptarse a los <strong>desaf\u00edos digitales<\/strong> que enfrenta la comunicaci\u00f3n moderna.<\/p>\n<p>\u200bAdopae eligi\u00f3 este s\u00e1bado a su nuevo Consejo Directivo y a los integrantes de la Comisi\u00f3n de \u00c9tica, durante una asamblea celebrada con amplia participaci\u00f3n de sus miembros.La elecci\u00f3n se realiz\u00f3 de manera un\u00e1nime y design\u00f3 como nuevo presidente al periodista y escritor Fausto Polanco, miembro fundador de la entidad y actual editor de Espect\u00e1culos del peri\u00f3dico El D\u00eda.La nueva directiva tendr\u00e1 la responsabilidad de conducir la instituci\u00f3n durante los pr\u00f3ximos dos a\u00f1os, en una etapa enfocada en el fortalecimiento gremial, la capacitaci\u00f3n profesional y el impulso de nuevos proyectos vinculados al periodismo cultural y de entretenimiento en Rep\u00fablica Dominicana.Nueva direcci\u00f3n de Adopaehttps:\/\/resources.diariolibre.com\/images\/2026\/04\/26\/p4660012-89ed62ca.jpgEl gremio renueva su directiva para el periodo 2026-2028.Adem\u00e1s de Fausto Polanco en la presidencia, el Consejo Directivo qued\u00f3 integrado por Jos\u00e9 Antonio Aybar como primer vicepresidente;\u00a0Ricardo Rodr\u00edguez Rosa como segundo vicepresidente;\u00a0Cristina Liriano en la Secretar\u00eda General y Alfonso Qui\u00f1ones como secretario de Finanzas.Tambi\u00e9n forman parte de la directiva Rosmery Mart\u00ednez como encargada de Asuntos Internacionales, Ram\u00f3n Alm\u00e1nzar al frente de Asuntos Interinstitucionales,\u00a0Ynmaculada Cruz como encargada de Relaciones P\u00fablicas y Napole\u00f3n Beras en el \u00e1rea de Educaci\u00f3n y Formaci\u00f3n Profesional.Completan la estructura Muriel Soriano, quien asumir\u00e1 Tecnolog\u00eda y Plataformas Digitales, y Rafael Padilla como encargado de Eventos y Protocolo.Durante la jornada tambi\u00e9n fue\u00a0designada como directora ejecutiva la periodista Yenny Polanco Lovera.Mensaje del nuevo presidentehttps:\/\/resources.diariolibre.com\/images\/2026\/04\/26\/p4660059-6070ac6e.jpgLos periodistas y fundadores de Adopae, Fausto Polanco y Severo Rivera.El electo presidente, Fausto Polanco, agradeci\u00f3 la confianza depositada por los miembros de Adopae y adelant\u00f3 que continuar\u00e1 trabajando a favor del fortalecimiento institucional.Polanco expres\u00f3 su compromiso de impulsar nuevas iniciativas en beneficio de los asociados, promover la unidad del gremio y defender el ejercicio \u00e9tico del periodismo de arte y espect\u00e1culos. De su lado, el periodista Severo Rivera, quien ocup\u00f3 la presidencia de la academia, destac\u00f3 los avances alcanzados durante su gesti\u00f3n y sostuvo que seguir\u00e1 trabajando para hacer m\u00e1s fuerte a Adopae.Rivera valor\u00f3 el crecimiento institucional, la integraci\u00f3n de nuevos miembros y el posicionamiento alcanzado por la entidad en los \u00faltimos a\u00f1os.La asamblea se desarroll\u00f3 en un ambiente de confraternidad, integraci\u00f3n y armon\u00eda entre los asistentes, se inform\u00f3 en nota de prensa.A la jornada acudieron representantes de distintas demarcaciones del pa\u00eds, incluyendo miembros procedentes de Santiago y El Seibo.Asamblea dedicada a Carlos Batista MatosLa reuni\u00f3n estuvo dedicada a honrar la memoria del fenecido periodista y escritor Carlos Batista Matos, figura hist\u00f3rica de la comunicaci\u00f3n dominicana y referente del periodismo de espect\u00e1culos en el pa\u00eds.Los asistentes resaltaron su legado profesional, su trayectoria en radio, televisi\u00f3n y prensa escrita, as\u00ed como su aporte a varias generaciones de comunicadores.En la asamblea fue aprobado adem\u00e1s el ingreso del experimentado periodista Reyes Guzm\u00e1n, quien pasa a formar parte de la Comisi\u00f3n de \u00c9tica.Ese organismo qued\u00f3 integrado por Estuardo Arias,\u00a0presidente;\u00a0Abel Rojas, secretario y Reyes Guzm\u00e1n, Miguelina Terrero, y Fior D&#8217;aliza Taveras, miembros.La entidad tambi\u00e9n present\u00f3 su Comit\u00e9 de Desarrollo de Proyectos, conformado por Severo Rivera, Jos\u00e9 Tejada G\u00f3mez y Dar\u00edo Fern\u00e1ndez.Historia de Adopaehttps:\/\/resources.diariolibre.com\/images\/2026\/04\/26\/p4660061-f7360e6a.jpgMimbros de Adopae. (FUENTE EXTERNA)Adopae fue creada el 6 de julio de 2022 con el objetivo de reunir a profesionales especializados en cobertura cultural, art\u00edstica y de entretenimiento, promover la \u00e9tica period\u00edstica y defender el ejercicio responsable de la comunicaci\u00f3n en esa \u00e1rea.Desde su fundaci\u00f3n, la instituci\u00f3n ha impulsado encuentros formativos, reconocimientos, debates sectoriales y acciones orientadas a elevar la calidad del periodismo de espect\u00e1culos en Rep\u00fablica Dominicana.Con la elecci\u00f3n de sus nuevas autoridades, Adopae inicia una nueva etapa en la que busca consolidar su presencia nacional, ampliar programas de formaci\u00f3n y adaptarse a los desaf\u00edos digitales que enfrenta la comunicaci\u00f3n moderna.\u00a0\u00a0Revista, Cultura, Diario Libre, Santo Domingo, Fausto Polanco, Adopae, nueva directiva<\/p>\n","protected":false},"excerpt":{"rendered":"<p>Adopae eligi\u00f3 este s\u00e1bado a su nuevo Consejo Directivo y a los integrantes de la Comisi\u00f3n de \u00c9tica, durante una asamblea celebrada con amplia participaci\u00f3n de sus miembros. La elecci\u00f3n se realiz\u00f3 de manera un\u00e1nime y design\u00f3 como nuevo presidente al periodista y escritor Fausto Polanco, miembro fundador de la entidad y actual editor de [&hellip;]<\/p>\n","protected":false},"author":1,"featured_media":24734,"comment_status":"open","ping_status":"open","sticky":false,"template":"","format":"standard","meta":{"amp_status":"","footnotes":""},"categories":[9],"tags":[],"class_list":["post-24605","post","type-post","status-publish","format-standard","has-post-thumbnail","hentry","category-espectaculo"],"_links":{"self":[{"href":"https:\/\/ermdigital.com\/index.php?rest_route=\/wp\/v2\/posts\/24605","targetHints":{"allow":["GET"]}}],"collection":[{"href":"https:\/\/ermdigital.com\/index.php?rest_route=\/wp\/v2\/posts"}],"about":[{"href":"https:\/\/ermdigital.com\/index.php?rest_route=\/wp\/v2\/types\/post"}],"author":[{"embeddable":true,"href":"https:\/\/ermdigital.com\/index.php?rest_route=\/wp\/v2\/users\/1"}],"replies":[{"embeddable":true,"href":"https:\/\/ermdigital.com\/index.php?rest_route=%2Fwp%2Fv2%2Fcomments&post=24605"}],"version-history":[{"count":1,"href":"https:\/\/ermdigital.com\/index.php?rest_route=\/wp\/v2\/posts\/24605\/revisions"}],"predecessor-version":[{"id":24735,"href":"https:\/\/ermdigital.com\/index.php?rest_route=\/wp\/v2\/posts\/24605\/revisions\/24735"}],"wp:featuredmedia":[{"embeddable":true,"href":"https:\/\/ermdigital.com\/index.php?rest_route=\/wp\/v2\/media\/24734"}],"wp:attachment":[{"href":"https:\/\/ermdigital.com\/index.php?rest_route=%2Fwp%2Fv2%2Fmedia&parent=24605"}],"wp:term":[{"taxonomy":"category","embeddable":true,"href":"https:\/\/ermdigital.com\/index.php?rest_route=%2Fwp%2Fv2%2Fcategories&post=24605"},{"taxonomy":"post_tag","embeddable":true,"href":"https:\/\/ermdigital.com\/index.php?rest_route=%2Fwp%2Fv2%2Ftags&post=24605"}],"curies":[{"name":"wp","href":"https:\/\/api.w.org\/{rel}","templated":true}]}}