{"id":23745,"date":"2026-04-23T16:15:01","date_gmt":"2026-04-23T20:15:01","guid":{"rendered":"https:\/\/ermdigital.com\/index.php\/2026\/04\/23\/abinader-y-carolina-mejia-inauguran-malecon-deportivo-nuevo-atractivo-capitalino\/"},"modified":"2026-04-23T16:15:01","modified_gmt":"2026-04-23T20:15:01","slug":"abinader-y-carolina-mejia-inauguran-malecon-deportivo-nuevo-atractivo-capitalino","status":"publish","type":"post","link":"https:\/\/ermdigital.com\/?p=23745","title":{"rendered":"Abinader y Carolina Mej\u00eda inauguran Malec\u00f3n Deportivo, nuevo atractivo capitalino"},"content":{"rendered":"<p>\u200b<\/p>\n<p>El presidente <strong>Luis Abinader<\/strong> y la alcaldesa del Distrito Nacional, <strong>Carolina Mej\u00eda,<\/strong> inauguraron el <strong>Malec\u00f3n Deportivo<\/strong>, una intervenci\u00f3n de casi dos kil\u00f3metros del litoral sur que marca un antes y un despu\u00e9s en la capital, al transformar una zona hist\u00f3ricamente relegada en un referente urbano y deportivo del Caribe, con espacios para la recreaci\u00f3n, el deporte y la convivencia frente al mar, que ser\u00e1 el nuevo punto de encuentro del deporte dominicano.<\/p>\n<p><a href=\"https:\/\/www.arecoa.com\/wp-content\/uploads\/2026\/04\/Malecon-deportivo-2.jpg\"><img loading=\"lazy\" decoding=\"async\" class=\"alignleft size-full wp-image-215303\" src=\"https:\/\/www.arecoa.com\/wp-content\/uploads\/2026\/04\/Malecon-deportivo-2.jpg\" alt=\"\" width=\"2048\" height=\"1366\" \/><\/a>Durante el acto, el presidente Abinader valor\u00f3 las cualidades del proyecto y el impacto que tendr\u00e1 en la pr\u00e1ctica deportiva y la recreaci\u00f3n de los ciudadanos como parte del Plan Integrado de Santo Domingo (<strong>PISD<\/strong>), una estrategia conjunta basada en los ejes de desarrollo urbano, sostenibilidad y movilidad, para transformar a la capital con una gesti\u00f3n coordinada bajo una clara visi\u00f3n de futuro.<\/p>\n<p>El proyecto articula un sistema continuo de \u00e1reas deportivas, recreativas, paisaj\u00edsticas y comerciales, conectadas por un paseo peatonal y una v\u00eda de movilidad alterna que dinamiza el entorno.<\/p>\n<p>El Malec\u00f3n Deportivo abarca 90,000 metros cuadrados; fue dise\u00f1ado por el arquitecto <strong>Luis Alejandro P\u00e9rez<\/strong> y cont\u00f3 con una inversi\u00f3n de RD$333 millones de pesos.<\/p>\n<p>Malec\u00f3n Deportivo, eje de integraci\u00f3n y recuperaci\u00f3n urbana del litoral sur<\/p>\n<p>Carolina Mej\u00eda afirm\u00f3 que la vinculaci\u00f3n entre las diversas \u00e1reas del Malec\u00f3n Deportivo para completar un sistema de recorrido continuo constituye uno de los principales aportes urbanos de la intervenci\u00f3n, porque activa de manera integral esta franja del litoral sur y le devuelve a la ciudad un espacio de convivencia y apropiaci\u00f3n colectiva.<\/p>\n<p>Esto es mucho m\u00e1s que un plan: es un compromiso con el futuro, con la calidad de vida de nuestra gente y con la transformaci\u00f3n urbana que merecemos juntos\u201d, puntualiz\u00f3 Mej\u00eda sobre el PISD.<\/p>\n<p>La ejecutiva municipal asegur\u00f3 que, m\u00e1s que una obra f\u00edsica, el Malec\u00f3n Deportivo constituye una apuesta por la reactivaci\u00f3n urbana, la inclusi\u00f3n social, la salud, la convivencia y la reconexi\u00f3n de la ciudad con su frente mar\u00edtimo.<\/p>\n<p>\u201cSu desarrollo no solo aporta nueva infraestructura de calidad para el deporte y la recreaci\u00f3n, sino que tambi\u00e9n genera animaci\u00f3n urbana, seguridad, vitalidad y una nueva identidad para un sector del litoral sur hist\u00f3ricamente relegado\u201d, expres\u00f3 Mej\u00eda.<\/p>\n<p>Destaca entrega anticipada de obras para los Juegos Centroamericanos y del Caribe 2026.<\/p>\n<p><a href=\"https:\/\/www.arecoa.com\/wp-content\/uploads\/2026\/04\/Malecon-deportivo-3.jpg\"><img loading=\"lazy\" decoding=\"async\" class=\"size-full wp-image-215304 alignnone\" src=\"https:\/\/www.arecoa.com\/wp-content\/uploads\/2026\/04\/Malecon-deportivo-3.jpg\" alt=\"\" width=\"2048\" height=\"1366\" \/><\/a> <a href=\"https:\/\/www.arecoa.com\/wp-content\/uploads\/2026\/04\/Malecon-deportivo.jpg\"><img loading=\"lazy\" decoding=\"async\" class=\"size-full wp-image-215305 alignnone\" src=\"https:\/\/www.arecoa.com\/wp-content\/uploads\/2026\/04\/Malecon-deportivo.jpg\" alt=\"\" width=\"2048\" height=\"1364\" \/><\/a><\/p>\n<p>\u00a0<\/p>\n","protected":false},"excerpt":{"rendered":"<p>\u200b El presidente Luis Abinader y la alcaldesa del Distrito Nacional, Carolina Mej\u00eda, inauguraron el Malec\u00f3n Deportivo, una intervenci\u00f3n de casi dos kil\u00f3metros del litoral sur que marca un antes y un despu\u00e9s en la capital, al transformar una zona hist\u00f3ricamente relegada en un referente urbano y deportivo del Caribe, con espacios para la recreaci\u00f3n, [&hellip;]<\/p>\n","protected":false},"author":1,"featured_media":22995,"comment_status":"open","ping_status":"open","sticky":false,"template":"","format":"standard","meta":{"amp_status":"","footnotes":""},"categories":[10],"tags":[],"class_list":["post-23745","post","type-post","status-publish","format-standard","has-post-thumbnail","hentry","category-food-travel"],"_links":{"self":[{"href":"https:\/\/ermdigital.com\/index.php?rest_route=\/wp\/v2\/posts\/23745","targetHints":{"allow":["GET"]}}],"collection":[{"href":"https:\/\/ermdigital.com\/index.php?rest_route=\/wp\/v2\/posts"}],"about":[{"href":"https:\/\/ermdigital.com\/index.php?rest_route=\/wp\/v2\/types\/post"}],"author":[{"embeddable":true,"href":"https:\/\/ermdigital.com\/index.php?rest_route=\/wp\/v2\/users\/1"}],"replies":[{"embeddable":true,"href":"https:\/\/ermdigital.com\/index.php?rest_route=%2Fwp%2Fv2%2Fcomments&post=23745"}],"version-history":[{"count":0,"href":"https:\/\/ermdigital.com\/index.php?rest_route=\/wp\/v2\/posts\/23745\/revisions"}],"wp:featuredmedia":[{"embeddable":true,"href":"https:\/\/ermdigital.com\/index.php?rest_route=\/wp\/v2\/media\/22995"}],"wp:attachment":[{"href":"https:\/\/ermdigital.com\/index.php?rest_route=%2Fwp%2Fv2%2Fmedia&parent=23745"}],"wp:term":[{"taxonomy":"category","embeddable":true,"href":"https:\/\/ermdigital.com\/index.php?rest_route=%2Fwp%2Fv2%2Fcategories&post=23745"},{"taxonomy":"post_tag","embeddable":true,"href":"https:\/\/ermdigital.com\/index.php?rest_route=%2Fwp%2Fv2%2Ftags&post=23745"}],"curies":[{"name":"wp","href":"https:\/\/api.w.org\/{rel}","templated":true}]}}