{"id":23743,"date":"2026-04-24T08:30:21","date_gmt":"2026-04-24T12:30:21","guid":{"rendered":"https:\/\/ermdigital.com\/index.php\/2026\/04\/24\/obispo-castro-marte-coincide-con-rainieri-urge-frenar-caos-inmobiliario-en-el-este\/"},"modified":"2026-04-24T08:30:21","modified_gmt":"2026-04-24T12:30:21","slug":"obispo-castro-marte-coincide-con-rainieri-urge-frenar-caos-inmobiliario-en-el-este","status":"publish","type":"post","link":"https:\/\/ermdigital.com\/?p=23743","title":{"rendered":"Obispo Castro Marte coincide con Rainieri: urge frenar caos inmobiliario en el Este"},"content":{"rendered":"<p>\u200b<\/p>\n<p>El obispo de la Di\u00f3cesis de Nuestra Se\u00f1ora de la Altagracia,<strong> Jes\u00fas Castro Marte<\/strong>, manifest\u00f3 su preocupaci\u00f3n por el desarrollo urban\u00edstico de <strong>Ver\u00f3n-Punta Cana<\/strong>, se\u00f1alando que se est\u00e1 llevando a cabo sin la debida planificaci\u00f3n establecida en la Ley No. 368-22 de Ordenamiento Territorial, Uso de Suelo y Asentamientos Humanos.<\/p>\n<p><a href=\"https:\/\/www.arecoa.com\/wp-content\/uploads\/2026\/04\/rainieri-obispo-.jpg\"><img loading=\"lazy\" decoding=\"async\" class=\"alignleft size-full wp-image-215355\" src=\"https:\/\/www.arecoa.com\/wp-content\/uploads\/2026\/04\/rainieri-obispo-.jpg\" alt=\"\" width=\"1754\" height=\"852\" \/><\/a>A trav\u00e9s de su cuenta de X , el prelado afirm\u00f3 que no se opone \u00abjam\u00e1s\u00bb al desarrollo, pero insisti\u00f3 en que las autoridades competentes deben exigir a los desarrolladores inmobiliarios el cumplimiento estricto de las leyes relacionadas con los asentamientos humanos, tanto a nivel local como nacional y regional.<\/p>\n<p>Asimismo, hizo un llamado a proteger la inversi\u00f3n extranjera, al advertir que con frecuencia surgen falsos desarrolladores inmobiliarios que estafan a personas de buena fe, quienes invierten sus ahorros o recurren a pr\u00e9stamos bancarios para adquirir una vivienda.<\/p>\n<p>\u00abLa seguridad jur\u00eddica para las inversiones de capitales sanos debe prevalecer ante todo y por encima de todo, nos mantiene en altos est\u00e1ndares como marca pa\u00eds\u00bb, expres\u00f3.<\/p>\n<p>Las declaraciones del obispo Castro Marte coinciden con lo expresado por el empresario tur\u00edstico<strong> Frank Rainieri<\/strong>, quien indic\u00f3 que al Gobierno dominicano le ha faltado \u201ccoraje\u201d para enfrentar el desorden en el desarrollo inmobiliario y el crecimiento sin planificaci\u00f3n en los principales polos tur\u00edsticos del pa\u00eds, especialmente en B\u00e1varo\u2013Punta Cana, seg\u00fan adelant\u00f3 <em><strong>arecoa.com<\/strong> \u00a0<\/em><em>(<a href=\"https:\/\/www.arecoa.com\/destinos\/2026\/04\/22\/rainieri-contundente-al-gobierno-le-ha-faltado-coraje-para-frenar-el-desorden-inmobiliario\/\">Rainieri, contundente: \u201cAl Gobierno le ha faltado coraje para frenar el desorden inmobiliario\u201d).<\/a><\/em><\/p>\n<p>\u00a0<\/p>\n","protected":false},"excerpt":{"rendered":"<p>\u200b El obispo de la Di\u00f3cesis de Nuestra Se\u00f1ora de la Altagracia, Jes\u00fas Castro Marte, manifest\u00f3 su preocupaci\u00f3n por el desarrollo urban\u00edstico de Ver\u00f3n-Punta Cana, se\u00f1alando que se est\u00e1 llevando a cabo sin la debida planificaci\u00f3n establecida en la Ley No. 368-22 de Ordenamiento Territorial, Uso de Suelo y Asentamientos Humanos. A trav\u00e9s de su [&hellip;]<\/p>\n","protected":false},"author":1,"featured_media":23744,"comment_status":"open","ping_status":"open","sticky":false,"template":"","format":"standard","meta":{"amp_status":"","footnotes":""},"categories":[10],"tags":[],"class_list":["post-23743","post","type-post","status-publish","format-standard","has-post-thumbnail","hentry","category-food-travel"],"_links":{"self":[{"href":"https:\/\/ermdigital.com\/index.php?rest_route=\/wp\/v2\/posts\/23743","targetHints":{"allow":["GET"]}}],"collection":[{"href":"https:\/\/ermdigital.com\/index.php?rest_route=\/wp\/v2\/posts"}],"about":[{"href":"https:\/\/ermdigital.com\/index.php?rest_route=\/wp\/v2\/types\/post"}],"author":[{"embeddable":true,"href":"https:\/\/ermdigital.com\/index.php?rest_route=\/wp\/v2\/users\/1"}],"replies":[{"embeddable":true,"href":"https:\/\/ermdigital.com\/index.php?rest_route=%2Fwp%2Fv2%2Fcomments&post=23743"}],"version-history":[{"count":0,"href":"https:\/\/ermdigital.com\/index.php?rest_route=\/wp\/v2\/posts\/23743\/revisions"}],"wp:featuredmedia":[{"embeddable":true,"href":"https:\/\/ermdigital.com\/index.php?rest_route=\/wp\/v2\/media\/23744"}],"wp:attachment":[{"href":"https:\/\/ermdigital.com\/index.php?rest_route=%2Fwp%2Fv2%2Fmedia&parent=23743"}],"wp:term":[{"taxonomy":"category","embeddable":true,"href":"https:\/\/ermdigital.com\/index.php?rest_route=%2Fwp%2Fv2%2Fcategories&post=23743"},{"taxonomy":"post_tag","embeddable":true,"href":"https:\/\/ermdigital.com\/index.php?rest_route=%2Fwp%2Fv2%2Ftags&post=23743"}],"curies":[{"name":"wp","href":"https:\/\/api.w.org\/{rel}","templated":true}]}}