{"id":23604,"date":"2026-04-24T10:39:00","date_gmt":"2026-04-24T14:39:00","guid":{"rendered":"https:\/\/ermdigital.com\/index.php\/2026\/04\/24\/ofit-sd-run-5k-celebra-su-novena-edicion\/"},"modified":"2026-04-24T10:39:00","modified_gmt":"2026-04-24T14:39:00","slug":"ofit-sd-run-5k-celebra-su-novena-edicion","status":"publish","type":"post","link":"https:\/\/ermdigital.com\/?p=23604","title":{"rendered":"OFIT SD Run 5K celebra su novena edici\u00f3n"},"content":{"rendered":"<p>Con la <strong>participaci\u00f3n r\u00e9cord<\/strong> de tres mil corredores de todas las edades, el <strong>OFIT SD Run 5K<\/strong> celebr\u00f3 su novena edici\u00f3n. <\/p>\n<p>Organizada por <strong>Santo Domingo Corre<\/strong>, la carrera convirti\u00f3 la ciudad en un punto de encuentro para atletas, aficionados al running y familias completas, en una jornada enfocada en el deporte, la sana recreaci\u00f3n y el bienestar integral.<\/p>\n<p>Los directivos de <strong>Santo Domingo Corre<\/strong>, <strong>Modesto Reyes<\/strong>, <strong>Samuel Nu\u00f1ez<\/strong>, <strong>Marlenny Pe\u00f1a<\/strong> y Karla Mart\u00edn dieron la bienvenida a los participantes y acompa\u00f1aron el desarrollo del evento, motivando a los corredores y resaltando la importancia de seguir <strong>impulsando espacios<\/strong> que promuevan <strong>estilos de vida saludables<\/strong> y fortalezcan la comunidad deportiva.<\/p>\n<p><strong>Marlenny Pe\u00f1a<\/strong>, directora general de <strong>Santo Domingo Corre<\/strong>, agradeci\u00f3 el respaldo brindado por los corredores, aficionados y familias que se dieron cita, asumiendo el reto con entusiasmo y reafirmando los <strong>valores de salud<\/strong>, bienestar y sana convivencia que promueve el evento.<\/p>\n<div class=\"my-12 component gallery relative small-slider\">\n<div class=\"slider-container\">\n<figure class=\"slider-item\">\n<div class=\"expand-img-placeholder\"><img loading=\"lazy\" decoding=\"async\" src=\"https:\/\/resources.diariolibre.com\/images\/expand.svg\" alt=\"Expandir imagen\" width=\"20\" height=\"20\"><span class=\"rutaimagenoriginal-placeholder\">https:\/\/resources.diariolibre.com\/images\/2026\/04\/24\/ganadoras-fem-anayelis-ramirez-soranyi-rodriguez-y-viajeisy-jimenez-87906995.jpg<\/span><\/div>\n<p><img decoding=\"async\" src=\"https:\/\/resources.diariolibre.com\/images\/2026\/04\/24\/ganadoras-fem-anayelis-ramirez-soranyi-rodriguez-y-viajeisy-jimenez-87906995.jpg\" width=\"100%\" alt=\"Anayelis Ram\u00edrez, Soranyi Rodr\u00edguez y Viajeisy Jim\u00e9nez fueron las ganadoras femeninas dle evento.\" class=\"w-full object-cover\"><figcaption><span>Anayelis Ram\u00edrez, Soranyi Rodr\u00edguez y Viajeisy Jim\u00e9nez fueron las ganadoras femeninas dle evento.<\/span><span> (<strong>FUENTE EXTERNA<\/strong>)<\/span><\/figcaption><\/figure>\n<figure class=\"slider-item\">\n<div class=\"expand-img-placeholder\"><img loading=\"lazy\" decoding=\"async\" src=\"https:\/\/resources.diariolibre.com\/images\/expand.svg\" alt=\"Expandir imagen\" width=\"20\" height=\"20\"><span class=\"rutaimagenoriginal-placeholder\">https:\/\/resources.diariolibre.com\/images\/2026\/04\/24\/reconocimiento-samuel-nunez-karla-martin-cristina-matos-modesto-reyes-y-marlenny-pena-28adf07c.jpg<\/span><\/div>\n<p><img decoding=\"async\" src=\"https:\/\/resources.diariolibre.com\/images\/2026\/04\/24\/reconocimiento-samuel-nunez-karla-martin-cristina-matos-modesto-reyes-y-marlenny-pena-28adf07c.jpg\" width=\"100%\" alt=\"Samuel Nu\u00f1ez, Karla Mart\u00edn, Cristina Matos, Modesto Reyes y Marlenny Pe\u00f1a.\" class=\"w-full object-cover\"><figcaption><span>Samuel Nu\u00f1ez, Karla Mart\u00edn, Cristina Matos, Modesto Reyes y Marlenny Pe\u00f1a.<\/span><span> (<strong>FUENTE EXTERNA<\/strong>)<\/span><\/figcaption><\/figure>\n<figure class=\"slider-item\">\n<div class=\"expand-img-placeholder\"><img loading=\"lazy\" decoding=\"async\" src=\"https:\/\/resources.diariolibre.com\/images\/expand.svg\" alt=\"Expandir imagen\" width=\"20\" height=\"20\"><span class=\"rutaimagenoriginal-placeholder\">https:\/\/resources.diariolibre.com\/images\/2026\/04\/24\/richard-lara-pimentel-richard-lara-doris-leonor-espinal-martinez-jordi-ricardo-mota-portes-y-viviana-guzman-frias-960a3eec.jpg<\/span><\/div>\n<p><img decoding=\"async\" src=\"https:\/\/resources.diariolibre.com\/images\/2026\/04\/24\/richard-lara-pimentel-richard-lara-doris-leonor-espinal-martinez-jordi-ricardo-mota-portes-y-viviana-guzman-frias-960a3eec.jpg\" width=\"100%\" alt=\"Richard Lara Pimentel, Richard Lara, Doris Leonor Espinal Mart\u00ednez, Jordi Ricardo Mota Portes y Viviana Guzm\u00e1n Frias.\" class=\"w-full object-cover\"><figcaption><span>Richard Lara Pimentel, Richard Lara, Doris Leonor Espinal Mart\u00ednez, Jordi Ricardo Mota Portes y Viviana Guzm\u00e1n Frias.<\/span><span> (<strong>FUENTE EXTERNA<\/strong>)<\/span><\/figcaption><\/figure>\n<figure class=\"slider-item\">\n<div class=\"expand-img-placeholder\"><img loading=\"lazy\" decoding=\"async\" src=\"https:\/\/resources.diariolibre.com\/images\/expand.svg\" alt=\"Expandir imagen\" width=\"20\" height=\"20\"><span class=\"rutaimagenoriginal-placeholder\">https:\/\/resources.diariolibre.com\/images\/2026\/04\/24\/tomas-edison-hernandez-sosa-marla-de-los-santos-rhina-febles-santana-y-alam-cristopher-vasquez-martinez-51d53f21.jpg<\/span><\/div>\n<p><img decoding=\"async\" src=\"https:\/\/resources.diariolibre.com\/images\/2026\/04\/24\/tomas-edison-hernandez-sosa-marla-de-los-santos-rhina-febles-santana-y-alam-cristopher-vasquez-martinez-51d53f21.jpg\" width=\"100%\" alt=\"Tomas Edison Hern\u00e1ndez Sosa, Marla De Los Santos, Rhina Febles Santana y Alam Cristopher V\u00e1squez Mart\u00ednez.\" class=\"w-full object-cover\"><figcaption><span>Tomas Edison Hern\u00e1ndez Sosa, Marla De Los Santos, Rhina Febles Santana y Alam Cristopher V\u00e1squez Mart\u00ednez.<\/span><span> (<strong>FUENTE EXTERNA<\/strong>)<\/span><\/figcaption><\/figure>\n<figure class=\"slider-item\">\n<div class=\"expand-img-placeholder\"><img loading=\"lazy\" decoding=\"async\" src=\"https:\/\/resources.diariolibre.com\/images\/expand.svg\" alt=\"Expandir imagen\" width=\"20\" height=\"20\"><span class=\"rutaimagenoriginal-placeholder\">https:\/\/resources.diariolibre.com\/images\/2026\/04\/24\/emma-fernandez-y-blanca-mera-38c1bf76.jpg<\/span><\/div>\n<p><img decoding=\"async\" src=\"https:\/\/resources.diariolibre.com\/images\/2026\/04\/24\/emma-fernandez-y-blanca-mera-38c1bf76.jpg\" width=\"100%\" alt=\"Emma Fern\u00e1ndez y Blanca Mera.\" class=\"w-full object-cover\"><figcaption><span>Emma Fern\u00e1ndez y Blanca Mera.<\/span><span> (<strong>FUENTE EXTERNA<\/strong>)<\/span><\/figcaption><\/figure>\n<\/p><\/div>\n<div class=\"slider-arrows\">\n<div class=\"slider-arrow prev\">\u2039<\/div>\n<div class=\"slider-arrow next\">\u203a<\/div>\n<\/p><\/div>\n<ul class=\"slider-dots\"><\/ul>\n<\/div>\n<p>\u201cNos llena de orgullo ver c\u00f3mo cada a\u00f1o se fortalece esta comunidad. La energ\u00eda, disciplina y entusiasmo demostrados por todos los participantes reflejan el <strong>compromiso<\/strong> de <strong>Santo Domingo Corre<\/strong> con el deporte y con <strong>estilos de vida saludables<\/strong>. Este respaldo nos motiva a seguir innovando, ampliando el alcance de cada edici\u00f3n y continuar creando espacios que unan a las familias y fortalezcan la cultura del running en el pa\u00eds\u201d, expres\u00f3 <strong>Marlenny Pe\u00f1a<\/strong>.<\/p>\n<h2>Los <strong>ganadores<\/strong> del evento<\/h2>\n<p>Estrenando una renovada ruta en el <strong>Nuevo Malec\u00f3n Deportivo<\/strong>, los <strong>ganadores<\/strong> del primero, segundo y tercer lugar en la categor\u00eda Overall Masculino fueron <strong>Alejandro Rodr\u00edguez<\/strong>, Amaury Rodr\u00edguez, y Ramoncito Mej\u00eda. En la categor\u00eda femenina, los tres primeros lugares fueron para <strong>Soranyi Rodr\u00edguez<\/strong>, Anayelis Ram\u00edrez, y Viajeisy Jim\u00e9nez. Ambas categor\u00edas recibieron premios en met\u00e1lico.<\/p>\n<p>En representaci\u00f3n de la alcaldesa de Santo Domingo, Carolina Mej\u00eda, estuvo presente <strong>Yolanda de la Rosa<\/strong>, directora de Parques y Espacios P\u00fablicos.<\/p>\n<p>La directora reiter\u00f3 el apoyo y <strong>compromiso<\/strong> de la <strong>Alcald\u00eda del Distrito Nacional<\/strong> con iniciativas que promueven el deporte, la sana recreaci\u00f3n, la convivencia y el aprovechamiento positivo de los espacios p\u00fablicos para el bienestar de la ciudadan\u00eda.<\/p>\n<div class=\"my-12 component gallery relative small-slider\">\n<div class=\"slider-container\">\n<figure class=\"slider-item\">\n<div class=\"expand-img-placeholder\"><img loading=\"lazy\" decoding=\"async\" src=\"https:\/\/resources.diariolibre.com\/images\/expand.svg\" alt=\"Expandir imagen\" width=\"20\" height=\"20\"><span class=\"rutaimagenoriginal-placeholder\">https:\/\/resources.diariolibre.com\/images\/2026\/04\/24\/milenia-batista-y-rafael-lopez-65349640.jpg<\/span><\/div>\n<p><img decoding=\"async\" src=\"https:\/\/resources.diariolibre.com\/images\/2026\/04\/24\/milenia-batista-y-rafael-lopez-65349640.jpg\" width=\"100%\" alt=\"Milenia Batista y Rafael L\u00f3pez.\" class=\"w-full object-cover\"><figcaption><span>Milenia Batista y Rafael L\u00f3pez.<\/span><span> (<strong>FUENTE EXTERNA<\/strong>)<\/span><\/figcaption><\/figure>\n<figure class=\"slider-item\">\n<div class=\"expand-img-placeholder\"><img loading=\"lazy\" decoding=\"async\" src=\"https:\/\/resources.diariolibre.com\/images\/expand.svg\" alt=\"Expandir imagen\" width=\"20\" height=\"20\"><span class=\"rutaimagenoriginal-placeholder\">https:\/\/resources.diariolibre.com\/images\/2026\/04\/24\/nicauri-luna-y-arlenys-cordero-60ccdd95.jpg<\/span><\/div>\n<p><img decoding=\"async\" src=\"https:\/\/resources.diariolibre.com\/images\/2026\/04\/24\/nicauri-luna-y-arlenys-cordero-60ccdd95.jpg\" width=\"100%\" alt=\"Nicauri Luna y Arlenys Cordero.\" class=\"w-full object-cover\"><figcaption><span>Nicauri Luna y Arlenys Cordero.<\/span><span> (<strong>FUENTE EXTERNA<\/strong>)<\/span><\/figcaption><\/figure>\n<figure class=\"slider-item\">\n<div class=\"expand-img-placeholder\"><img loading=\"lazy\" decoding=\"async\" src=\"https:\/\/resources.diariolibre.com\/images\/expand.svg\" alt=\"Expandir imagen\" width=\"20\" height=\"20\"><span class=\"rutaimagenoriginal-placeholder\">https:\/\/resources.diariolibre.com\/images\/2026\/04\/24\/andy-de-jesus-almonte-adames-11a0a9f4.jpg<\/span><\/div>\n<p><img decoding=\"async\" src=\"https:\/\/resources.diariolibre.com\/images\/2026\/04\/24\/andy-de-jesus-almonte-adames-11a0a9f4.jpg\" width=\"100%\" alt=\"Andy De Jes\u00fas Almonte Adames.\" class=\"w-full object-cover\"><figcaption><span>Andy De Jes\u00fas Almonte Adames.<\/span><span> (<strong>FUENTE EXTERNA<\/strong>)<\/span><\/figcaption><\/figure>\n<figure class=\"slider-item\">\n<div class=\"expand-img-placeholder\"><img loading=\"lazy\" decoding=\"async\" src=\"https:\/\/resources.diariolibre.com\/images\/expand.svg\" alt=\"Expandir imagen\" width=\"20\" height=\"20\"><span class=\"rutaimagenoriginal-placeholder\">https:\/\/resources.diariolibre.com\/images\/2026\/04\/24\/christine-debord-e7cadbce.jpg<\/span><\/div>\n<p><img decoding=\"async\" src=\"https:\/\/resources.diariolibre.com\/images\/2026\/04\/24\/christine-debord-e7cadbce.jpg\" width=\"100%\" alt=\"Christine Debord.\" class=\"w-full object-cover\"><figcaption><span>Christine Debord.<\/span><span> (<strong>FUENTE EXTERNA<\/strong>)<\/span><\/figcaption><\/figure>\n<figure class=\"slider-item\">\n<div class=\"expand-img-placeholder\"><img loading=\"lazy\" decoding=\"async\" src=\"https:\/\/resources.diariolibre.com\/images\/expand.svg\" alt=\"Expandir imagen\" width=\"20\" height=\"20\"><span class=\"rutaimagenoriginal-placeholder\">https:\/\/resources.diariolibre.com\/images\/2026\/04\/24\/darleny-sosa-y-loren-lisauri-cuello-minyety-5d0cc29b.jpg<\/span><\/div>\n<p><img decoding=\"async\" src=\"https:\/\/resources.diariolibre.com\/images\/2026\/04\/24\/darleny-sosa-y-loren-lisauri-cuello-minyety-5d0cc29b.jpg\" width=\"100%\" alt=\"Darleny Sosa y Loren Lisauri Cuello Minyety.\" class=\"w-full object-cover\"><figcaption><span>Darleny Sosa y Loren Lisauri Cuello Minyety.<\/span><span> (<strong>FUENTE EXTERNA<\/strong>)<\/span><\/figcaption><\/figure>\n<figure class=\"slider-item\">\n<div class=\"expand-img-placeholder\"><img loading=\"lazy\" decoding=\"async\" src=\"https:\/\/resources.diariolibre.com\/images\/expand.svg\" alt=\"Expandir imagen\" width=\"20\" height=\"20\"><span class=\"rutaimagenoriginal-placeholder\">https:\/\/resources.diariolibre.com\/images\/2026\/04\/24\/david-jose-henriquez-diez-y-grace-margarett-baez-de-la-rosa-7288b30c.jpg<\/span><\/div>\n<p><img decoding=\"async\" src=\"https:\/\/resources.diariolibre.com\/images\/2026\/04\/24\/david-jose-henriquez-diez-y-grace-margarett-baez-de-la-rosa-7288b30c.jpg\" width=\"100%\" alt=\"David Jos\u00e9 Henr\u00edquez Diez y Grace Margarett B\u00e1ez De La Rosa.\" class=\"w-full object-cover\"><figcaption><span>David Jos\u00e9 Henr\u00edquez Diez y Grace Margarett B\u00e1ez De La Rosa.<\/span><span> (<strong>FUENTE EXTERNA<\/strong>)<\/span><\/figcaption><\/figure>\n<\/p><\/div>\n<div class=\"slider-arrows\">\n<div class=\"slider-arrow prev\">\u2039<\/div>\n<div class=\"slider-arrow next\">\u203a<\/div>\n<\/p><\/div>\n<ul class=\"slider-dots\"><\/ul>\n<\/div>\n<h2>Reconocimiento especial<\/h2>\n<p>Durante el evento se entreg\u00f3 un reconocimiento a la destacada atleta <strong>Cristina Matos<\/strong>, quien cuenta con m\u00e1s de <strong>30 a\u00f1os<\/strong> de trayectoria en el mundo del running y ha completado exitosamente 30 maratones, entre ellos once ediciones del prestigioso <strong>Marat\u00f3n<\/strong> de Boston.<\/p>\n<p> Pionera como <strong>Running Coach<\/strong> en Rep\u00fablica Dominicana, Cristina ha acompa\u00f1ado a cientos de atletas en sus procesos de entrenamiento, convirti\u00e9ndose en una gran fuente de inspiraci\u00f3n y referente para varias generaciones de corredores.<\/p>\n<p>La carrera SD RUN 5K es la primera de la llamada \u201c<strong>Serie SDC<\/strong>\u201d, integrada por los <strong>tres eventos anuales<\/strong> de <strong>Santo Domingo Corre<\/strong>: SD RUN 5K, <strong>Santo Domingo Corre<\/strong> 10K y el <strong>Marat\u00f3n<\/strong> de Santo Domingo. <\/p>\n<p>Esta trilog\u00eda permite que, al completar las tres competencias, sus medallas se unen formando un monumento emblem\u00e1tico e hist\u00f3rico de la ciudad de Santo Domingo, correspondiendo en este a\u00f1o 2026 al <strong>Palacio Presidencial<\/strong>.<\/p>\n<p><\/p>\n<p><\/p>\n<p>\u200bCon la participaci\u00f3n r\u00e9cord de tres mil corredores de todas las edades, el OFIT SD Run 5K celebr\u00f3 su novena edici\u00f3n. Organizada por Santo Domingo Corre, la carrera convirti\u00f3 la ciudad en un punto de encuentro para atletas, aficionados al running y familias completas, en una jornada enfocada en el deporte, la sana recreaci\u00f3n y el bienestar integral.Los directivos de Santo Domingo Corre, Modesto Reyes, Samuel Nu\u00f1ez, Marlenny Pe\u00f1a y Karla Mart\u00edn dieron la bienvenida a los participantes y acompa\u00f1aron el desarrollo del evento, motivando a los corredores y resaltando la importancia de seguir impulsando espacios que promuevan estilos de vida saludables y fortalezcan la comunidad deportiva.Marlenny Pe\u00f1a, directora general de Santo Domingo Corre, agradeci\u00f3 el respaldo brindado por los corredores, aficionados y familias que se dieron cita, asumiendo el reto con entusiasmo y reafirmando los valores de salud, bienestar y sana convivencia que promueve el evento.            https:\/\/resources.diariolibre.com\/images\/2026\/04\/24\/ganadoras-fem-anayelis-ramirez-soranyi-rodriguez-y-viajeisy-jimenez-87906995.jpgAnayelis Ram\u00edrez, Soranyi Rodr\u00edguez y Viajeisy Jim\u00e9nez fueron las ganadoras femeninas dle evento. (FUENTE EXTERNA)https:\/\/resources.diariolibre.com\/images\/2026\/04\/24\/reconocimiento-samuel-nunez-karla-martin-cristina-matos-modesto-reyes-y-marlenny-pena-28adf07c.jpgSamuel Nu\u00f1ez, Karla Mart\u00edn, Cristina Matos, Modesto Reyes y Marlenny Pe\u00f1a. (FUENTE EXTERNA)https:\/\/resources.diariolibre.com\/images\/2026\/04\/24\/richard-lara-pimentel-richard-lara-doris-leonor-espinal-martinez-jordi-ricardo-mota-portes-y-viviana-guzman-frias-960a3eec.jpgRichard Lara Pimentel, Richard Lara, Doris Leonor Espinal Mart\u00ednez, Jordi Ricardo Mota Portes y Viviana Guzm\u00e1n Frias. (FUENTE EXTERNA)https:\/\/resources.diariolibre.com\/images\/2026\/04\/24\/tomas-edison-hernandez-sosa-marla-de-los-santos-rhina-febles-santana-y-alam-cristopher-vasquez-martinez-51d53f21.jpgTomas Edison Hern\u00e1ndez Sosa, Marla De Los Santos, Rhina Febles Santana y Alam Cristopher V\u00e1squez Mart\u00ednez. (FUENTE EXTERNA)https:\/\/resources.diariolibre.com\/images\/2026\/04\/24\/emma-fernandez-y-blanca-mera-38c1bf76.jpgEmma Fern\u00e1ndez y Blanca Mera. (FUENTE EXTERNA)                \u2039        \u203a        \u201cNos llena de orgullo ver c\u00f3mo cada a\u00f1o se fortalece esta comunidad. La energ\u00eda, disciplina y entusiasmo demostrados por todos los participantes reflejan el compromiso de Santo Domingo Corre con el deporte y con estilos de vida saludables. Este respaldo nos motiva a seguir innovando, ampliando el alcance de cada edici\u00f3n y continuar creando espacios que unan a las familias y fortalezcan la cultura del running en el pa\u00eds\u201d, expres\u00f3 Marlenny Pe\u00f1a.Los ganadores del eventoEstrenando una renovada ruta en el Nuevo Malec\u00f3n Deportivo, los ganadores del primero, segundo y tercer lugar en la categor\u00eda Overall Masculino fueron Alejandro Rodr\u00edguez, Amaury Rodr\u00edguez, y Ramoncito Mej\u00eda. En la categor\u00eda femenina, los tres primeros lugares fueron para Soranyi Rodr\u00edguez, Anayelis Ram\u00edrez, y Viajeisy Jim\u00e9nez. Ambas categor\u00edas recibieron premios en met\u00e1lico.En representaci\u00f3n de la alcaldesa de Santo Domingo, Carolina Mej\u00eda, estuvo presente Yolanda de la Rosa, directora de Parques y Espacios P\u00fablicos.La directora reiter\u00f3 el apoyo y compromiso de la Alcald\u00eda del Distrito Nacional con iniciativas que promueven el deporte, la sana recreaci\u00f3n, la convivencia y el aprovechamiento positivo de los espacios p\u00fablicos para el bienestar de la ciudadan\u00eda.            https:\/\/resources.diariolibre.com\/images\/2026\/04\/24\/milenia-batista-y-rafael-lopez-65349640.jpgMilenia Batista y Rafael L\u00f3pez. (FUENTE EXTERNA)https:\/\/resources.diariolibre.com\/images\/2026\/04\/24\/nicauri-luna-y-arlenys-cordero-60ccdd95.jpgNicauri Luna y Arlenys Cordero. (FUENTE EXTERNA)https:\/\/resources.diariolibre.com\/images\/2026\/04\/24\/andy-de-jesus-almonte-adames-11a0a9f4.jpgAndy De Jes\u00fas Almonte Adames. (FUENTE EXTERNA)https:\/\/resources.diariolibre.com\/images\/2026\/04\/24\/christine-debord-e7cadbce.jpgChristine Debord. (FUENTE EXTERNA)https:\/\/resources.diariolibre.com\/images\/2026\/04\/24\/darleny-sosa-y-loren-lisauri-cuello-minyety-5d0cc29b.jpgDarleny Sosa y Loren Lisauri Cuello Minyety. (FUENTE EXTERNA)https:\/\/resources.diariolibre.com\/images\/2026\/04\/24\/david-jose-henriquez-diez-y-grace-margarett-baez-de-la-rosa-7288b30c.jpgDavid Jos\u00e9 Henr\u00edquez Diez y Grace Margarett B\u00e1ez De La Rosa. (FUENTE EXTERNA)                \u2039        \u203a        Reconocimiento especialDurante el evento se entreg\u00f3 un reconocimiento a la destacada atleta Cristina Matos, quien cuenta con m\u00e1s de 30 a\u00f1os de trayectoria en el mundo del running y ha completado exitosamente 30 maratones, entre ellos once ediciones del prestigioso Marat\u00f3n de Boston. Pionera como Running Coach en Rep\u00fablica Dominicana, Cristina ha acompa\u00f1ado a cientos de atletas en sus procesos de entrenamiento, convirti\u00e9ndose en una gran fuente de inspiraci\u00f3n y referente para varias generaciones de corredores.La carrera SD RUN 5K es la primera de la llamada \u201cSerie SDC\u201d, integrada por los tres eventos anuales de Santo Domingo Corre: SD RUN 5K, Santo Domingo Corre 10K y el Marat\u00f3n de Santo Domingo. Esta trilog\u00eda permite que, al completar las tres competencias, sus medallas se unen formando un monumento emblem\u00e1tico e hist\u00f3rico de la ciudad de Santo Domingo, correspondiendo en este a\u00f1o 2026 al Palacio Presidencial.\u00a0\u00a0Revista, Sociales, Diario Libre, Santo Domingo, Marat\u00f3n, Ganadores, Santo Domingo Corre, OFIT SD Run 5K\u00a0<\/p>\n","protected":false},"excerpt":{"rendered":"<p>Con la participaci\u00f3n r\u00e9cord de tres mil corredores de todas las edades, el OFIT SD Run 5K celebr\u00f3 su novena edici\u00f3n. Organizada por Santo Domingo Corre, la carrera convirti\u00f3 la ciudad en un punto de encuentro para atletas, aficionados al running y familias completas, en una jornada enfocada en el deporte, la sana recreaci\u00f3n y [&hellip;]<\/p>\n","protected":false},"author":1,"featured_media":23446,"comment_status":"open","ping_status":"open","sticky":false,"template":"","format":"standard","meta":{"amp_status":"","footnotes":""},"categories":[9],"tags":[],"class_list":["post-23604","post","type-post","status-publish","format-standard","has-post-thumbnail","hentry","category-espectaculo"],"_links":{"self":[{"href":"https:\/\/ermdigital.com\/index.php?rest_route=\/wp\/v2\/posts\/23604","targetHints":{"allow":["GET"]}}],"collection":[{"href":"https:\/\/ermdigital.com\/index.php?rest_route=\/wp\/v2\/posts"}],"about":[{"href":"https:\/\/ermdigital.com\/index.php?rest_route=\/wp\/v2\/types\/post"}],"author":[{"embeddable":true,"href":"https:\/\/ermdigital.com\/index.php?rest_route=\/wp\/v2\/users\/1"}],"replies":[{"embeddable":true,"href":"https:\/\/ermdigital.com\/index.php?rest_route=%2Fwp%2Fv2%2Fcomments&post=23604"}],"version-history":[{"count":0,"href":"https:\/\/ermdigital.com\/index.php?rest_route=\/wp\/v2\/posts\/23604\/revisions"}],"wp:featuredmedia":[{"embeddable":true,"href":"https:\/\/ermdigital.com\/index.php?rest_route=\/wp\/v2\/media\/23446"}],"wp:attachment":[{"href":"https:\/\/ermdigital.com\/index.php?rest_route=%2Fwp%2Fv2%2Fmedia&parent=23604"}],"wp:term":[{"taxonomy":"category","embeddable":true,"href":"https:\/\/ermdigital.com\/index.php?rest_route=%2Fwp%2Fv2%2Fcategories&post=23604"},{"taxonomy":"post_tag","embeddable":true,"href":"https:\/\/ermdigital.com\/index.php?rest_route=%2Fwp%2Fv2%2Ftags&post=23604"}],"curies":[{"name":"wp","href":"https:\/\/api.w.org\/{rel}","templated":true}]}}