{"id":23453,"date":"2026-04-24T09:27:00","date_gmt":"2026-04-24T13:27:00","guid":{"rendered":"https:\/\/ermdigital.com\/index.php\/2026\/04\/24\/steren-inaugura-su-cuarta-tienda-en-rd\/"},"modified":"2026-04-24T09:27:00","modified_gmt":"2026-04-24T13:27:00","slug":"steren-inaugura-su-cuarta-tienda-en-rd","status":"publish","type":"post","link":"https:\/\/ermdigital.com\/?p=23453","title":{"rendered":"Steren inaugura su cuarta tienda en RD"},"content":{"rendered":"<p>La empresa mexicana l\u00edder en mejorar la vida de las personas con soluciones en <strong>tecnolog\u00eda<\/strong>; <strong>Steren<\/strong>, celebr\u00f3 la <strong>inauguraci\u00f3n oficial<\/strong> de su <strong>cuarta tienda<\/strong> en Rep\u00fablica Dominicana, ubicada sobre la emblem\u00e1tica Avenida 27 de febrero, una de las arterias m\u00e1s importantes de Santo Domingo, consolidando su presencia en el principal corredor tecnol\u00f3gico del pa\u00eds.<\/p>\n<p>Con esta apertura, la multinacional mexicana fortalece su <strong>estrategia de expansi\u00f3n<\/strong> en el <strong>Caribe<\/strong> al integrarse a una de las zonas con mayor dinamismo tecnol\u00f3gico, econ\u00f3mico y comercial del Distrito Nacional, a pocos minutos de la reconocida <strong>Plaza de la Tecnolog\u00eda<\/strong>, punto clave para la industria tecnol\u00f3gica local.<\/p>\n<div class=\"my-12 component gallery relative small-slider\">\n<div class=\"slider-container\">\n<figure class=\"slider-item\">\n<div class=\"expand-img-placeholder\"><img loading=\"lazy\" decoding=\"async\" src=\"https:\/\/resources.diariolibre.com\/images\/expand.svg\" alt=\"Expandir imagen\" width=\"20\" height=\"20\"><span class=\"rutaimagenoriginal-placeholder\">https:\/\/resources.diariolibre.com\/images\/2026\/04\/24\/2-5009-ejecutivos-de-steren-realizan-corte-de-cinta-que-deja-inaugurada-sucursal-27-de-febrero-3d1670b4.jpg<\/span><\/div>\n<p><img decoding=\"async\" src=\"https:\/\/resources.diariolibre.com\/images\/2026\/04\/24\/2-5009-ejecutivos-de-steren-realizan-corte-de-cinta-que-deja-inaugurada-sucursal-27-de-febrero-3d1670b4.jpg\" width=\"100%\" alt=\"Ejecutivos de Steren realizan corte de cinta que deja inaugurada sucursal 27 de Febrero.\" class=\"w-full object-cover\"><figcaption><span>Ejecutivos de Steren realizan corte de cinta que deja inaugurada sucursal 27 de Febrero.<\/span><span> (<strong>FUENTE EXTERNA<\/strong>)<\/span><\/figcaption><\/figure>\n<figure class=\"slider-item\">\n<div class=\"expand-img-placeholder\"><img loading=\"lazy\" decoding=\"async\" src=\"https:\/\/resources.diariolibre.com\/images\/expand.svg\" alt=\"Expandir imagen\" width=\"20\" height=\"20\"><span class=\"rutaimagenoriginal-placeholder\">https:\/\/resources.diariolibre.com\/images\/2026\/04\/24\/4886&#8211;julissa-raful-observa-los-productos-steren-38b3e882.jpg<\/span><\/div>\n<p><img decoding=\"async\" src=\"https:\/\/resources.diariolibre.com\/images\/2026\/04\/24\/4886--julissa-raful-observa-los-productos-steren-38b3e882.jpg\" width=\"100%\" alt=\"Julissa Raful observa los productos Steren.\" class=\"w-full object-cover\"><figcaption><span>Julissa Raful observa los productos Steren.<\/span><span> (<strong>FUENTE EXTERNA<\/strong>)<\/span><\/figcaption><\/figure>\n<figure class=\"slider-item\">\n<div class=\"expand-img-placeholder\"><img loading=\"lazy\" decoding=\"async\" src=\"https:\/\/resources.diariolibre.com\/images\/expand.svg\" alt=\"Expandir imagen\" width=\"20\" height=\"20\"><span class=\"rutaimagenoriginal-placeholder\">https:\/\/resources.diariolibre.com\/images\/2026\/04\/24\/4928&#8211;felix-ortiz-eric-y-michelen-y-eric-michelen-8c908bd8.jpg<\/span><\/div>\n<p><img decoding=\"async\" src=\"https:\/\/resources.diariolibre.com\/images\/2026\/04\/24\/4928--felix-ortiz-eric-y-michelen-y-eric-michelen-8c908bd8.jpg\" width=\"100%\" alt=\" F\u00e9lix Ortiz, Eric Y. Michelen y Eric Michelen.\" class=\"w-full object-cover\"><figcaption><span>F\u00e9lix Ortiz, Eric Y. Michelen y Eric Michelen.<\/span><span> (<strong>FUENTE EXTERNA<\/strong>)<\/span><\/figcaption><\/figure>\n<\/p><\/div>\n<div class=\"slider-arrows\">\n<div class=\"slider-arrow prev\">\u2039<\/div>\n<div class=\"slider-arrow next\">\u203a<\/div>\n<\/p><\/div>\n<ul class=\"slider-dots\"><\/ul>\n<\/div>\n<p>Durante el <strong>evento de inauguraci\u00f3n<\/strong>, <strong>medios de comunicaci\u00f3n<\/strong>, creadores de contenido y aliados estrat\u00e9gicos se dieron cita para conocer de primera mano la propuesta tecnol\u00f3gica de la marca.<\/p>\n<p>Los presentes tambi\u00e9n tuvieron la oportunidad de recorrer la tienda y explorar su <strong>amplio cat\u00e1logo<\/strong> con miles de productos, que incluye soluciones en audio, conectividad, energ\u00eda, seguridad, Smart Home, as\u00ed como herramientas, componentes y accesorios.<\/p>\n<p><strong>Steren<\/strong> 27 de febrero representa un paso estrat\u00e9gico para <strong>Steren<\/strong>, al posicionarse en una <strong>ubicaci\u00f3n clave<\/strong> que conecta directamente con el <strong>consumidor moderno<\/strong> y con una comunidad activa de entusiastas de la <strong>tecnolog\u00eda<\/strong>, emprendedores y profesionales.<\/p>\n<div class=\"my-12 component gallery relative small-slider\">\n<div class=\"slider-container\">\n<figure class=\"slider-item\">\n<div class=\"expand-img-placeholder\"><img loading=\"lazy\" decoding=\"async\" src=\"https:\/\/resources.diariolibre.com\/images\/expand.svg\" alt=\"Expandir imagen\" width=\"20\" height=\"20\"><span class=\"rutaimagenoriginal-placeholder\">https:\/\/resources.diariolibre.com\/images\/2026\/04\/24\/4903&#8211;erlantz-garcia-y-javier-rivera-b40a373d.jpg<\/span><\/div>\n<p><img decoding=\"async\" src=\"https:\/\/resources.diariolibre.com\/images\/2026\/04\/24\/4903--erlantz-garcia-y-javier-rivera-b40a373d.jpg\" width=\"100%\" alt=\"Erlantz Garc\u00eda y Javier Rivera.\" class=\"w-full object-cover\"><figcaption><span>Erlantz Garc\u00eda y Javier Rivera.<\/span><span> (<strong>FUENTE EXTERNA<\/strong>)<\/span><\/figcaption><\/figure>\n<figure class=\"slider-item\">\n<div class=\"expand-img-placeholder\"><img loading=\"lazy\" decoding=\"async\" src=\"https:\/\/resources.diariolibre.com\/images\/expand.svg\" alt=\"Expandir imagen\" width=\"20\" height=\"20\"><span class=\"rutaimagenoriginal-placeholder\">https:\/\/resources.diariolibre.com\/images\/2026\/04\/24\/4941&#8211;elsa-guzman-y-stephanie-williams-6481360f.jpg<\/span><\/div>\n<p><img decoding=\"async\" src=\"https:\/\/resources.diariolibre.com\/images\/2026\/04\/24\/4941--elsa-guzman-y-stephanie-williams-6481360f.jpg\" width=\"100%\" alt=\"Elsa Guzm\u00e1n y Stephanie Williams.\" class=\"w-full object-cover\"><figcaption><span>Elsa Guzm\u00e1n y Stephanie Williams.<\/span><span> (<strong>FUENTE EXTERNA<\/strong>)<\/span><\/figcaption><\/figure>\n<figure class=\"slider-item\">\n<div class=\"expand-img-placeholder\"><img loading=\"lazy\" decoding=\"async\" src=\"https:\/\/resources.diariolibre.com\/images\/expand.svg\" alt=\"Expandir imagen\" width=\"20\" height=\"20\"><span class=\"rutaimagenoriginal-placeholder\">https:\/\/resources.diariolibre.com\/images\/2026\/04\/24\/4917&#8211;damian-nunez-y-julio-suncar-6c144ce7.jpg<\/span><\/div>\n<p><img decoding=\"async\" src=\"https:\/\/resources.diariolibre.com\/images\/2026\/04\/24\/4917--damian-nunez-y-julio-suncar-6c144ce7.jpg\" width=\"100%\" alt=\"Dami\u00e1n N\u00fa\u00f1ez y Julio Suncar.\" class=\"w-full object-cover\"><figcaption><span>Dami\u00e1n N\u00fa\u00f1ez y Julio Suncar.<\/span><span> (<strong>FUENTE EXTERNA<\/strong>)<\/span><\/figcaption><\/figure>\n<figure class=\"slider-item\">\n<div class=\"expand-img-placeholder\"><img loading=\"lazy\" decoding=\"async\" src=\"https:\/\/resources.diariolibre.com\/images\/expand.svg\" alt=\"Expandir imagen\" width=\"20\" height=\"20\"><span class=\"rutaimagenoriginal-placeholder\">https:\/\/resources.diariolibre.com\/images\/2026\/04\/24\/5016&#8211;pedro-raful-y-romulo-lluberes-f8d3c76d.jpg<\/span><\/div>\n<p><img decoding=\"async\" src=\"https:\/\/resources.diariolibre.com\/images\/2026\/04\/24\/5016--pedro-raful-y-romulo-lluberes-f8d3c76d.jpg\" width=\"100%\" alt=\"Pedro Raful y R\u00f3mulo Lluberes.\" class=\"w-full object-cover\"><figcaption><span>Pedro Raful y R\u00f3mulo Lluberes.<\/span><span> (<strong>FUENTE EXTERNA<\/strong>)<\/span><\/figcaption><\/figure>\n<\/p><\/div>\n<div class=\"slider-arrows\">\n<div class=\"slider-arrow prev\">\u2039<\/div>\n<div class=\"slider-arrow next\">\u203a<\/div>\n<\/p><\/div>\n<ul class=\"slider-dots\"><\/ul>\n<\/div>\n<p>\u201cSeguimos apostando por Rep\u00fablica Dominicana como un <strong>mercado clave<\/strong> en nuestra estrategia de <strong>crecimiento en Latinoam\u00e9rica<\/strong>. Estar presentes en una de las avenidas m\u00e1s importantes del pa\u00eds y en el epicentro tecnol\u00f3gico de la capital nos permite conectar de forma m\u00e1s directa con nuestros clientes y seguir impulsando el <strong>desarrollo tecnol\u00f3gico<\/strong> en la regi\u00f3n\u201d, se\u00f1al\u00f3 <strong>Alejandra Cely<\/strong>, Retail Country Manager de <strong>Steren<\/strong> Rep\u00fablica Dominicana.<\/p>\n<h2><strong>Visi\u00f3n enfocada<\/strong><\/h2>\n<p>La expansi\u00f3n de <strong>Steren<\/strong> en el pa\u00eds responde a una <strong>visi\u00f3n enfocada<\/strong> en acercar <strong>soluciones tecnol\u00f3gicas<\/strong> accesibles y de calidad a m\u00e1s personas, contribuyendo al fortalecimiento del <strong>ecosistema digital<\/strong> y al impulso de proyectos personales, educativos y de emprendimiento.<\/p>\n<p>Con esta <strong>inauguraci\u00f3n<\/strong>, <strong>Steren<\/strong> reafirma su <strong>compromiso con Rep\u00fablica Dominicana<\/strong>, consolid\u00e1ndose como un <strong>actor relevante<\/strong> en el <strong>desarrollo tecnol\u00f3gico<\/strong>, comercial y econ\u00f3mico del pa\u00eds.<\/p>\n<p><\/p>\n<p><\/p>\n<p>\u200bLa empresa mexicana l\u00edder en mejorar la vida de las personas con soluciones en tecnolog\u00eda; Steren, celebr\u00f3 la inauguraci\u00f3n oficial de su cuarta tienda en Rep\u00fablica Dominicana, ubicada sobre la emblem\u00e1tica Avenida 27 de febrero, una de las arterias m\u00e1s importantes de Santo Domingo, consolidando su presencia en el principal corredor tecnol\u00f3gico del pa\u00eds.Con esta apertura, la multinacional mexicana fortalece su estrategia de expansi\u00f3n en el Caribe al integrarse a una de las zonas con mayor dinamismo tecnol\u00f3gico, econ\u00f3mico y comercial del Distrito Nacional, a pocos minutos de la reconocida Plaza de la Tecnolog\u00eda, punto clave para la industria tecnol\u00f3gica local.            https:\/\/resources.diariolibre.com\/images\/2026\/04\/24\/2-5009-ejecutivos-de-steren-realizan-corte-de-cinta-que-deja-inaugurada-sucursal-27-de-febrero-3d1670b4.jpgEjecutivos de Steren realizan corte de cinta que deja inaugurada sucursal 27 de Febrero. (FUENTE EXTERNA)https:\/\/resources.diariolibre.com\/images\/2026\/04\/24\/4886&#8211;julissa-raful-observa-los-productos-steren-38b3e882.jpgJulissa Raful observa los productos Steren. (FUENTE EXTERNA)https:\/\/resources.diariolibre.com\/images\/2026\/04\/24\/4928&#8211;felix-ortiz-eric-y-michelen-y-eric-michelen-8c908bd8.jpgF\u00e9lix Ortiz, Eric Y. Michelen y Eric Michelen. (FUENTE EXTERNA)                \u2039        \u203a        Durante el evento de inauguraci\u00f3n, medios de comunicaci\u00f3n, creadores de contenido y aliados estrat\u00e9gicos se dieron cita para conocer de primera mano la propuesta tecnol\u00f3gica de la marca.Los presentes tambi\u00e9n tuvieron la oportunidad de recorrer la tienda y explorar su amplio cat\u00e1logo con miles de productos, que incluye soluciones en audio, conectividad, energ\u00eda, seguridad, Smart Home, as\u00ed como herramientas, componentes y accesorios.Steren 27 de febrero representa un paso estrat\u00e9gico para Steren, al posicionarse en una ubicaci\u00f3n clave que conecta directamente con el consumidor moderno y con una comunidad activa de entusiastas de la tecnolog\u00eda, emprendedores y profesionales.            https:\/\/resources.diariolibre.com\/images\/2026\/04\/24\/4903&#8211;erlantz-garcia-y-javier-rivera-b40a373d.jpgErlantz Garc\u00eda y Javier Rivera. (FUENTE EXTERNA)https:\/\/resources.diariolibre.com\/images\/2026\/04\/24\/4941&#8211;elsa-guzman-y-stephanie-williams-6481360f.jpgElsa Guzm\u00e1n y Stephanie Williams. (FUENTE EXTERNA)https:\/\/resources.diariolibre.com\/images\/2026\/04\/24\/4917&#8211;damian-nunez-y-julio-suncar-6c144ce7.jpgDami\u00e1n N\u00fa\u00f1ez y Julio Suncar. (FUENTE EXTERNA)https:\/\/resources.diariolibre.com\/images\/2026\/04\/24\/5016&#8211;pedro-raful-y-romulo-lluberes-f8d3c76d.jpgPedro Raful y R\u00f3mulo Lluberes. (FUENTE EXTERNA)                \u2039        \u203a        \u201cSeguimos apostando por Rep\u00fablica Dominicana como un mercado clave en nuestra estrategia de crecimiento en Latinoam\u00e9rica. Estar presentes en una de las avenidas m\u00e1s importantes del pa\u00eds y en el epicentro tecnol\u00f3gico de la capital nos permite conectar de forma m\u00e1s directa con nuestros clientes y seguir impulsando el desarrollo tecnol\u00f3gico en la regi\u00f3n\u201d, se\u00f1al\u00f3 Alejandra Cely, Retail Country Manager de Steren Rep\u00fablica Dominicana.Visi\u00f3n enfocadaLa expansi\u00f3n de Steren en el pa\u00eds responde a una visi\u00f3n enfocada en acercar soluciones tecnol\u00f3gicas accesibles y de calidad a m\u00e1s personas, contribuyendo al fortalecimiento del ecosistema digital y al impulso de proyectos personales, educativos y de emprendimiento.Con esta inauguraci\u00f3n, Steren reafirma su compromiso con Rep\u00fablica Dominicana, consolid\u00e1ndose como un actor relevante en el desarrollo tecnol\u00f3gico, comercial y econ\u00f3mico del pa\u00eds.\u00a0\u00a0Revista, Sociales, Diario Libre, Santo Domingo, Tecnolog\u00eda, Inauguraci\u00f3n, sucursal, Steren\u00a0<\/p>\n","protected":false},"excerpt":{"rendered":"<p>La empresa mexicana l\u00edder en mejorar la vida de las personas con soluciones en tecnolog\u00eda; Steren, celebr\u00f3 la inauguraci\u00f3n oficial de su cuarta tienda en Rep\u00fablica Dominicana, ubicada sobre la emblem\u00e1tica Avenida 27 de febrero, una de las arterias m\u00e1s importantes de Santo Domingo, consolidando su presencia en el principal corredor tecnol\u00f3gico del pa\u00eds. Con [&hellip;]<\/p>\n","protected":false},"author":1,"featured_media":23361,"comment_status":"open","ping_status":"open","sticky":false,"template":"","format":"standard","meta":{"amp_status":"","footnotes":""},"categories":[9],"tags":[],"class_list":["post-23453","post","type-post","status-publish","format-standard","has-post-thumbnail","hentry","category-espectaculo"],"_links":{"self":[{"href":"https:\/\/ermdigital.com\/index.php?rest_route=\/wp\/v2\/posts\/23453","targetHints":{"allow":["GET"]}}],"collection":[{"href":"https:\/\/ermdigital.com\/index.php?rest_route=\/wp\/v2\/posts"}],"about":[{"href":"https:\/\/ermdigital.com\/index.php?rest_route=\/wp\/v2\/types\/post"}],"author":[{"embeddable":true,"href":"https:\/\/ermdigital.com\/index.php?rest_route=\/wp\/v2\/users\/1"}],"replies":[{"embeddable":true,"href":"https:\/\/ermdigital.com\/index.php?rest_route=%2Fwp%2Fv2%2Fcomments&post=23453"}],"version-history":[{"count":0,"href":"https:\/\/ermdigital.com\/index.php?rest_route=\/wp\/v2\/posts\/23453\/revisions"}],"wp:featuredmedia":[{"embeddable":true,"href":"https:\/\/ermdigital.com\/index.php?rest_route=\/wp\/v2\/media\/23361"}],"wp:attachment":[{"href":"https:\/\/ermdigital.com\/index.php?rest_route=%2Fwp%2Fv2%2Fmedia&parent=23453"}],"wp:term":[{"taxonomy":"category","embeddable":true,"href":"https:\/\/ermdigital.com\/index.php?rest_route=%2Fwp%2Fv2%2Fcategories&post=23453"},{"taxonomy":"post_tag","embeddable":true,"href":"https:\/\/ermdigital.com\/index.php?rest_route=%2Fwp%2Fv2%2Ftags&post=23453"}],"curies":[{"name":"wp","href":"https:\/\/api.w.org\/{rel}","templated":true}]}}