{"id":23329,"date":"2026-04-23T16:44:00","date_gmt":"2026-04-23T20:44:00","guid":{"rendered":"https:\/\/ermdigital.com\/index.php\/2026\/04\/23\/rafael-nunez-pone-en-circulacion-libro\/"},"modified":"2026-04-23T16:44:00","modified_gmt":"2026-04-23T20:44:00","slug":"rafael-nunez-pone-en-circulacion-libro","status":"publish","type":"post","link":"https:\/\/ermdigital.com\/?p=23329","title":{"rendered":"Rafael N\u00fa\u00f1ez pone en circulaci\u00f3n libro"},"content":{"rendered":"<p>En repetidas ocasiones, <strong>Rep\u00fablica Dominicana<\/strong> ha <strong>recibido cr\u00edticas<\/strong> en las que se le califica como una <strong>naci\u00f3n racista y xen\u00f3foba<\/strong>. Precisamente, esa fue la raz\u00f3n por la que el periodista <strong>Rafael N\u00fa\u00f1ez<\/strong> decidi\u00f3 realizar una <strong>investigaci\u00f3n profunda<\/strong> que dio como resultado el libro \"<strong>Santo Domingo: G\u00e9nesis y ruptura de dos naciones<\/strong>\".<\/p>\n<p>La obra fue puesta en circulaci\u00f3n en la <strong>Biblioteca Nacional Pedro Henr\u00edquez Ure\u00f1a<\/strong>, en presencia del presidente de la Rep\u00fablica, <strong>Luis Abinader<\/strong>, a quien le fue entregado un ejemplar.<\/p>\n<p>En su discurso, <strong>N\u00fa\u00f1ez explic\u00f3<\/strong> que el objetivo de este libro es defender la realidad dominicana desde un enfoque documentado. Indaga en los or\u00edgenes y en las profundidades de la <strong>historia de la isla<\/strong>: las poblaciones ind\u00edgenas, la colonizaci\u00f3n, la esclavitud y la divisi\u00f3n del territorio.<\/p>\n<p> Sostiene que <strong>Rep\u00fablica Dominicana<\/strong> y Hait\u00ed comparten ra\u00edces, pero desarrollaron <strong>identidades distintas<\/strong> en cultura, idioma y estructuras sociales.<\/p>\n<p>El <strong>profesional<\/strong>, cuya trayectoria supera las <strong>cuatro d\u00e9cadas<\/strong>, dej\u00f3 claro que no se trata de un texto nacionalista, sino de un <strong>ensayo <\/strong>que busca objetividad, exponiendo hechos hist\u00f3ricos, as\u00ed como las virtudes y debilidades de ambos pa\u00edses.<\/p>\n<h2>Criterios de ilustrados<\/h2>\n<figure class=\"inline-block\">\n<div class=\"expand-img-placeholder\"><img loading=\"lazy\" decoding=\"async\" src=\"https:\/\/resources.diariolibre.com\/images\/expand.svg\" alt=\"Expandir imagen\" width=\"20\" height=\"20\"><span class=\"rutaimagenoriginal-placeholder\">https:\/\/resources.diariolibre.com\/images\/2026\/04\/24\/23042026-lanzamiento-del-libro-jueves-23-de-abril-2026-samil-mateo31-0b075794.jpg<\/span><\/div>\n<p><img decoding=\"async\" loading=\"lazy\" src=\"https:\/\/resources.diariolibre.com\/images\/2026\/04\/24\/23042026-lanzamiento-del-libro-jueves-23-de-abril-2026-samil-mateo31-0b075794.jpg\" width=\"auto\" height=\"350\" alt=\"[object HTMLTextAreaElement]\" class=\"mx-auto\"><figcaption><span>El nuevo libro fue puesto a disposici\u00f3n de los presentes en la puesta en circulaci\u00f3n y est\u00e1 disponible en Amazon.<\/span><span> (<strong>DIARIO LIBRE\/SAMIL MATEO<\/strong>)<\/span><\/figcaption><\/figure>\n<p>El historiador <strong>Juan Daniel Balc\u00e1cer<\/strong> explic\u00f3 que la <strong>obra examina<\/strong> c\u00f3mo, pese a tener or\u00edgenes comunes, ambas naciones desarrollaron <strong>identidades distintas<\/strong>. Se\u00f1ala momentos clave como las devastaciones de Osorio, la colonizaci\u00f3n francesa en el occidente de la isla y el sistema esclavista, factores que marcaron diferencias estructurales entre ambas sociedades.<\/p>\n<p>Indic\u00f3 que el <strong>libro profundiza<\/strong> m\u00e1s en la <strong>historia haitiana<\/strong> para equilibrar el conocimiento, ya que los dominicanos suelen estar menos familiarizados con ella. Tambi\u00e9n analiza temas como la <strong>esclavitud atl\u00e1ntica<\/strong>, la formaci\u00f3n de identidades y los conflictos pol\u00edticos en Hait\u00ed, as\u00ed como sus efectos en el desarrollo de ambas naciones.<\/p>\n<p>Balc\u00e1cer a\u00f1adi\u00f3 que, aunque existen <strong>ra\u00edces comunes<\/strong>, las <strong>diferencias culturales<\/strong> e hist\u00f3ricas hacen inviable cualquier idea de fusi\u00f3n entre ambos pa\u00edses. En cambio, valor\u00f3 la propuesta del autor de fomentar la cooperaci\u00f3n, el respeto mutuo y la convivencia pac\u00edfica.<\/p>\n<p>Por su parte, <strong>Eliades Acosta<\/strong> resalt\u00f3 que el libro permite adentrarse en esa compleja relaci\u00f3n hist\u00f3rica con una <strong>mirada cr\u00edtica<\/strong> y detallada, pero a la vez accesible. Elogi\u00f3 especialmente el estilo del autor por su <strong>lenguaje claro<\/strong>, preciso y de corte period\u00edstico, que acerca el contenido al p\u00fablico general sin sacrificar rigor.<\/p>\n<p>Asimismo, subray\u00f3 que la obra aborda <strong>temas hist\u00f3ricos<\/strong>, filos\u00f3ficos y sociales, incluyendo <strong>tensiones raciales<\/strong>, procesos independentistas y v\u00ednculos entre distintas naciones, para explicar las contradicciones y conexiones entre Hait\u00ed y <strong>Rep\u00fablica Dominicana<\/strong>. Destac\u00f3 c\u00f3mo el libro ayuda a comprender por qu\u00e9, pese a las luchas similares, las <strong>trayectorias<\/strong> de ambos pueblos han <strong>sido distintas.<\/strong><\/p>\n<p>Tambi\u00e9n valor\u00f3 el uso de herramientas te\u00f3ricas, como el <strong>enfoque marxista<\/strong>, para interpretar la realidad hist\u00f3rica sin rigidez, y concluy\u00f3 que se trata de una <strong>obra profunda<\/strong>, que adem\u00e1s, es:<\/p>\n<ul>\n<li>Bien escrita y reveladora<\/li>\n<li>Capaz de ofrecer <strong>nuevas miradas<\/strong> sobre una relaci\u00f3n compleja<\/li>\n<li>Conflictiva y cargada de historia.<\/li>\n<\/ul>\n<p><\/p>\n<p><\/p>\n<p>\u200bEn repetidas ocasiones, Rep\u00fablica Dominicana ha recibido cr\u00edticas en las que se le califica como una naci\u00f3n racista y xen\u00f3foba. Precisamente, esa fue la raz\u00f3n por la que el periodista Rafael N\u00fa\u00f1ez decidi\u00f3 realizar una investigaci\u00f3n profunda que dio como resultado el libro \"Santo Domingo: G\u00e9nesis y ruptura de dos naciones\".La obra fue puesta en circulaci\u00f3n en la Biblioteca Nacional Pedro Henr\u00edquez Ure\u00f1a, en presencia del presidente de la Rep\u00fablica, Luis Abinader, a quien le fue entregado un ejemplar.En su discurso, N\u00fa\u00f1ez explic\u00f3 que el objetivo de este libro es defender la realidad dominicana desde un enfoque documentado. Indaga en los or\u00edgenes y en las profundidades de la historia de la isla: las poblaciones ind\u00edgenas, la colonizaci\u00f3n, la esclavitud y la divisi\u00f3n del territorio. Sostiene que Rep\u00fablica Dominicana y Hait\u00ed comparten ra\u00edces, pero desarrollaron identidades distintas en cultura, idioma y estructuras sociales.El profesional, cuya trayectoria supera las cuatro d\u00e9cadas, dej\u00f3 claro que no se trata de un texto nacionalista, sino de un ensayo que busca objetividad, exponiendo hechos hist\u00f3ricos, as\u00ed como las virtudes y debilidades de ambos pa\u00edses.Criterios de ilustradoshttps:\/\/resources.diariolibre.com\/images\/2026\/04\/24\/23042026-lanzamiento-del-libro-jueves-23-de-abril-2026-samil-mateo31-0b075794.jpgEl nuevo libro fue puesto a disposici\u00f3n de los presentes en la puesta en circulaci\u00f3n y est\u00e1 disponible en Amazon. (DIARIO LIBRE\/SAMIL MATEO)El historiador Juan Daniel Balc\u00e1cer explic\u00f3 que la obra examina c\u00f3mo, pese a tener or\u00edgenes comunes, ambas naciones desarrollaron identidades distintas. Se\u00f1ala momentos clave como las devastaciones de Osorio, la colonizaci\u00f3n francesa en el occidente de la isla y el sistema esclavista, factores que marcaron diferencias estructurales entre ambas sociedades.Indic\u00f3 que el libro profundiza m\u00e1s en la historia haitiana para equilibrar el conocimiento, ya que los dominicanos suelen estar menos familiarizados con ella. Tambi\u00e9n analiza temas como la esclavitud atl\u00e1ntica, la formaci\u00f3n de identidades y los conflictos pol\u00edticos en Hait\u00ed, as\u00ed como sus efectos en el desarrollo de ambas naciones.Balc\u00e1cer a\u00f1adi\u00f3 que, aunque existen ra\u00edces comunes, las diferencias culturales e hist\u00f3ricas hacen inviable cualquier idea de fusi\u00f3n entre ambos pa\u00edses. En cambio, valor\u00f3 la propuesta del autor de fomentar la cooperaci\u00f3n, el respeto mutuo y la convivencia pac\u00edfica.Por su parte, Eliades Acosta resalt\u00f3 que el libro permite adentrarse en esa compleja relaci\u00f3n hist\u00f3rica con una mirada cr\u00edtica y detallada, pero a la vez accesible. Elogi\u00f3 especialmente el estilo del autor por su lenguaje claro, preciso y de corte period\u00edstico, que acerca el contenido al p\u00fablico general sin sacrificar rigor.Asimismo, subray\u00f3 que la obra aborda temas hist\u00f3ricos, filos\u00f3ficos y sociales, incluyendo tensiones raciales, procesos independentistas y v\u00ednculos entre distintas naciones, para explicar las contradicciones y conexiones entre Hait\u00ed y Rep\u00fablica Dominicana. Destac\u00f3 c\u00f3mo el libro ayuda a comprender por qu\u00e9, pese a las luchas similares, las trayectorias de ambos pueblos han sido distintas.Tambi\u00e9n valor\u00f3 el uso de herramientas te\u00f3ricas, como el enfoque marxista, para interpretar la realidad hist\u00f3rica sin rigidez, y concluy\u00f3 que se trata de una obra profunda, que adem\u00e1s, es:    Bien escrita y reveladora    Capaz de ofrecer nuevas miradas sobre una relaci\u00f3n compleja    Conflictiva y cargada de historia.\u00a0\u00a0Revista, Cultura, Mayra P\u00e9rez Castillo, Santo Domingo, puesta en circulaci\u00f3n de libro, Rafael N\u00fa\u00f1ez, Santo Domingo: g\u00e9nesis y ruptura de dos naciones\u00a0<\/p>\n","protected":false},"excerpt":{"rendered":"<p>En repetidas ocasiones, Rep\u00fablica Dominicana ha recibido cr\u00edticas en las que se le califica como una naci\u00f3n racista y xen\u00f3foba. Precisamente, esa fue la raz\u00f3n por la que el periodista Rafael N\u00fa\u00f1ez decidi\u00f3 realizar una investigaci\u00f3n profunda que dio como resultado el libro \"Santo Domingo: G\u00e9nesis y ruptura de dos naciones\". La obra fue puesta [&hellip;]<\/p>\n","protected":false},"author":1,"featured_media":22922,"comment_status":"open","ping_status":"open","sticky":false,"template":"","format":"standard","meta":{"amp_status":"","footnotes":""},"categories":[9],"tags":[],"class_list":["post-23329","post","type-post","status-publish","format-standard","has-post-thumbnail","hentry","category-espectaculo"],"_links":{"self":[{"href":"https:\/\/ermdigital.com\/index.php?rest_route=\/wp\/v2\/posts\/23329","targetHints":{"allow":["GET"]}}],"collection":[{"href":"https:\/\/ermdigital.com\/index.php?rest_route=\/wp\/v2\/posts"}],"about":[{"href":"https:\/\/ermdigital.com\/index.php?rest_route=\/wp\/v2\/types\/post"}],"author":[{"embeddable":true,"href":"https:\/\/ermdigital.com\/index.php?rest_route=\/wp\/v2\/users\/1"}],"replies":[{"embeddable":true,"href":"https:\/\/ermdigital.com\/index.php?rest_route=%2Fwp%2Fv2%2Fcomments&post=23329"}],"version-history":[{"count":0,"href":"https:\/\/ermdigital.com\/index.php?rest_route=\/wp\/v2\/posts\/23329\/revisions"}],"wp:featuredmedia":[{"embeddable":true,"href":"https:\/\/ermdigital.com\/index.php?rest_route=\/wp\/v2\/media\/22922"}],"wp:attachment":[{"href":"https:\/\/ermdigital.com\/index.php?rest_route=%2Fwp%2Fv2%2Fmedia&parent=23329"}],"wp:term":[{"taxonomy":"category","embeddable":true,"href":"https:\/\/ermdigital.com\/index.php?rest_route=%2Fwp%2Fv2%2Fcategories&post=23329"},{"taxonomy":"post_tag","embeddable":true,"href":"https:\/\/ermdigital.com\/index.php?rest_route=%2Fwp%2Fv2%2Ftags&post=23329"}],"curies":[{"name":"wp","href":"https:\/\/api.w.org\/{rel}","templated":true}]}}