{"id":23257,"date":"2026-04-23T16:09:00","date_gmt":"2026-04-23T20:09:00","guid":{"rendered":"https:\/\/ermdigital.com\/index.php\/2026\/04\/23\/la-fil-mexicana-celebra-sus-40-anos-con-una-lectura-de-pedro-paramo\/"},"modified":"2026-04-23T16:09:00","modified_gmt":"2026-04-23T20:09:00","slug":"la-fil-mexicana-celebra-sus-40-anos-con-una-lectura-de-pedro-paramo","status":"publish","type":"post","link":"https:\/\/ermdigital.com\/?p=23257","title":{"rendered":"La FIL mexicana celebra sus 40 a\u00f1os con una lectura de \"Pedro P\u00e1ramo\""},"content":{"rendered":"<p>La ciudad mexicana de <strong>Guadalajara<\/strong> (oeste) se llen\u00f3 de los \u201cmurmullos\u201d y los paisajes desolados del libro \"<strong>Pedro P\u00e1ramo\"<\/strong>, en una <strong>lectura masiva<\/strong> en el marco del <strong>D\u00eda Mundial del Libro<\/strong>, que se celebra este jueves y a prop\u00f3sito del 40 aniversario de la Feria Internacional del Libro (<strong>FIL<\/strong>) de <strong>Guadalajara<\/strong>.\u00a0 \u00a0<\/p>\n<p>La directora de la feria, reconocida como la m\u00e1s importante de habla hispana, <strong>Marisol Schulz<\/strong>, <strong>anunci\u00f3<\/strong> que este ser\u00e1 el inicio de una serie de actividades que ser\u00e1n realizadas en los pr\u00f3ximos meses para recordar al autor originario del sur de Jalisco y considerado uno de los m\u00e1ximos exponentes de la literatura latinoamericana.<\/p>\n<p>\u201cLa jornada de hoy marca el arranque de los festejos por los 40 a\u00f1os de la <strong>FIL<\/strong> <strong>Guadalajara<\/strong>, as\u00ed como el homenaje que realizaremos para recordar a Juan Rulfo a cuatro d\u00e9cadas de su fallecimiento. <\/p>\n<ul>\n<li>\u2018<strong>Pedro P\u00e1ramo<\/strong>\u2019, es una novela fundamental para la lengua espa\u00f1ola, as\u00ed como una pieza clave de nuestra identidad\u201d como mexicanos, se\u00f1al\u00f3.\u00a0<\/li>\n<\/ul>\n<p><strong>Cientos de personas<\/strong> se reunieron en la <strong>explanada universitaria<\/strong> en el centro de <strong>Guadalajara<\/strong>, con la intenci\u00f3n de tomar un turno y poner su voz a la <strong>novela de Rulfo<\/strong> ambientada en el M\u00e9xico rural.<\/p>\n<div class=\"w-full pt-2 float-left inside-related\">    <span class=\"border-b border-black pb-3 mb-4 block\"><strong>RELACIONADAS<\/strong><\/span>                <\/p>\n<article class=\"flex flex-wrap border-b pb-4 mb-3 inline-block\">\n<div class=\"xl:w-2\/12 w-4\/12\">\n<figure class=\"mb-0\">                                                    <a href=\"https:\/\/www.diariolibre.com\/revista\/cultura\/2025\/12\/07\/la-fil-mexicana-supera-record-de-asistencia\/3370405?utm_source=relacionadas&amp;utm_medium=nota&amp;utm_campaign=relacionadas\" title=\"                                                                                                                            \">                                                                <img decoding=\"async\" loading=\"lazy\" src=\"https:\/\/resources.diariolibre.com\/images\/2025\/12\/08\/la-fil-mexicana-supera-record-de-asistencia-79c2fc8b-focus-0-0-149-99.jpg\" width=\"149\" height=\"99\" title=\"La FIL mexicana supera r\u00e9cord de asistencia y despide a Barcelona como invitada de honor\" alt=\"La FIL mexicana supera r\u00e9cord de asistencia y despide a Barcelona como invitada de honor\" class=\"object-cover\">                                                            <\/a>                                            <\/figure>\n<\/p><\/div>\n<div class=\"xl:w-10\/12 w-8\/12 pl-3\">\n<div class=\"text-md mb-2 meta\">                        <a href=\"https:\/\/www.diariolibre.com\/revista\/cultura\" title=\"Cultura\">Cultura<\/a>                    <\/div>\n<h2><a href=\"https:\/\/www.diariolibre.com\/revista\/cultura\/2025\/12\/07\/la-fil-mexicana-supera-record-de-asistencia\/3370405?utm_source=relacionadas&amp;utm_medium=nota&amp;utm_campaign=relacionadas\" title=\"La FIL mexicana supera r\u00e9cord de asistencia y despide a Barcelona como invitada de honor\">La FIL mexicana supera r\u00e9cord de asistencia y despide a Barcelona como invitada de honor<\/a><\/h2>\n<\/p><\/div>\n<\/article><\/div>\n<p><strong>J\u00f3venes y adolescentes<\/strong> se transformaron en personajes de historias como el <strong>Mago de Oz<\/strong>, Harry Potter y Alicia en el pa\u00eds de las maravillas para celebrar la literatura y el placer de leer. A cambio recibieron un ejemplar del libro y una rosa como lo marca la <strong>tradici\u00f3n de San Jordi<\/strong>, en Espa\u00f1a.\u00a0<\/p>\n<p>Entre las lectores y los lectores de la jornada destacaron <strong>Juan Carlos y Pablo Rulfo<\/strong>, as\u00ed como el traductor <strong>Anisuz Zaman<\/strong>, quien ley\u00f3 fragmentos de la obra en el idioma bengal\u00ed.\u00a0<\/p>\n<h2>Impulsar el libro<\/h2>\n<figure class=\"my-12 component infografia\">\n<div class=\"expand-img-placeholder\"><img loading=\"lazy\" decoding=\"async\" src=\"https:\/\/resources.diariolibre.com\/images\/expand.svg\" alt=\"Expandir imagen\" width=\"20\" height=\"20\"><span class=\"rutaimagenoriginal-placeholder\">https:\/\/resources.diariolibre.com\/images\/2026\/04\/24\/6d89843495bffdef9ccf939e4e0dc969dc879b6bw-fa5d4be4.jpg<\/span><\/div>\n<p><img decoding=\"async\" loading=\"lazy\" src=\"https:\/\/resources.diariolibre.com\/images\/2026\/04\/24\/6d89843495bffdef9ccf939e4e0dc969dc879b6bw-fa5d4be4.jpg\" width=\"auto\" height=\"350\" alt=\"Infograf\u00eda\" class=\"mx-auto\"><\/figure>\n<p>La elecci\u00f3n de \u2018<strong>Pedro P\u00e1ramo<\/strong>\u2019 para esta celebraci\u00f3n es el reinicio del v\u00ednculo entre el comit\u00e9 organizador de la <strong>FIL<\/strong> y la familia del narrador, que en 2005 pidi\u00f3 retirar el nombre de Juan Rulfo al premio que ahora es conocido como Premio <strong>FIL<\/strong> de Literatura en Lenguas Romance, afirm\u00f3 a EFE <strong>Juan Carlos Rulfo<\/strong>, hijo del escritor.\u00a0 \u00a0<\/p>\n<p>\"Hay que <strong>renovar las cosas<\/strong> y, sobre todo, ya no se trata necesariamente de Rulfo y la <strong>FIL<\/strong>, sino de Jalisco y la <strong>FIL<\/strong>, y de poder impulsar, a trav\u00e9s del nombre de mi padre, muchas acciones que a\u00fan deben hacerse (&#8230;). Que no se diga: \u2018es que no nos dejan\u2019. No, ya. De acuerdo, hicimos muchas cosas muy radicales, pero ahora se trata de acercarnos\", declar\u00f3.\u00a0<\/p>\n<ul>\n<li>El <strong>conflicto<\/strong> surgi\u00f3 a partir de la inconformidad de <strong>Clara Aparicio<\/strong>, viuda de Rulfo, al giro pol\u00edtico que consider\u00f3 se le hab\u00eda dado al premio en aquel momento y culmin\u00f3 con un distanciamiento con la <strong>FIL<\/strong> por cerca de dos d\u00e9cadas.\u00a0\u00a0<\/li>\n<\/ul>\n<p>Adelant\u00f3 que la <strong>FIL<\/strong> participar\u00e1 por primera vez en el <strong>Festival Rulfiano de las Artes<\/strong>, que la familia realiza cada a\u00f1o en mayo para conmemorar el natalicio del autor.\u00a0<\/p>\n<p>La feria llevar\u00e1 un <strong>espacio de lectura<\/strong> p\u00fablica, as\u00ed como <strong>actividades culturales<\/strong> y recreativas para quienes asistan al festival que es realizado en <strong>Sayula<\/strong>, pueblo natal de Rulfo, as\u00ed como en otros municipios de Jalisco relacionados con su vida y su obra.<\/p>\n<p>\u200bLa ciudad mexicana de Guadalajara (oeste) se llen\u00f3 de los \u201cmurmullos\u201d y los paisajes desolados del libro \"Pedro P\u00e1ramo\", en una lectura masiva en el marco del D\u00eda Mundial del Libro, que se celebra este jueves y a prop\u00f3sito del 40 aniversario de la Feria Internacional del Libro (FIL) de Guadalajara.\u00a0 \u00a0La directora de la feria, reconocida como la m\u00e1s importante de habla hispana, Marisol Schulz, anunci\u00f3 que este ser\u00e1 el inicio de una serie de actividades que ser\u00e1n realizadas en los pr\u00f3ximos meses para recordar al autor originario del sur de Jalisco y considerado uno de los m\u00e1ximos exponentes de la literatura latinoamericana.\u201cLa jornada de hoy marca el arranque de los festejos por los 40 a\u00f1os de la FIL Guadalajara, as\u00ed como el homenaje que realizaremos para recordar a Juan Rulfo a cuatro d\u00e9cadas de su fallecimiento.     \u2018Pedro P\u00e1ramo\u2019, es una novela fundamental para la lengua espa\u00f1ola, as\u00ed como una pieza clave de nuestra identidad\u201d como mexicanos, se\u00f1al\u00f3.\u00a0Cientos de personas se reunieron en la explanada universitaria en el centro de Guadalajara, con la intenci\u00f3n de tomar un turno y poner su voz a la novela de Rulfo ambientada en el M\u00e9xico rural.    RELACIONADAS                                                                                                                                                                                                                                                                                                                                                            Cultura                                        La FIL mexicana supera r\u00e9cord de asistencia y despide a Barcelona como invitada de honor                                    J\u00f3venes y adolescentes se transformaron en personajes de historias como el Mago de Oz, Harry Potter y Alicia en el pa\u00eds de las maravillas para celebrar la literatura y el placer de leer. A cambio recibieron un ejemplar del libro y una rosa como lo marca la tradici\u00f3n de San Jordi, en Espa\u00f1a.\u00a0Entre las lectores y los lectores de la jornada destacaron Juan Carlos y Pablo Rulfo, as\u00ed como el traductor Anisuz Zaman, quien ley\u00f3 fragmentos de la obra en el idioma bengal\u00ed.\u00a0Impulsar el librohttps:\/\/resources.diariolibre.com\/images\/2026\/04\/24\/6d89843495bffdef9ccf939e4e0dc969dc879b6bw-fa5d4be4.jpgLa elecci\u00f3n de \u2018Pedro P\u00e1ramo\u2019 para esta celebraci\u00f3n es el reinicio del v\u00ednculo entre el comit\u00e9 organizador de la FIL y la familia del narrador, que en 2005 pidi\u00f3 retirar el nombre de Juan Rulfo al premio que ahora es conocido como Premio FIL de Literatura en Lenguas Romance, afirm\u00f3 a EFE Juan Carlos Rulfo, hijo del escritor.\u00a0 \u00a0\"Hay que renovar las cosas y, sobre todo, ya no se trata necesariamente de Rulfo y la FIL, sino de Jalisco y la FIL, y de poder impulsar, a trav\u00e9s del nombre de mi padre, muchas acciones que a\u00fan deben hacerse (&#8230;). Que no se diga: \u2018es que no nos dejan\u2019. No, ya. De acuerdo, hicimos muchas cosas muy radicales, pero ahora se trata de acercarnos\", declar\u00f3.\u00a0    El conflicto surgi\u00f3 a partir de la inconformidad de Clara Aparicio, viuda de Rulfo, al giro pol\u00edtico que consider\u00f3 se le hab\u00eda dado al premio en aquel momento y culmin\u00f3 con un distanciamiento con la FIL por cerca de dos d\u00e9cadas.\u00a0\u00a0Adelant\u00f3 que la FIL participar\u00e1 por primera vez en el Festival Rulfiano de las Artes, que la familia realiza cada a\u00f1o en mayo para conmemorar el natalicio del autor.\u00a0La feria llevar\u00e1 un espacio de lectura p\u00fablica, as\u00ed como actividades culturales y recreativas para quienes asistan al festival que es realizado en Sayula, pueblo natal de Rulfo, as\u00ed como en otros municipios de Jalisco relacionados con su vida y su obra.\u00a0\u00a0Revista, Cultura, EFE, M\u00e9xico, Lectura, D\u00eda del Libro, Pedro P\u00e1ramo, La FIL mexicana\u00a0<\/p>\n","protected":false},"excerpt":{"rendered":"<p>La ciudad mexicana de Guadalajara (oeste) se llen\u00f3 de los \u201cmurmullos\u201d y los paisajes desolados del libro \"Pedro P\u00e1ramo\", en una lectura masiva en el marco del D\u00eda Mundial del Libro, que se celebra este jueves y a prop\u00f3sito del 40 aniversario de la Feria Internacional del Libro (FIL) de Guadalajara.\u00a0 \u00a0 La directora de [&hellip;]<\/p>\n","protected":false},"author":1,"featured_media":22901,"comment_status":"open","ping_status":"open","sticky":false,"template":"","format":"standard","meta":{"amp_status":"","footnotes":""},"categories":[9],"tags":[],"class_list":["post-23257","post","type-post","status-publish","format-standard","has-post-thumbnail","hentry","category-espectaculo"],"_links":{"self":[{"href":"https:\/\/ermdigital.com\/index.php?rest_route=\/wp\/v2\/posts\/23257","targetHints":{"allow":["GET"]}}],"collection":[{"href":"https:\/\/ermdigital.com\/index.php?rest_route=\/wp\/v2\/posts"}],"about":[{"href":"https:\/\/ermdigital.com\/index.php?rest_route=\/wp\/v2\/types\/post"}],"author":[{"embeddable":true,"href":"https:\/\/ermdigital.com\/index.php?rest_route=\/wp\/v2\/users\/1"}],"replies":[{"embeddable":true,"href":"https:\/\/ermdigital.com\/index.php?rest_route=%2Fwp%2Fv2%2Fcomments&post=23257"}],"version-history":[{"count":0,"href":"https:\/\/ermdigital.com\/index.php?rest_route=\/wp\/v2\/posts\/23257\/revisions"}],"wp:featuredmedia":[{"embeddable":true,"href":"https:\/\/ermdigital.com\/index.php?rest_route=\/wp\/v2\/media\/22901"}],"wp:attachment":[{"href":"https:\/\/ermdigital.com\/index.php?rest_route=%2Fwp%2Fv2%2Fmedia&parent=23257"}],"wp:term":[{"taxonomy":"category","embeddable":true,"href":"https:\/\/ermdigital.com\/index.php?rest_route=%2Fwp%2Fv2%2Fcategories&post=23257"},{"taxonomy":"post_tag","embeddable":true,"href":"https:\/\/ermdigital.com\/index.php?rest_route=%2Fwp%2Fv2%2Ftags&post=23257"}],"curies":[{"name":"wp","href":"https:\/\/api.w.org\/{rel}","templated":true}]}}