{"id":23044,"date":"2026-04-23T13:45:00","date_gmt":"2026-04-23T17:45:00","guid":{"rendered":"https:\/\/ermdigital.com\/index.php\/2026\/04\/23\/draco-rosa-lanza-nuevo-disco-olas-de-luz\/"},"modified":"2026-04-23T13:45:00","modified_gmt":"2026-04-23T17:45:00","slug":"draco-rosa-lanza-nuevo-disco-olas-de-luz","status":"publish","type":"post","link":"https:\/\/ermdigital.com\/?p=23044","title":{"rendered":"Draco Rosa lanza nuevo disco, \"Olas de luz\""},"content":{"rendered":"<p>El ic\u00f3nico artista <strong>Draco Rosa<\/strong> <strong>estrena<\/strong> este viernes \u201c<strong>Olas de luz<\/strong>\u201d, su nuevo \u00e1lbum de estudio que emerge desde lo m\u00e1s crudo del pulso humano para convertirse en refugio, en fuego, en susurro.<\/p>\n<p>El <strong>cantautor puertorrique\u00f1o<\/strong>, uno de los arquitectos del <strong>pop latino moderno<\/strong>, comparti\u00f3 los detalles de esta nueva <strong>producci\u00f3n<\/strong> discogr\u00e1fica en una entrevista concedida a <em>Diario Libre<\/em> desde <strong>Puerto Rico<\/strong>.<\/p>\n<p>El mismo <strong>Draco<\/strong> que a finales de los ochenta irrumpi\u00f3 como Ricky Martin en Menudo, que luego se reinvent\u00f3 en solitario con discos como <em>Vagabundo<\/em>, <em>Extra\u00f1o<\/em> y <em><strong>Amor<\/strong> secreto<\/em>, que gan\u00f3 <strong>Grammys<\/strong> y Latin <strong>Grammys<\/strong>, que batall\u00f3 contra el linfoma y lo venci\u00f3 con la misma terquedad con que defiende su <strong>m\u00fasica<\/strong>, este viernes llega <strong>12 canciones<\/strong> que no siguen rutas, las rompen.<\/p>\n<p>De la mano de este lanzamiento, <strong>Draco<\/strong> tambi\u00e9n <strong>estrena<\/strong> el <strong>video<\/strong> de su sencillo <em><strong>Carro de heno<\/strong><\/em>, dirigido por Redamo Rosa y filmado en el <strong>Viejo San Juan<\/strong> de <strong>Puerto Rico<\/strong> y las Dunas Imperiales de California.<\/p>\n<h2>Una traves\u00eda musical<\/h2>\n<p>\u201c<strong>Olas de luz<\/strong>\u201d es una traves\u00eda donde el <strong>amor desaf\u00eda<\/strong> el tiempo y el espacio, donde los recuerdos respiran y las conexiones se vuelven destino. Vi\u00f1edos antiguos, cielos en llamas al atardecer, sombras que seducen como eternas historias nocturnas. Todo vive dentro de este <strong>paisaje sonoro<\/strong> profundamente cinematogr\u00e1fico.<\/p>\n<p>Y todo <strong>comenz\u00f3<\/strong> aqu\u00ed, en <strong>Santo Domingo<\/strong>.<\/p>\n<figure class=\"inline-block\">\n<div class=\"expand-img-placeholder\"><img loading=\"lazy\" decoding=\"async\" src=\"https:\/\/resources.diariolibre.com\/images\/expand.svg\" alt=\"Expandir imagen\" width=\"20\" height=\"20\"><span class=\"rutaimagenoriginal-placeholder\">https:\/\/resources.diariolibre.com\/images\/2026\/04\/23\/screen-shot-2026-04-23-at-41750-pm-598f088e.png<\/span><\/div>\n<p><img decoding=\"async\" loading=\"lazy\" src=\"https:\/\/resources.diariolibre.com\/images\/2026\/04\/23\/screen-shot-2026-04-23-at-41750-pm-598f088e.png\" width=\"auto\" height=\"350\" alt=\"Infograf\u00eda\" class=\"mx-auto\"><figcaption><span>Elcantautor puertorrique\u00f1o Draco Rosa.<\/span><span> (<strong>@OVECK<\/strong>)<\/span><\/figcaption><\/figure>\n<h2>\u00bfC\u00f3mo define esta <strong>producci\u00f3n<\/strong> con la que nos sorprende?<\/h2>\n<p>Ya hemos lanzado dos <strong>canciones<\/strong> y el <strong>24 de abril<\/strong> sale el proyecto completo. Es una pieza que nace con el tiempo, porque para m\u00ed la <strong>m\u00fasica<\/strong> no es tanto para entenderla, sino para sentirla. <\/p>\n<p>Mi <strong>camino personal<\/strong> ha estado marcado por experiencias que luego intento traducir en <strong>canciones<\/strong>, y en este caso me llev\u00f3 a crear <em data-start=\"369\" data-end=\"382\"><strong>Olas de luz<\/strong><\/em>.<\/p>\n<p>Todo <strong>comenz\u00f3<\/strong> en <strong>Rep\u00fablica Dominicana<\/strong>. Viaj\u00e9 con mi compa\u00f1era y empezamos en la <strong>Zona Colonial<\/strong>, donde vivimos momentos muy especiales. <\/p>\n<p>Fue un viaje inolvidable, que luego continu\u00f3 hacia la <strong>Costa Brava<\/strong>, en <strong>Espa\u00f1a<\/strong>, llegando casi hasta Girona, cerca de Francia. Desde all\u00ed fuimos recorriendo distintos lugares, haciendo varias paradas, qued\u00e1ndonos incluso en un <strong>antiguo vi\u00f1edo<\/strong>, en espacios que parec\u00edan de otra \u00e9poca.<\/p>\n<p>Fue una experiencia profundamente rom\u00e1ntica, rodeada de <strong>naturaleza<\/strong>, con caminatas largas y <strong>paisajes espectaculares<\/strong>. Hicimos muchas actividades al aire libre: montamos a caballo, anduvimos en bicicleta, jugamos, exploramos. <\/p>\n<p>Tambi\u00e9n visitamos <strong>Montserrat<\/strong>, su <strong>monasterio<\/strong>, y desde all\u00ed continuamos el recorrido hasta regresar y finalmente bajar hacia <strong>Madrid<\/strong>. Todo ese trayecto, cargado de vivencias y emociones, es lo que le da forma a este proyecto.<\/p>\n<h2>Significa que fue un <strong>proceso creativo<\/strong> bastante extenso el que tuvo para hacer este nuevo \u00e1lbum, \u00bfverdad?<\/h2>\n<p> S\u00ed. He estado muchas veces en esos lugares, pero lo que cambi\u00f3 ahora fue mi momento de vida, mi <strong>edad<\/strong> y todo lo que he <strong>vivido<\/strong>. <\/p>\n<p>En este viaje hubo algo distinto: mi pareja me regal\u00f3 un <strong>cuaderno especial<\/strong> antes de salir. Era una libreta gruesa, blanca, que terminamos <strong>pintando de negro<\/strong>, y se convirti\u00f3 en el <strong>punto de partida<\/strong> de <em data-start=\"446\" data-end=\"459\"><strong>Olas de luz<\/strong><\/em>.<\/p>\n<p>Durante el viaje la llev\u00e9, por ejemplo, al <strong>Museo del Prado<\/strong>, a ver algunas de mis obras favoritas: las <strong>pinturas negras<\/strong> de Goya, piezas de <strong>El Bosco<\/strong>\u2026 Fue muy diferente a otras veces, cuando iba m\u00e1s joven, incluso a beber vino con <strong>amigos<\/strong>. <\/p>\n<p>Esta vez fui con el <strong>cuaderno en mano<\/strong>, <strong>anotando<\/strong> todo, recordando mis viajes y tambi\u00e9n comparti\u00e9ndolos con ella.<\/p>\n<p>Escrib\u00ed tanto que, al regresar a <strong>Puerto Rico<\/strong>, entr\u00e9 en un <strong>proceso creativo<\/strong> muy intenso, trabajando varias semanas de <strong>madrugada<\/strong>, y de ah\u00ed <strong>comenz\u00f3<\/strong> a tomar forma el \u00e1lbum. <\/p>\n<p><strong>Canciones<\/strong> como <em data-start=\"997\" data-end=\"1011\"><strong>Llama eterna<\/strong><\/em>, que siento casi como una <strong>oraci\u00f3n<\/strong>, o <em data-start=\"1049\" data-end=\"1067\"><strong>Colores del ayer<\/strong><\/em>, que nace de ese romance que vivimos -aunque nos hospedamos en Salamanca, pas\u00e1bamos mucho tiempo en Chueca-, reflejan directamente esas experiencias.<\/p>\n<div class=\"social-embed mb-4\">\n<blockquote class=\"instagram-media\" data-instgrm-captioned=\"\" data-instgrm-permalink=\"https:\/\/www.instagram.com\/reel\/DWWK5GqiFo7\/?utm_source=ig_embed&amp;utm_campaign=loading\" data-instgrm-version=\"14\">\n<div> <a href=\"https:\/\/www.instagram.com\/reel\/DWWK5GqiFo7\/?utm_source=ig_embed&amp;utm_campaign=loading\" target=\"_blank\" title=\"       Ver esta publicaci\u00f3n en Instagram            \" rel=\"nofollow noopener noreferrer\"> <\/p>\n<div>\n<div><\/div>\n<div>\n<div><\/div>\n<div><\/div>\n<\/div>\n<\/div>\n<div><\/div>\n<div><\/div>\n<div>\n<div>Ver esta publicaci\u00f3n en Instagram<\/div>\n<\/div>\n<div><\/div>\n<div>\n<div>\n<div><\/div>\n<div><\/div>\n<div><\/div>\n<\/div>\n<div>\n<div><\/div>\n<div><\/div>\n<\/div>\n<div>\n<div><\/div>\n<div><\/div>\n<div><\/div>\n<\/div>\n<\/div>\n<div>\n<div><\/div>\n<div><\/div>\n<\/div>\n<p><\/a><\/p>\n<p><a href=\"https:\/\/www.instagram.com\/reel\/DWWK5GqiFo7\/?utm_source=ig_embed&amp;utm_campaign=loading\" target=\"_blank\" title=\"Una publicaci\u00f3n compartida de Draco Rosa (@dracorosa)\" rel=\"nofollow noopener noreferrer\">Una publicaci\u00f3n compartida de Draco Rosa (@dracorosa)<\/a><\/p>\n<\/div>\n<\/blockquote>\n<div class=\"lazyload\" data-script=\"https:\/\/www.instagram.com\/embed.js\"><\/div>\n<\/div>\n<p>Tambi\u00e9n hubo momentos muy humanos que marcaron el <strong>disco<\/strong>. En las afueras de Barcelona conocimos a <strong>do\u00f1a Marta<\/strong>, y compartimos una historia muy emotiva que me toc\u00f3 profundamente; yo estaba en el jard\u00edn, otra vez, <strong>escribiendo<\/strong>. <\/p>\n<p>De ah\u00ed surge <em data-start=\"1456\" data-end=\"1480\"><strong>Gracias por un d\u00eda m\u00e1s<\/strong><\/em>. Luego, ya en <strong>Puerto Rico<\/strong>, me reencontr\u00e9 con <strong>amigos<\/strong> que atravesaban situaciones similares, y todo eso me llev\u00f3 a seguir <strong>escribiendo<\/strong>.<\/p>\n<p><em data-start=\"1617\" data-end=\"1630\"><strong>Costa Brava<\/strong><\/em> habla mucho de la <strong>familia<\/strong>, un <strong>valor<\/strong> en el que creo profundamente y que siento que se ha ido perdiendo. Yo quer\u00eda celebrarlo.<\/p>\n<p>En definitiva, es un <strong>disco<\/strong> de <strong>amor<\/strong>, de espiritualidad y de <strong>familia<\/strong>, pero tambi\u00e9n con cierta <strong>melancol\u00eda<\/strong>, con esas \u201cteclas negras del piano\u201d que le dan profundidad.<\/p>\n<h2>Maestro, \u00bfeste \u00e1lbum est\u00e1 disponible tambi\u00e9n en <strong>vinilo<\/strong>?<\/h2>\n<p>S\u00ed, est\u00e1 disponible en todas las <strong>plataformas digitales<\/strong>, creo que inclusive en <strong>CD<\/strong> y en <strong>vinilo<\/strong>. Quer\u00eda hacer cassette, pero me dijeron que no se puede ahora. La vieja guardia.<\/p>\n<h2>En estas <strong>12 canciones<\/strong> que conforman la <strong>producci\u00f3n<\/strong>, \u00bfc\u00f3mo se proyecta en los pr\u00f3ximos meses en t\u00e9rminos de posicionamiento y promoci\u00f3n? \u00bfExiste la posibilidad de verlo en <strong>Rep\u00fablica Dominicana<\/strong> en alg\u00fan show?<\/h2>\n<p>En lo <strong>personal<\/strong>, voy a estar en <strong>Rep\u00fablica Dominicana<\/strong> en <strong>mayo<\/strong>, del 17 al 25, principalmente para compartir con la <strong>familia<\/strong>. En cuanto a presentaciones, ojal\u00e1 podamos concretar algo m\u00e1s adelante, posiblemente ya para el 2027.<\/p>\n<h2>Con el adelanto que ha compartido de esta <strong>producci\u00f3n<\/strong>, \u00bfc\u00f3mo ha recibido la <strong>retroalimentaci\u00f3n<\/strong> del <strong>p\u00fablico<\/strong>?<\/h2>\n<p>La siento positiva, aunque realmente lo sabremos mejor cuando salga completo el d\u00eda 24. Para m\u00ed, la <strong>m\u00fasica<\/strong> est\u00e1 hecha para <strong>sentirse<\/strong> y <strong>disfrutarse<\/strong>: si te gusta, la escuchas; si no, sigues adelante. <\/p>\n<p>Yo creo en hacer <strong>m\u00fasica<\/strong> para quienes realmente la aman, m\u00e1s all\u00e1 del <strong>ruido<\/strong> o del \u201ccirco\u201d que a veces rodea la <strong>industria<\/strong>. Invito a escuchar con los ojos cerrados y, si hay conexi\u00f3n, entonces todo cobra sentido.<\/p>\n<p>En lo <strong>personal<\/strong>, estoy fascinado con el <strong>resultado<\/strong>: con los <strong>m\u00fasicos<\/strong>, las <strong>canciones<\/strong> y el <strong>mensaje<\/strong>, que siento que es bello y aporta algo positivo. <\/p>\n<p>Este <strong>disco<\/strong>, a diferencia de trabajos anteriores, nace de una experiencia profundamente vivida -un recorrido que <strong>comenz\u00f3<\/strong> en <strong>Rep\u00fablica Dominicana<\/strong>, pas\u00f3 por <strong>Espa\u00f1a<\/strong> y regres\u00f3 a <strong>Puerto Rico<\/strong>-, por lo que es mucho m\u00e1s \u00edntimo y aut\u00e9ntico.<\/p>\n<p>Al final, el <strong>p\u00fablico<\/strong> es quien <strong>decide<\/strong>. Siempre hago <strong>m\u00fasica<\/strong> desde un lugar muy <strong>personal<\/strong>, porque primero tengo que conectar yo con lo que creo. <\/p>\n<p>Pero la mayor <strong>aspiraci\u00f3n<\/strong> es que esas <strong>canciones<\/strong> dejen de ser m\u00edas y pasen a ser de todos. Para m\u00ed, este trabajo es una <strong>joya<\/strong>; ahora queda en manos de quienes lo escuchen.<\/p>\n<div class=\"my-12 component web-insert relative border bg-component\">    <span class=\"text-xl block my-3 component-title glosa\"><strong><b>\u00bfQu\u00e9 le gusta de Santo Domingo a Draco Rosa?<\/b><\/strong><\/span>    <\/p>\n<p class=\"insert-subtitle\">\n<p>\"La Zona Colonial me fascina. Para m\u00ed es un lugar m\u00e1gico: all\u00ed me r\u00edo, descanso bien, como bien\u2026 tiene algo especial. Cada vez que regreso a Puerto Rico me pregunto por qu\u00e9 no vivo en un lugar como el Viejo San Juan. \u00daltimamente, incluso, he tenido esa conversaci\u00f3n con mi pareja, porque compartimos ese amor por lo antiguo, por ese romanticismo del pasado.\u00a0<\/p>\n<p>Me gusta la modernidad, claro, pero hay algo en esos espacios hist\u00f3ricos que despierta una creatividad distinta. No es solo la Zona Colonial, sino todo lo que rodea esa experiencia: descubrir lugares \u00fanicos, casi de otra \u00e9poca, donde de repente est\u00e1s en un entorno que parece un castillo, con detalles inesperados, y eso te inspira.\u00a0<\/p>\n<p>Adem\u00e1s, el trato de la gente es muy especial. Te reconocen, recuerdan tu nombre, te hacen sentir en familia cada vez que vuelves, y eso lo vuelve a\u00fan m\u00e1s significativo.\u00a0<\/p>\n<p>En lo personal, estoy en un momento muy bonito de mi vida. He encontrado una compa\u00f1era de viaje que es pura alegr\u00eda, y eso me ha dado una nueva perspectiva. Estoy agradecido con la vida, con Dios, por esa oportunidad de reconectar con la luz.\u00a0<\/p>\n<p>Musicalmente, siempre he tenido una inclinaci\u00f3n hacia la melancol\u00eda, hacia esas \u201cteclas negras del piano\u201d. Pero ahora, con el tiempo, he logrado encontrar un balance: mantener esa profundidad, pero tambi\u00e9n integrar la belleza, la narrativa y esa fragancia del pasado. Es un momento muy interesante para m\u00ed como artista, porque siento que, despu\u00e9s de tantos a\u00f1os, estoy llegando a un punto de equilibrio \u00fanico\".<\/p>\n<\/div>\n<div class=\"read-more mb-7\">    <span class=\"block mb-2\">Leer m\u00e1s<\/span>    <\/p>\n<ul class=\"glosa\">\n<li>\n<h3><a href=\"https:\/\/www.diariolibre.com\/revista\/musica\/2024\/11\/18\/anuncio-de-la-gira-de-draco-rosa\/2915754?utm_source=relacionadas&amp;utm_medium=nota&amp;utm_campaign=relacionadas\" title=\"Draco Rosa anuncia la gira Sue\u00f1os peligrosos tour 2025\">Draco Rosa anuncia la gira \"Sue\u00f1os peligrosos tour 2025&#8243;<\/a><\/h3>\n<\/li>\n<li>\n<h3><a href=\"https:\/\/www.diariolibre.com\/revista\/musica\/2024\/06\/26\/draco-rosa-un-disco-con-canciones-que-han-acompanado-en-su-vida\/2768178?utm_source=relacionadas&amp;utm_medium=nota&amp;utm_campaign=relacionadas\" title=\"Draco Rosa comparte su sentimiento de gratitud en \u201cReflejos de lo eterno\u201d\">Draco Rosa comparte su sentimiento de gratitud en \u201cReflejos de lo eterno\u201d<\/a><\/h3>\n<\/li>\n<\/ul>\n<\/div>\n<p>\u200bEl ic\u00f3nico artista Draco Rosa estrena este viernes \u201cOlas de luz\u201d, su nuevo \u00e1lbum de estudio que emerge desde lo m\u00e1s crudo del pulso humano para convertirse en refugio, en fuego, en susurro.El cantautor puertorrique\u00f1o, uno de los arquitectos del pop latino moderno, comparti\u00f3 los detalles de esta nueva producci\u00f3n discogr\u00e1fica en una entrevista concedida a Diario Libre desde Puerto Rico.El mismo Draco que a finales de los ochenta irrumpi\u00f3 como Ricky Martin en Menudo, que luego se reinvent\u00f3 en solitario con discos como Vagabundo, Extra\u00f1o y Amor secreto, que gan\u00f3 Grammys y Latin Grammys, que batall\u00f3 contra el linfoma y lo venci\u00f3 con la misma terquedad con que defiende su m\u00fasica, este viernes llega 12 canciones que no siguen rutas, las rompen.De la mano de este lanzamiento, Draco tambi\u00e9n estrena el video de su sencillo Carro de heno, dirigido por Redamo Rosa y filmado en el Viejo San Juan de Puerto Rico y las Dunas Imperiales de California.Una traves\u00eda musical\u201cOlas de luz\u201d es una traves\u00eda donde el amor desaf\u00eda el tiempo y el espacio, donde los recuerdos respiran y las conexiones se vuelven destino. Vi\u00f1edos antiguos, cielos en llamas al atardecer, sombras que seducen como eternas historias nocturnas. Todo vive dentro de este paisaje sonoro profundamente cinematogr\u00e1fico.Y todo comenz\u00f3 aqu\u00ed, en Santo Domingo.https:\/\/resources.diariolibre.com\/images\/2026\/04\/23\/screen-shot-2026-04-23-at-41750-pm-598f088e.pngElcantautor puertorrique\u00f1o Draco Rosa. (@OVECK)\u00bfC\u00f3mo define esta producci\u00f3n con la que nos sorprende?Ya hemos lanzado dos canciones y el 24 de abril sale el proyecto completo. Es una pieza que nace con el tiempo, porque para m\u00ed la m\u00fasica no es tanto para entenderla, sino para sentirla. Mi camino personal ha estado marcado por experiencias que luego intento traducir en canciones, y en este caso me llev\u00f3 a crear Olas de luz.Todo comenz\u00f3 en Rep\u00fablica Dominicana. Viaj\u00e9 con mi compa\u00f1era y empezamos en la Zona Colonial, donde vivimos momentos muy especiales. Fue un viaje inolvidable, que luego continu\u00f3 hacia la Costa Brava, en Espa\u00f1a, llegando casi hasta Girona, cerca de Francia. Desde all\u00ed fuimos recorriendo distintos lugares, haciendo varias paradas, qued\u00e1ndonos incluso en un antiguo vi\u00f1edo, en espacios que parec\u00edan de otra \u00e9poca.Fue una experiencia profundamente rom\u00e1ntica, rodeada de naturaleza, con caminatas largas y paisajes espectaculares. Hicimos muchas actividades al aire libre: montamos a caballo, anduvimos en bicicleta, jugamos, exploramos. Tambi\u00e9n visitamos Montserrat, su monasterio, y desde all\u00ed continuamos el recorrido hasta regresar y finalmente bajar hacia Madrid. Todo ese trayecto, cargado de vivencias y emociones, es lo que le da forma a este proyecto.Significa que fue un proceso creativo bastante extenso el que tuvo para hacer este nuevo \u00e1lbum, \u00bfverdad? S\u00ed. He estado muchas veces en esos lugares, pero lo que cambi\u00f3 ahora fue mi momento de vida, mi edad y todo lo que he vivido. En este viaje hubo algo distinto: mi pareja me regal\u00f3 un cuaderno especial antes de salir. Era una libreta gruesa, blanca, que terminamos pintando de negro, y se convirti\u00f3 en el punto de partida de Olas de luz.Durante el viaje la llev\u00e9, por ejemplo, al Museo del Prado, a ver algunas de mis obras favoritas: las pinturas negras de Goya, piezas de El Bosco\u2026 Fue muy diferente a otras veces, cuando iba m\u00e1s joven, incluso a beber vino con amigos. Esta vez fui con el cuaderno en mano, anotando todo, recordando mis viajes y tambi\u00e9n comparti\u00e9ndolos con ella.Escrib\u00ed tanto que, al regresar a Puerto Rico, entr\u00e9 en un proceso creativo muy intenso, trabajando varias semanas de madrugada, y de ah\u00ed comenz\u00f3 a tomar forma el \u00e1lbum. Canciones como Llama eterna, que siento casi como una oraci\u00f3n, o Colores del ayer, que nace de ese romance que vivimos -aunque nos hospedamos en Salamanca, pas\u00e1bamos mucho tiempo en Chueca-, reflejan directamente esas experiencias.        Ver esta publicaci\u00f3n en Instagram            Una publicaci\u00f3n compartida de Draco Rosa (@dracorosa) Tambi\u00e9n hubo momentos muy humanos que marcaron el disco. En las afueras de Barcelona conocimos a do\u00f1a Marta, y compartimos una historia muy emotiva que me toc\u00f3 profundamente; yo estaba en el jard\u00edn, otra vez, escribiendo. De ah\u00ed surge Gracias por un d\u00eda m\u00e1s. Luego, ya en Puerto Rico, me reencontr\u00e9 con amigos que atravesaban situaciones similares, y todo eso me llev\u00f3 a seguir escribiendo.Costa Brava habla mucho de la familia, un valor en el que creo profundamente y que siento que se ha ido perdiendo. Yo quer\u00eda celebrarlo.En definitiva, es un disco de amor, de espiritualidad y de familia, pero tambi\u00e9n con cierta melancol\u00eda, con esas \u201cteclas negras del piano\u201d que le dan profundidad.Maestro, \u00bfeste \u00e1lbum est\u00e1 disponible tambi\u00e9n en vinilo?S\u00ed, est\u00e1 disponible en todas las plataformas digitales, creo que inclusive en CD y en vinilo. Quer\u00eda hacer cassette, pero me dijeron que no se puede ahora. La vieja guardia.En estas 12 canciones que conforman la producci\u00f3n, \u00bfc\u00f3mo se proyecta en los pr\u00f3ximos meses en t\u00e9rminos de posicionamiento y promoci\u00f3n? \u00bfExiste la posibilidad de verlo en Rep\u00fablica Dominicana en alg\u00fan show?En lo personal, voy a estar en Rep\u00fablica Dominicana en mayo, del 17 al 25, principalmente para compartir con la familia. En cuanto a presentaciones, ojal\u00e1 podamos concretar algo m\u00e1s adelante, posiblemente ya para el 2027.Con el adelanto que ha compartido de esta producci\u00f3n, \u00bfc\u00f3mo ha recibido la retroalimentaci\u00f3n del p\u00fablico?La siento positiva, aunque realmente lo sabremos mejor cuando salga completo el d\u00eda 24. Para m\u00ed, la m\u00fasica est\u00e1 hecha para sentirse y disfrutarse: si te gusta, la escuchas; si no, sigues adelante. Yo creo en hacer m\u00fasica para quienes realmente la aman, m\u00e1s all\u00e1 del ruido o del \u201ccirco\u201d que a veces rodea la industria. Invito a escuchar con los ojos cerrados y, si hay conexi\u00f3n, entonces todo cobra sentido.En lo personal, estoy fascinado con el resultado: con los m\u00fasicos, las canciones y el mensaje, que siento que es bello y aporta algo positivo. Este disco, a diferencia de trabajos anteriores, nace de una experiencia profundamente vivida -un recorrido que comenz\u00f3 en Rep\u00fablica Dominicana, pas\u00f3 por Espa\u00f1a y regres\u00f3 a Puerto Rico-, por lo que es mucho m\u00e1s \u00edntimo y aut\u00e9ntico.Al final, el p\u00fablico es quien decide. Siempre hago m\u00fasica desde un lugar muy personal, porque primero tengo que conectar yo con lo que creo. Pero la mayor aspiraci\u00f3n es que esas canciones dejen de ser m\u00edas y pasen a ser de todos. Para m\u00ed, este trabajo es una joya; ahora queda en manos de quienes lo escuchen.    \u00bfQu\u00e9 le gusta de Santo Domingo a Draco Rosa?        \"La Zona Colonial me fascina. Para m\u00ed es un lugar m\u00e1gico: all\u00ed me r\u00edo, descanso bien, como bien\u2026 tiene algo especial. Cada vez que regreso a Puerto Rico me pregunto por qu\u00e9 no vivo en un lugar como el Viejo San Juan. \u00daltimamente, incluso, he tenido esa conversaci\u00f3n con mi pareja, porque compartimos ese amor por lo antiguo, por ese romanticismo del pasado.\u00a0Me gusta la modernidad, claro, pero hay algo en esos espacios hist\u00f3ricos que despierta una creatividad distinta. No es solo la Zona Colonial, sino todo lo que rodea esa experiencia: descubrir lugares \u00fanicos, casi de otra \u00e9poca, donde de repente est\u00e1s en un entorno que parece un castillo, con detalles inesperados, y eso te inspira.\u00a0Adem\u00e1s, el trato de la gente es muy especial. Te reconocen, recuerdan tu nombre, te hacen sentir en familia cada vez que vuelves, y eso lo vuelve a\u00fan m\u00e1s significativo.\u00a0En lo personal, estoy en un momento muy bonito de mi vida. He encontrado una compa\u00f1era de viaje que es pura alegr\u00eda, y eso me ha dado una nueva perspectiva. Estoy agradecido con la vida, con Dios, por esa oportunidad de reconectar con la luz.\u00a0Musicalmente, siempre he tenido una inclinaci\u00f3n hacia la melancol\u00eda, hacia esas \u201cteclas negras del piano\u201d. Pero ahora, con el tiempo, he logrado encontrar un balance: mantener esa profundidad, pero tambi\u00e9n integrar la belleza, la narrativa y esa fragancia del pasado. Es un momento muy interesante para m\u00ed como artista, porque siento que, despu\u00e9s de tantos a\u00f1os, estoy llegando a un punto de equilibrio \u00fanico\".    Leer m\u00e1s                            Draco Rosa anuncia la gira \"Sue\u00f1os peligrosos tour 2025&#8243;                            Draco Rosa comparte su sentimiento de gratitud en \u201cReflejos de lo eterno\u201d\u00a0\u00a0Revista, M\u00fasica, Severo Rivera, Santo Domingo, Producci\u00f3n discogr\u00e1fica, Nuevo Disco, cantautor, Draco Rosa, Pop latino, Olas de luz\u00a0<\/p>\n","protected":false},"excerpt":{"rendered":"<p>El ic\u00f3nico artista Draco Rosa estrena este viernes \u201cOlas de luz\u201d, su nuevo \u00e1lbum de estudio que emerge desde lo m\u00e1s crudo del pulso humano para convertirse en refugio, en fuego, en susurro. El cantautor puertorrique\u00f1o, uno de los arquitectos del pop latino moderno, comparti\u00f3 los detalles de esta nueva producci\u00f3n discogr\u00e1fica en una entrevista [&hellip;]<\/p>\n","protected":false},"author":1,"featured_media":22808,"comment_status":"open","ping_status":"open","sticky":false,"template":"","format":"standard","meta":{"amp_status":"","footnotes":""},"categories":[9],"tags":[],"class_list":["post-23044","post","type-post","status-publish","format-standard","has-post-thumbnail","hentry","category-espectaculo"],"_links":{"self":[{"href":"https:\/\/ermdigital.com\/index.php?rest_route=\/wp\/v2\/posts\/23044","targetHints":{"allow":["GET"]}}],"collection":[{"href":"https:\/\/ermdigital.com\/index.php?rest_route=\/wp\/v2\/posts"}],"about":[{"href":"https:\/\/ermdigital.com\/index.php?rest_route=\/wp\/v2\/types\/post"}],"author":[{"embeddable":true,"href":"https:\/\/ermdigital.com\/index.php?rest_route=\/wp\/v2\/users\/1"}],"replies":[{"embeddable":true,"href":"https:\/\/ermdigital.com\/index.php?rest_route=%2Fwp%2Fv2%2Fcomments&post=23044"}],"version-history":[{"count":0,"href":"https:\/\/ermdigital.com\/index.php?rest_route=\/wp\/v2\/posts\/23044\/revisions"}],"wp:featuredmedia":[{"embeddable":true,"href":"https:\/\/ermdigital.com\/index.php?rest_route=\/wp\/v2\/media\/22808"}],"wp:attachment":[{"href":"https:\/\/ermdigital.com\/index.php?rest_route=%2Fwp%2Fv2%2Fmedia&parent=23044"}],"wp:term":[{"taxonomy":"category","embeddable":true,"href":"https:\/\/ermdigital.com\/index.php?rest_route=%2Fwp%2Fv2%2Fcategories&post=23044"},{"taxonomy":"post_tag","embeddable":true,"href":"https:\/\/ermdigital.com\/index.php?rest_route=%2Fwp%2Fv2%2Ftags&post=23044"}],"curies":[{"name":"wp","href":"https:\/\/api.w.org\/{rel}","templated":true}]}}