{"id":23009,"date":"2026-04-23T08:30:13","date_gmt":"2026-04-23T12:30:13","guid":{"rendered":"https:\/\/ermdigital.com\/index.php\/2026\/04\/23\/rd-aviva-su-auge-turistico-us4000-millones-en-nuevos-proyectos\/"},"modified":"2026-04-23T08:30:13","modified_gmt":"2026-04-23T12:30:13","slug":"rd-aviva-su-auge-turistico-us4000-millones-en-nuevos-proyectos","status":"publish","type":"post","link":"https:\/\/ermdigital.com\/?p=23009","title":{"rendered":"RD aviva su auge tur\u00edstico: US$4,000 millones en nuevos proyectos"},"content":{"rendered":"<p>\u200b<\/p>\n<p>El crecimiento del turismo de <strong>Rep\u00fablica Dominicana<\/strong> contribuye a reforzar un destino diverso que ya trasciende el atractivo del sol y playa como \u00fanica oferta, permitiendo llevar los beneficios a m\u00e1s comunidades, promoviendo un desarrollo m\u00e1s inclusivo.<\/p>\n<p>As\u00ed lo indic\u00f3<strong> Javier Tejada, <\/strong>primer vicepresidente de la Asociaci\u00f3n de Hoteles y Turismo (<strong>Asonahores<\/strong>), quien inform\u00f3 que tras su diversificaci\u00f3n, RD cuenta actualmente con m\u00e1s de US$4,000 millones en proyectos tur\u00edsticos en ejecuci\u00f3n o planificaci\u00f3n.<\/p>\n<p><a href=\"https:\/\/www.arecoa.com\/wp-content\/uploads\/2026\/04\/DSC05632-scaled.jpg\"><img loading=\"lazy\" decoding=\"async\" class=\"alignleft size-full wp-image-215238\" src=\"https:\/\/www.arecoa.com\/wp-content\/uploads\/2026\/04\/DSC05632-scaled.jpg\" alt=\"\" width=\"2560\" height=\"1706\" \/><\/a>Durante la apertura del Dominican Annual Tourism Exchange (<strong>DATE 2026<\/strong>), el ejecutivo explic\u00f3 que los mismos integran sostenibilidad, innovaci\u00f3n y experiencias diferenciadas, y cada uno representa nuevas oportunidades de empleo, inversi\u00f3n y desarrollo local.<\/p>\n<p>Manifest\u00f3 que el turismo dominicano debe avanzar con la misma seriedad con la que ha crecido: \u00abcon un ordenamiento territorial que proteja lo que nos hace \u00fanicos, con una gesti\u00f3n de residuos s\u00f3lidos a la altura de un destino de clase mundial, y con un marco institucional que acompa\u00f1e la sofisticaci\u00f3n creciente de nuestra oferta. La competitividad no se hereda. Se construye cada d\u00eda\u00bb.<\/p>\n<p>\u00abY lo que est\u00e1 sucediendo en este 2026 confirma esa tendencia. Cerramos el primer trimestre con 3,710,374 visitantes, un crecimiento del 10.8% frente al mismo per\u00edodo de 2025 y del 64.1% frente a 2019. Solo en marzo recibimos 1,305,866 visitantes, un nuevo r\u00e9cord mensual. La ocupaci\u00f3n hotelera del trimestre super\u00f3 el 86% y la satisfacci\u00f3n de nuestros visitantes se elev\u00f3 a 4.5 sobre 5\u00bb, detall\u00f3.<\/p>\n<p>El directivo, extern\u00f3 que nada de lo antes mencionado ser\u00eda posible sin una alianza p\u00fablico-privada s\u00f3lida y una visi\u00f3n compartida de desarrollo.<\/p>\n<p>\u00abDesde Asonahores reconocemos el trabajo del Ministerio de Turismo (<strong>Mitur<\/strong>), y en particular el liderazgo del ministro, <strong>David Collado,<\/strong> por su capacidad de ejecuci\u00f3n y visi\u00f3n estrat\u00e9gica de largo plazo. Los resultados que hoy celebramos son, en buena medida, fruto de ese liderazgo y de la disposici\u00f3n permanente al di\u00e1logo con el sector privado\u00bb, indic\u00f3.<\/p>\n<p>En ese sentido, Tejada dijo que por la alianza entre ambos sectores para el crecimiento sostenido del sector, ferias como DATE, que se realiza desde el pasado 22 y se extiende hasta el pr\u00f3ximo 24, robustece la cadena de valor del turismo en la econom\u00eda del pa\u00eds.<\/p>\n<p>\u00abAnte el crecimiento del sector, el DATE es, en definitiva, el reflejo de un sector s\u00f3lido, resiliente y en constante evoluci\u00f3n. Refuerza adem\u00e1s nuestra apuesta por la diversificaci\u00f3n, promoviendo el turismo cultural, de aventura, deportivo y el segmento MICE, con el bjetivo de abrir nuevos mercados emisores y atraer inversi\u00f3n en m\u00faltiples nichos\u00bb, puntualiz\u00f3.<\/p>\n<p>\u00a0<\/p>\n","protected":false},"excerpt":{"rendered":"<p>\u200b El crecimiento del turismo de Rep\u00fablica Dominicana contribuye a reforzar un destino diverso que ya trasciende el atractivo del sol y playa como \u00fanica oferta, permitiendo llevar los beneficios a m\u00e1s comunidades, promoviendo un desarrollo m\u00e1s inclusivo. As\u00ed lo indic\u00f3 Javier Tejada, primer vicepresidente de la Asociaci\u00f3n de Hoteles y Turismo (Asonahores), quien inform\u00f3 [&hellip;]<\/p>\n","protected":false},"author":1,"featured_media":23010,"comment_status":"open","ping_status":"open","sticky":false,"template":"","format":"standard","meta":{"amp_status":"","footnotes":""},"categories":[10],"tags":[],"class_list":["post-23009","post","type-post","status-publish","format-standard","has-post-thumbnail","hentry","category-food-travel"],"_links":{"self":[{"href":"https:\/\/ermdigital.com\/index.php?rest_route=\/wp\/v2\/posts\/23009","targetHints":{"allow":["GET"]}}],"collection":[{"href":"https:\/\/ermdigital.com\/index.php?rest_route=\/wp\/v2\/posts"}],"about":[{"href":"https:\/\/ermdigital.com\/index.php?rest_route=\/wp\/v2\/types\/post"}],"author":[{"embeddable":true,"href":"https:\/\/ermdigital.com\/index.php?rest_route=\/wp\/v2\/users\/1"}],"replies":[{"embeddable":true,"href":"https:\/\/ermdigital.com\/index.php?rest_route=%2Fwp%2Fv2%2Fcomments&post=23009"}],"version-history":[{"count":0,"href":"https:\/\/ermdigital.com\/index.php?rest_route=\/wp\/v2\/posts\/23009\/revisions"}],"wp:featuredmedia":[{"embeddable":true,"href":"https:\/\/ermdigital.com\/index.php?rest_route=\/wp\/v2\/media\/23010"}],"wp:attachment":[{"href":"https:\/\/ermdigital.com\/index.php?rest_route=%2Fwp%2Fv2%2Fmedia&parent=23009"}],"wp:term":[{"taxonomy":"category","embeddable":true,"href":"https:\/\/ermdigital.com\/index.php?rest_route=%2Fwp%2Fv2%2Fcategories&post=23009"},{"taxonomy":"post_tag","embeddable":true,"href":"https:\/\/ermdigital.com\/index.php?rest_route=%2Fwp%2Fv2%2Ftags&post=23009"}],"curies":[{"name":"wp","href":"https:\/\/api.w.org\/{rel}","templated":true}]}}