{"id":23007,"date":"2026-04-23T09:25:51","date_gmt":"2026-04-23T13:25:51","guid":{"rendered":"https:\/\/ermdigital.com\/index.php\/2026\/04\/23\/ita-airways-impulsara-turismo-italiano-con-su-debut-en-santo-domingo\/"},"modified":"2026-04-23T09:25:51","modified_gmt":"2026-04-23T13:25:51","slug":"ita-airways-impulsara-turismo-italiano-con-su-debut-en-santo-domingo","status":"publish","type":"post","link":"https:\/\/ermdigital.com\/?p=23007","title":{"rendered":"ITA Airways impulsar\u00e1 turismo italiano con su debut en Santo Domingo"},"content":{"rendered":"<p>\u200b<\/p>\n<p><strong>ITA Airways<\/strong> inici\u00f3 la comercializaci\u00f3n de su nueva ruta directa entre <strong>Roma Fiumicino<\/strong> y<strong> Santo Domingo<\/strong>, cuya operaci\u00f3n comenzar\u00e1 el 30 de noviembre pr\u00f3ximo. La conexi\u00f3n representa la primera incorporaci\u00f3n de la aerol\u00ednea para la temporada de invierno 2026-2027 y marca su desembarco en el Caribe.<\/p>\n<p><a href=\"https:\/\/www.arecoa.com\/wp-content\/uploads\/2026\/04\/ITA-Airways.jpeg\"><img loading=\"lazy\" decoding=\"async\" class=\"alignleft size-full wp-image-215254\" src=\"https:\/\/www.arecoa.com\/wp-content\/uploads\/2026\/04\/ITA-Airways.jpeg\" alt=\"\" width=\"960\" height=\"690\" \/><\/a>La programaci\u00f3n contar\u00e1 inicialmente con una frecuencia semanal los lunes. A partir del 14 de diciembre, el servicio aumentar\u00e1 a dos vuelos por semana con la adici\u00f3n de los domingos, esquema que se mantendr\u00e1 vigente hasta finales de marzo de 2027. La empresa utilizar\u00e1 aeronaves <strong>Airbus A330neo<\/strong> para este trayecto, las cuales disponen de cabinas Business, Premium Economy y Economy.<\/p>\n<p>El fortalecimiento de la red en las Am\u00e9ricas es un eje central en la expansi\u00f3n de la compa\u00f1\u00eda, que ya opera vuelos hacia<strong> Estados Unidos, Canad\u00e1, Brasil<\/strong> y <strong>Argentina<\/strong>. La aerol\u00ednea busca captar tanto el flujo tur\u00edstico como la demanda de las comunidades de origen italiano en la regi\u00f3n, seg\u00fan detall\u00f3 la firma en su reporte, seg\u00fan Aviacionline.<\/p>\n<p>\u00abCon Santo Domingo reforzamos nuestra presencia en las Am\u00e9ricas y mejoramos nuestra oferta desde y hacia Roma Fiumicino con un nuevo destino muy atractivo\u00bb, se\u00f1al\u00f3 <strong>Emiliana Limosani<\/strong>, chief Commercial, Network &amp; Incentive Management Officer de ITA Airways.<\/p>\n<p>Indic\u00f3 que \u00abesta ruta est\u00e1 dise\u00f1ada para nuestros clientes, quienes podr\u00e1n planificar sus vacaciones de invierno con la comodidad de un vuelo directo y el confort de nuestro Airbus A330neo\u00bb.<\/p>\n<p>La directiva confirm\u00f3 que el enlace forma parte del desarrollo de la red intercontinental, pilar de la estrategia comercial de la empresa.<\/p>\n<p>Los pasajes para el nuevo destino ya se encuentran disponibles en el sitio oficial de la aerol\u00ednea, aplicaciones m\u00f3viles y agencias de viajes. El movimiento sigue al incremento de frecuencias hacia India y Tailandia realizado en agosto pasado, como parte del plan de crecimiento de la flota de largo alcance de la operadora italiana.<\/p>\n<p>\u00a0<\/p>\n","protected":false},"excerpt":{"rendered":"<p>\u200b ITA Airways inici\u00f3 la comercializaci\u00f3n de su nueva ruta directa entre Roma Fiumicino y Santo Domingo, cuya operaci\u00f3n comenzar\u00e1 el 30 de noviembre pr\u00f3ximo. La conexi\u00f3n representa la primera incorporaci\u00f3n de la aerol\u00ednea para la temporada de invierno 2026-2027 y marca su desembarco en el Caribe. La programaci\u00f3n contar\u00e1 inicialmente con una frecuencia semanal [&hellip;]<\/p>\n","protected":false},"author":1,"featured_media":23008,"comment_status":"open","ping_status":"open","sticky":false,"template":"","format":"standard","meta":{"amp_status":"","footnotes":""},"categories":[10],"tags":[],"class_list":["post-23007","post","type-post","status-publish","format-standard","has-post-thumbnail","hentry","category-food-travel"],"_links":{"self":[{"href":"https:\/\/ermdigital.com\/index.php?rest_route=\/wp\/v2\/posts\/23007","targetHints":{"allow":["GET"]}}],"collection":[{"href":"https:\/\/ermdigital.com\/index.php?rest_route=\/wp\/v2\/posts"}],"about":[{"href":"https:\/\/ermdigital.com\/index.php?rest_route=\/wp\/v2\/types\/post"}],"author":[{"embeddable":true,"href":"https:\/\/ermdigital.com\/index.php?rest_route=\/wp\/v2\/users\/1"}],"replies":[{"embeddable":true,"href":"https:\/\/ermdigital.com\/index.php?rest_route=%2Fwp%2Fv2%2Fcomments&post=23007"}],"version-history":[{"count":0,"href":"https:\/\/ermdigital.com\/index.php?rest_route=\/wp\/v2\/posts\/23007\/revisions"}],"wp:featuredmedia":[{"embeddable":true,"href":"https:\/\/ermdigital.com\/index.php?rest_route=\/wp\/v2\/media\/23008"}],"wp:attachment":[{"href":"https:\/\/ermdigital.com\/index.php?rest_route=%2Fwp%2Fv2%2Fmedia&parent=23007"}],"wp:term":[{"taxonomy":"category","embeddable":true,"href":"https:\/\/ermdigital.com\/index.php?rest_route=%2Fwp%2Fv2%2Fcategories&post=23007"},{"taxonomy":"post_tag","embeddable":true,"href":"https:\/\/ermdigital.com\/index.php?rest_route=%2Fwp%2Fv2%2Ftags&post=23007"}],"curies":[{"name":"wp","href":"https:\/\/api.w.org\/{rel}","templated":true}]}}