{"id":23004,"date":"2026-04-23T11:10:35","date_gmt":"2026-04-23T15:10:35","guid":{"rendered":"https:\/\/ermdigital.com\/index.php\/2026\/04\/23\/asi-describio-rainieri-el-caos-inmobiliario-que-afecta-a-la-region-este\/"},"modified":"2026-04-23T11:10:35","modified_gmt":"2026-04-23T15:10:35","slug":"asi-describio-rainieri-el-caos-inmobiliario-que-afecta-a-la-region-este","status":"publish","type":"post","link":"https:\/\/ermdigital.com\/?p=23004","title":{"rendered":"As\u00ed describi\u00f3 Rainieri el caos inmobiliario que afecta a la regi\u00f3n Este"},"content":{"rendered":"<p>\u200b<\/p>\n<p class=\"relacionadosSingle\">Temas relacionados: <b><a href=\"https:\/\/www.arecoa.com\/tag\/asonahores\/\" rel=\"tag\">Asonahores<\/a>, <a href=\"https:\/\/www.arecoa.com\/tag\/bavaro-punta-cana\/\" rel=\"tag\">B\u00e1varo-Punta Cana<\/a>, <a href=\"https:\/\/www.arecoa.com\/tag\/cabarete\/\" rel=\"tag\">Cabarete<\/a>, <a href=\"https:\/\/www.arecoa.com\/tag\/date-2026\/\" rel=\"tag\">DATE 2026<\/a>, <a href=\"https:\/\/www.arecoa.com\/tag\/frank-rainieri\/\" rel=\"tag\">Frank Rainieri<\/a>, <a href=\"https:\/\/www.arecoa.com\/tag\/puerto-plata\/\" rel=\"tag\">Puerto Plata<\/a>, <a href=\"https:\/\/www.arecoa.com\/tag\/samana\/\" rel=\"tag\">Saman\u00e1<\/a><\/b><\/p>\n<p><small>23 abril, 2026<\/small><a href=\"https:\/\/www.arecoa.com\/videos\/2026\/04\/23\/asi-describio-rainieri-el-caos-inmobiliario-que-afecta-a-la-region-este\/#comments\"><br \/>\n    <img decoding=\"async\" src=\"https:\/\/www.arecoa.com\/wp-content\/themes\/arecoa\/images\/comment.png\" alt=\"image\" style=\"text-align: absmiddle\" \/> 1 comentario\t\t<\/a><\/p>\n<div class=\"post content\">\n<p>El empresario tur\u00edstico,\u00a0<strong>Frank Rainieri,<\/strong> fue en\u00e9rgico al afirmar que al Gobierno dominicano le ha faltado \u201ccoraje\u201d para enfrentar el desorden en el desarrollo inmobiliario y el crecimiento sin planificaci\u00f3n en los principales polos tur\u00edsticos del pa\u00eds, especialmente en <strong>B\u00e1varo\u2013Punta Cana<\/strong>.<\/p>\n<p>As\u00ed lo describi\u00f3 durante (<strong>DATE 2026<\/strong>) de\u00a0<strong>Asonahores<\/strong>, que se lleva a cabo desde el pasado 22 y hasta el 24 de abril, en el <strong>Barcel\u00f3 Convention Center<\/strong>.<\/p>\n<p><iframe loading=\"lazy\" width=\"500\" height=\"281\" src=\"https:\/\/www.youtube.com\/embed\/GIJ_Ef_zUIM?feature=oembed\" frameborder=\"0\" allowfullscreen=\"allowfullscreen\"> <\/iframe><\/div>\n<hr class=\"noCss\" \/>\u00a0<\/p>\n","protected":false},"excerpt":{"rendered":"<p>\u200b Temas relacionados: Asonahores, B\u00e1varo-Punta Cana, Cabarete, DATE 2026, Frank Rainieri, Puerto Plata, Saman\u00e1 23 abril, 2026 1 comentario El empresario tur\u00edstico,\u00a0Frank Rainieri, fue en\u00e9rgico al afirmar que al Gobierno dominicano le ha faltado \u201ccoraje\u201d para enfrentar el desorden en el desarrollo inmobiliario y el crecimiento sin planificaci\u00f3n en los principales polos tur\u00edsticos del pa\u00eds, [&hellip;]<\/p>\n","protected":false},"author":1,"featured_media":0,"comment_status":"open","ping_status":"open","sticky":false,"template":"","format":"standard","meta":{"amp_status":"","footnotes":""},"categories":[10],"tags":[],"class_list":["post-23004","post","type-post","status-publish","format-standard","hentry","category-food-travel"],"_links":{"self":[{"href":"https:\/\/ermdigital.com\/index.php?rest_route=\/wp\/v2\/posts\/23004","targetHints":{"allow":["GET"]}}],"collection":[{"href":"https:\/\/ermdigital.com\/index.php?rest_route=\/wp\/v2\/posts"}],"about":[{"href":"https:\/\/ermdigital.com\/index.php?rest_route=\/wp\/v2\/types\/post"}],"author":[{"embeddable":true,"href":"https:\/\/ermdigital.com\/index.php?rest_route=\/wp\/v2\/users\/1"}],"replies":[{"embeddable":true,"href":"https:\/\/ermdigital.com\/index.php?rest_route=%2Fwp%2Fv2%2Fcomments&post=23004"}],"version-history":[{"count":0,"href":"https:\/\/ermdigital.com\/index.php?rest_route=\/wp\/v2\/posts\/23004\/revisions"}],"wp:attachment":[{"href":"https:\/\/ermdigital.com\/index.php?rest_route=%2Fwp%2Fv2%2Fmedia&parent=23004"}],"wp:term":[{"taxonomy":"category","embeddable":true,"href":"https:\/\/ermdigital.com\/index.php?rest_route=%2Fwp%2Fv2%2Fcategories&post=23004"},{"taxonomy":"post_tag","embeddable":true,"href":"https:\/\/ermdigital.com\/index.php?rest_route=%2Fwp%2Fv2%2Ftags&post=23004"}],"curies":[{"name":"wp","href":"https:\/\/api.w.org\/{rel}","templated":true}]}}